{"id":17,"date":"2003-12-11T16:18:00","date_gmt":"2003-12-11T15:18:00","guid":{"rendered":"https:\/\/www.vorspeisenplatte.de\/rezepte\/quarkfein.htm"},"modified":"2009-01-03T10:30:31","modified_gmt":"2009-01-03T09:30:31","slug":"quarkfein","status":"publish","type":"post","link":"https:\/\/www.vorspeisenplatte.de\/rezepte\/quarkfein.htm","title":{"rendered":"Quarkfein"},"content":{"rendered":"<p><img BORDER=0 SRC=\"https:\/\/www.vorspeisenplatte.de\/archives_rezepte\/QuarkfeinErdbeer.jpg\" ALT=\"QuarkfeinErdbeer (16k image)\" HEIGHT=145 WIDTH=89\/><\/p>\n<p>Allein f\u00fcr diesen hinrei\u00dfend altmodischen Produktnamen muss man <i>Quarkfein<\/i> von Dr. Oetker lieben. Ginge heute gar nicht mehr.<\/p>\n<p>Nein, normalerweise verwende ich keine Fertigprodukte. Das hier ist eine der gro\u00dfen Ausnahmen. Pulver in Milch r\u00fchren, Quark untermischen. Das Ergebnis schmeckt kaum mehr nach Quark, sondern wie eine lecker milchig-s\u00e4uerliche Konditoren-Creme.<\/p>\n<p>Leider gibt es keine <a href=\"http:\/\/www.oetker.de\/cgi-bin\/wrapper.pl?content=80256881006AD98C\/ContentByKey\/ADMN-4GZKJ8-DE-p\" target=_new>Info<\/a>, seit wann <i>Quarkfein<\/i> existiert, aber ich bilde mir ein, dass ich damit aufgewachsen bin.<\/p>\n","protected":false},"excerpt":{"rendered":"<p>Allein f\u00fcr diesen hinrei\u00dfend altmodischen Produktnamen muss man Quarkfein von Dr. Oetker lieben. Ginge heute gar nicht mehr. Nein, normalerweise verwende ich keine Fertigprodukte. Das hier ist eine der gro\u00dfen Ausnahmen. Pulver in Milch r\u00fchren, Quark untermischen. Das Ergebnis schmeckt kaum mehr nach Quark, sondern wie eine lecker milchig-s\u00e4uerliche Konditoren-Creme. Leider gibt es keine Info, [&hellip;]<\/p>\n","protected":false},"author":2,"featured_media":0,"comment_status":"open","ping_status":"closed","sticky":false,"template":"","format":"standard","meta":{"footnotes":""},"categories":[16,1,13],"tags":[],"class_list":["post-17","post","type-post","status-publish","format-standard","hentry","category-dessert","category-general","category-suesses"],"_links":{"self":[{"href":"https:\/\/www.vorspeisenplatte.de\/rezepte\/wp-json\/wp\/v2\/posts\/17","targetHints":{"allow":["GET"]}}],"collection":[{"href":"https:\/\/www.vorspeisenplatte.de\/rezepte\/wp-json\/wp\/v2\/posts"}],"about":[{"href":"https:\/\/www.vorspeisenplatte.de\/rezepte\/wp-json\/wp\/v2\/types\/post"}],"author":[{"embeddable":true,"href":"https:\/\/www.vorspeisenplatte.de\/rezepte\/wp-json\/wp\/v2\/users\/2"}],"replies":[{"embeddable":true,"href":"https:\/\/www.vorspeisenplatte.de\/rezepte\/wp-json\/wp\/v2\/comments?post=17"}],"version-history":[{"count":0,"href":"https:\/\/www.vorspeisenplatte.de\/rezepte\/wp-json\/wp\/v2\/posts\/17\/revisions"}],"wp:attachment":[{"href":"https:\/\/www.vorspeisenplatte.de\/rezepte\/wp-json\/wp\/v2\/media?parent=17"}],"wp:term":[{"taxonomy":"category","embeddable":true,"href":"https:\/\/www.vorspeisenplatte.de\/rezepte\/wp-json\/wp\/v2\/categories?post=17"},{"taxonomy":"post_tag","embeddable":true,"href":"https:\/\/www.vorspeisenplatte.de\/rezepte\/wp-json\/wp\/v2\/tags?post=17"}],"curies":[{"name":"wp","href":"https:\/\/api.w.org\/{rel}","templated":true}]}}