{"id":422,"date":"2010-05-16T12:33:39","date_gmt":"2010-05-16T11:33:39","guid":{"rendered":"https:\/\/www.vorspeisenplatte.de\/rezepte\/?p=422"},"modified":"2010-05-16T12:33:39","modified_gmt":"2010-05-16T11:33:39","slug":"linzertorte","status":"publish","type":"post","link":"https:\/\/www.vorspeisenplatte.de\/rezepte\/linzertorte.htm","title":{"rendered":"Linzertorte"},"content":{"rendered":"<p><img loading=\"lazy\" decoding=\"async\" src=\"https:\/\/www.vorspeisenplatte.de\/rezepte\/archiv\/100516_Linzerntorte_1.jpg\" alt=\"\" title=\"100516_Linzerntorte_1\" width=\"350\" height=\"467\" class=\"alignnone size-full wp-image-423\" \/><\/p>\n<p>300 gr Mandeln (ungesch\u00e4lt) mahlen. Mit<br \/>\n300 gr Mehl<br \/>\n10 gr Backpulver<br \/>\ngeriebene Schale 1 Bio-Zitrone<br \/>\n1\/2 Teel. Zimt<br \/>\n1 Msp. gemahlene Nelken<br \/>\n2 Msp. Macisbl\u00fcte vermischen.<\/p>\n<p>250 gr Butter (nicht zu kalt) mit<br \/>\n300 gr Puderzucker verkneten. Mandel-Mehlmischung mit<br \/>\n1 Ei<br \/>\n1 Schluck Kirschwasser einkneten. In Klarsichtfolie wickeln und eine Stunde k\u00fchl ruhen lassen. (K\u00fchlschrank ist m\u00f6glicherweise zu kalt &#8211; am ungew\u00f6hnlich frischen 13. Mai 2010 war die Temperatur auf dem Balkon genau richtig.)<\/p>\n<p>Backofen auf 180 Grad Umluft vorheizen.<\/p>\n<p>Eine Springform (Durchmesser 28 cm) buttern. Mit 3\/4 des Teiges auslegen, einen wenige Millimeter hohen Rand formen. Mit<br \/>\n1\/2 Glas Johannisbeermarmelade (ca. 200 gr) ausstreichen. Aus dem restlichen Teig Rollen formen, etwas flachdr\u00fccken , Gitter \u00fcber die Torte legen.<\/p>\n<p>Etwa 30 Minuten backen, f\u00fcr ein dunkleres Ergebnis entsprechend l\u00e4nger.<\/p>\n<p>Vor dem Anschneiden mindestens zwei Tage durchziehen lassen.<\/p>\n<p><img loading=\"lazy\" decoding=\"async\" src=\"https:\/\/www.vorspeisenplatte.de\/rezepte\/archiv\/100516_Linzerntorte_2.jpg\" alt=\"\" title=\"100516_Linzerntorte_2\" width=\"537\" height=\"347\" class=\"alignnone size-full wp-image-424\" \/><\/p>\n","protected":false},"excerpt":{"rendered":"<p>300 gr Mandeln (ungesch\u00e4lt) mahlen. Mit 300 gr Mehl 10 gr Backpulver geriebene Schale 1 Bio-Zitrone 1\/2 Teel. Zimt 1 Msp. gemahlene Nelken 2 Msp. Macisbl\u00fcte vermischen. 250 gr Butter (nicht zu kalt) mit 300 gr Puderzucker verkneten. Mandel-Mehlmischung mit 1 Ei 1 Schluck Kirschwasser einkneten. In Klarsichtfolie wickeln und eine Stunde k\u00fchl ruhen lassen. [&hellip;]<\/p>\n","protected":false},"author":2,"featured_media":0,"comment_status":"open","ping_status":"closed","sticky":false,"template":"","format":"standard","meta":{"footnotes":""},"categories":[8,1,13],"tags":[],"class_list":["post-422","post","type-post","status-publish","format-standard","hentry","category-gebaeck","category-general","category-suesses"],"_links":{"self":[{"href":"https:\/\/www.vorspeisenplatte.de\/rezepte\/wp-json\/wp\/v2\/posts\/422","targetHints":{"allow":["GET"]}}],"collection":[{"href":"https:\/\/www.vorspeisenplatte.de\/rezepte\/wp-json\/wp\/v2\/posts"}],"about":[{"href":"https:\/\/www.vorspeisenplatte.de\/rezepte\/wp-json\/wp\/v2\/types\/post"}],"author":[{"embeddable":true,"href":"https:\/\/www.vorspeisenplatte.de\/rezepte\/wp-json\/wp\/v2\/users\/2"}],"replies":[{"embeddable":true,"href":"https:\/\/www.vorspeisenplatte.de\/rezepte\/wp-json\/wp\/v2\/comments?post=422"}],"version-history":[{"count":0,"href":"https:\/\/www.vorspeisenplatte.de\/rezepte\/wp-json\/wp\/v2\/posts\/422\/revisions"}],"wp:attachment":[{"href":"https:\/\/www.vorspeisenplatte.de\/rezepte\/wp-json\/wp\/v2\/media?parent=422"}],"wp:term":[{"taxonomy":"category","embeddable":true,"href":"https:\/\/www.vorspeisenplatte.de\/rezepte\/wp-json\/wp\/v2\/categories?post=422"},{"taxonomy":"post_tag","embeddable":true,"href":"https:\/\/www.vorspeisenplatte.de\/rezepte\/wp-json\/wp\/v2\/tags?post=422"}],"curies":[{"name":"wp","href":"https:\/\/api.w.org\/{rel}","templated":true}]}}