{"id":100089,"date":"2024-07-31T08:46:22","date_gmt":"2024-07-31T06:46:22","guid":{"rendered":"https:\/\/www.vorspeisenplatte.de\/speisen\/?p=100089"},"modified":"2024-08-30T15:27:09","modified_gmt":"2024-08-30T13:27:09","slug":"journal-dienstag-30-juli-2024-lerchenstart-eulenende","status":"publish","type":"post","link":"https:\/\/www.vorspeisenplatte.de\/speisen\/2024\/07\/journal-dienstag-30-juli-2024-lerchenstart-eulenende.htm","title":{"rendered":"Journal Dienstag, 30. Juli 2024 &#8211; Lerchenstart, Eulenende"},"content":{"rendered":"<p>Nochmal den Wecker auf Ganzfr\u00fch gestellt, um vor der Arbeit an der Isar laufen zu k\u00f6nnen, aus verschiedenen Erw\u00e4gungen der einzig m\u00f6gliche Morgen der Arbeitswoche. Sehr guter und tiefer Nachtschlaf, der Wecker klingelte mich erstmal in die Orientierungslosigkeit.<\/p>\n<p>Ich startete in sehr k\u00fchler Luft, die auch erstmal so k\u00fchl blieb; ich merkte es an meinen klammem Fingern. Beim Laufen hatte ich nicht wirklich leichte Beine, in der zweiten H\u00e4lfte meiner Runde kamen Bauchschmerzen dazu (ich bin eine wandelnde Biogas-Anlage). Meine Fitness l\u00e4sst weiter zu w\u00fcnschen \u00fcbrig, auf Basis weiterer Symptome habe ich beschlossen, dass die Ursache Eisenmangel ist und nehme jetzt mal wieder einen Monat lang Eisentabletten. Aber das Sonnenlicht war wundervoll.<\/p>\n<p><a href=\"https:\/\/www.vorspeisenplatte.de\/speisen\/archiv\/240730_01_Nussbaumpark.jpg\"><img loading=\"lazy\" decoding=\"async\" src=\"https:\/\/www.vorspeisenplatte.de\/speisen\/archiv\/240730_01_Nussbaumpark.jpg\" alt=\"Auf rot-wei\u00dfem Untergrund steht gedruckt &quot;Humor beginnt wo der Spa\u00df aufh\u00f6rt&quot;, im Hintergrund Park\" width=\"393\" height=\"372\" class=\"alignnone size-full wp-image-100100\" \/><\/a><\/p>\n<p>Pop-up-Biergarten im Nu\u00dfbaumpark mit tiefer Weisheit.<\/p>\n<p><a href=\"https:\/\/www.vorspeisenplatte.de\/speisen\/archiv\/240730_02_Wittelsbacherbr.jpg\"><img loading=\"lazy\" decoding=\"async\" src=\"https:\/\/www.vorspeisenplatte.de\/speisen\/archiv\/240730_02_Wittelsbacherbr.jpg\" alt=\"Blick auf einen gegen\u00fcberliegenden Br\u00fcckenrand in Morgensonne, im Hintergrund zwei wei\u00dfe Kraftwerksschlote\" width=\"530\" height=\"374\" class=\"alignnone size-full \" \/><\/a><\/p>\n<p><a href=\"https:\/\/www.vorspeisenplatte.de\/speisen\/archiv\/240730_03_Wittelsbacherbr.jpg\"><img loading=\"lazy\" decoding=\"async\" src=\"https:\/\/www.vorspeisenplatte.de\/speisen\/archiv\/240730_03_Wittelsbacherbr.jpg\" alt=\"Flusslandschaft mit Insel und Kircht\u00fcrmen im Hintergrund, zwischen B\u00e4umen geht die Sonne auf\" width=\"552\" height=\"440\" class=\"alignnone size-full \" \/><\/a><\/p>\n<p><a href=\"https:\/\/www.vorspeisenplatte.de\/speisen\/archiv\/240730_05_Brudermuehlbr.jpg\"><img loading=\"lazy\" decoding=\"async\" src=\"https:\/\/www.vorspeisenplatte.de\/speisen\/archiv\/240730_05_Brudermuehlbr.jpg\" alt=\"Zerrupfte Kr\u00e4he auf Baumstamm vier Br\u00fcckenpfeilern, die bunt bemalt sind\" width=\"305\" height=\"477\" class=\"alignnone size-full wp-image-100103\" \/><\/a><\/p>\n<p>Typische Innenstadt-Lerche.<\/p>\n<p><a href=\"https:\/\/www.vorspeisenplatte.de\/speisen\/archiv\/240730_06_Flaucher.jpg\"><img loading=\"lazy\" decoding=\"async\" src=\"https:\/\/www.vorspeisenplatte.de\/speisen\/archiv\/240730_06_Flaucher.jpg\" alt=\"Flusslandschaft mit Kiesb\u00e4nken und B\u00e4umen in glodenem Morgenlicht mit blauem Himmel\" width=\"575\" height=\"424\" class=\"alignnone size-full\" \/><\/a><\/p>\n<p><a href=\"https:\/\/www.vorspeisenplatte.de\/speisen\/archiv\/240730_08_Flaucher.jpg\"><img loading=\"lazy\" decoding=\"async\" src=\"https:\/\/www.vorspeisenplatte.de\/speisen\/archiv\/240730_08_Flaucher.jpg\" alt=\"Blick auf Fluss von Steg aus gegen die Sonne\" width=\"423\" height=\"564\" class=\"alignnone size-full wp-image-100105\" \/><\/a><\/p>\n<p>Die Isar floss ruhig und heiter.<\/p>\n<p>Daheim flinkes S\u00e4ubern und Fertigmachen, die Hitze-Pr\u00e4vention in der Wohnung konnte ich Herrn Kaltmamsell \u00fcberlassen und seinen Sommerferien. Auf dem Weg in die Arbeit h\u00f6rte ich nochmal Mauerseglerschrillen, aber nur noch wenig.<\/p>\n<p>Gem\u00e4\u00dfigt emsiger Vormittag im B\u00fcro, derzeit pressiert fast nichts au\u00dfer Assistenz-Dingen.<\/p>\n<p>Eine vormitt\u00e4gliche Arbeitsgeselligkeit im letzten Moment dann doch geschw\u00e4nzt wegen vorhersehbarem Redebedarf (nicht meinem). Aber ich ging auf einen Mittagscappuccino hinaus ins Westend, durch einen herrlichen Sommerferientag. Noch war die Sonne ertr\u00e4glich &#8211; was offensichtlich auch meine Coffee Bro&#8217;s fanden und den Sonnenschutz oben lie\u00dfen.<\/p>\n<p><a href=\"https:\/\/www.vorspeisenplatte.de\/speisen\/archiv\/240730_12_Stray.jpg\"><img loading=\"lazy\" decoding=\"async\" src=\"https:\/\/www.vorspeisenplatte.de\/speisen\/archiv\/240730_12_Stray.jpg\" alt=\"Sonnenbeschienene Cappuccino-Tasse auf breitem Fensterbrett, auf dem als Schatten vom Fenster &quot;Stray&quot; steht\" width=\"328\" height=\"484\" class=\"alignnone size-full wp-image-100106\" \/><\/a><\/p>\n<p>Danke f\u00fcr den Schatten-Effekt!<\/p>\n<p><a href=\"https:\/\/www.vorspeisenplatte.de\/speisen\/archiv\/240730_13_Auferstehungskirche.jpg\"><img loading=\"lazy\" decoding=\"async\" src=\"https:\/\/www.vorspeisenplatte.de\/speisen\/archiv\/240730_13_Auferstehungskirche.jpg\" alt=\"Sonnenbeschienene Wohnstra\u00dfe, lienks ein Backstein-Kirchturn. rechts angeschnitten eine Altbau-Fassade, auf Balkonen Sonnenschirme\" width=\"420\" height=\"463\" class=\"alignnone size-full wp-image-100107\" \/><\/a><\/p>\n<p>Westend-Idyll mit Auferstehungskirche.<\/p>\n<p>Sp\u00e4ter gab&#8217;s als Mittagessen H\u00fcttenk\u00e4se, Pfirsich sowie die Aprikosen, die ich am Vortag bei Eataly gekauft hatte: Sensationell! Das ist halt der Unterschied zwischen Gro\u00dfmarkthalle (Standln, Obstladen) und Direkt-Import.<\/p>\n<p>Endlich meinen (bereits gebuchten) Oktoberfestflucht-Urlaub eingereicht &#8211; zuletzt hatte ich bangen m\u00fcssen, ob ich eine Vertretung finden w\u00fcrde.<\/p>\n<p>Das schattige Nord-West-B\u00fcro hatte mich wieder so stark runtergek\u00fchlt, dass ich die jetzt deutliche Sommerhitze auf dem Heimweg zun\u00e4chst genoss und erst auf der zweiten H\u00e4lfte Schatten suchte.<\/p>\n<p>Abends war ich mit Herrn Kaltmamsell auf eine Geburtstags- und Sommerfeier in Neuhausen eingeladen. Herr Kaltmamsell hatte daf\u00fcr einen Pulpo-Salat zubereitet, in der Kaltmamsell&#8217;schen Familientradition und aus der Lameng mit gr\u00fcnen Spitzpaprika, Knoblauch, Petersilie, Kartoffelw\u00fcrfeln, vor allem mit spanischem Rauchpaprika gew\u00fcrzt. Wir f\u00fcllten ihn in eine Keramikschale, die das Geburtstagsgeschenk war.<\/p>\n<p><a href=\"https:\/\/www.vorspeisenplatte.de\/speisen\/archiv\/240730_14_Neuhausen.jpg\"><img loading=\"lazy\" decoding=\"async\" src=\"https:\/\/www.vorspeisenplatte.de\/speisen\/archiv\/240730_14_Neuhausen.jpg\" alt=\"Blick vom Balkon eines Obergescho\u00dfes auf Altbaustra\u00dfe\" width=\"393\" height=\"524\" class=\"alignnone size-full wp-image-100109\" \/><\/a><\/p>\n<p>Festl mit Ausblick vom Balkon, es war ein herrlicher Hochsommerabend. Neben dem Pulpo-Salat holte ich mir vom Buffet Quiche mit Lachs, Quiche mit Gem\u00fcse, belegtes Baguett; ich freute mich an einem Glas Wei\u00dfwein. Entspannte und interessante Gespr\u00e4che mit neuen Bekanntschaften, aktuelle Infos \u00fcber das Leben der Jubilarin, mit einem Wimpernschlag war es schon zehn und ich erinnerte mich daran, dass ich am n\u00e4chsten Tag w\u00fcrde fr\u00fch zur Arbeit aufstehen m\u00fcssen. <\/p>\n<p>Der Weg zur\u00fcck zur U-Bahn war wundervoll in warmen Sommernachtd\u00fcften, die mich trunkener machten als der Wein zuvor. Ganz, ganz seltener Moment der Sehnsucht, die Zeit anzuhalten. (Sonstiger Dauerzustand ist die Sehnsucht nach Zeitspr\u00fcngen vorw\u00e4rts, ach wenn schon Freitag w\u00e4re, ach wenn der August schon vorbei w\u00e4re, ach w\u00e4re ich doch schon 80 etc.) <img loading=\"lazy\" decoding=\"async\" src=\"https:\/\/vg02.met.vgwort.de\/na\/86690e01af80451a8192690d3e7b363e\" width=\"1\" height=\"1\" alt=\"\"\/><\/p>\n","protected":false},"excerpt":{"rendered":"<p>Nochmal den Wecker auf Ganzfr\u00fch gestellt, um vor der Arbeit an der Isar laufen zu k\u00f6nnen, aus verschiedenen Erw\u00e4gungen der einzig m\u00f6gliche Morgen der Arbeitswoche. Sehr guter und tiefer Nachtschlaf, der Wecker klingelte mich erstmal in die Orientierungslosigkeit. Ich startete in sehr k\u00fchler Luft, die auch erstmal so k\u00fchl blieb; ich merkte es an meinen [&hellip;]<\/p>\n","protected":false},"author":2,"featured_media":0,"comment_status":"open","ping_status":"closed","sticky":false,"template":"","format":"standard","meta":{"footnotes":""},"categories":[6,2,1],"tags":[],"class_list":["post-100089","post","type-post","status-publish","format-standard","hentry","category-essen","category-fotos","category-general"],"_links":{"self":[{"href":"https:\/\/www.vorspeisenplatte.de\/speisen\/wp-json\/wp\/v2\/posts\/100089","targetHints":{"allow":["GET"]}}],"collection":[{"href":"https:\/\/www.vorspeisenplatte.de\/speisen\/wp-json\/wp\/v2\/posts"}],"about":[{"href":"https:\/\/www.vorspeisenplatte.de\/speisen\/wp-json\/wp\/v2\/types\/post"}],"author":[{"embeddable":true,"href":"https:\/\/www.vorspeisenplatte.de\/speisen\/wp-json\/wp\/v2\/users\/2"}],"replies":[{"embeddable":true,"href":"https:\/\/www.vorspeisenplatte.de\/speisen\/wp-json\/wp\/v2\/comments?post=100089"}],"version-history":[{"count":3,"href":"https:\/\/www.vorspeisenplatte.de\/speisen\/wp-json\/wp\/v2\/posts\/100089\/revisions"}],"predecessor-version":[{"id":100967,"href":"https:\/\/www.vorspeisenplatte.de\/speisen\/wp-json\/wp\/v2\/posts\/100089\/revisions\/100967"}],"wp:attachment":[{"href":"https:\/\/www.vorspeisenplatte.de\/speisen\/wp-json\/wp\/v2\/media?parent=100089"}],"wp:term":[{"taxonomy":"category","embeddable":true,"href":"https:\/\/www.vorspeisenplatte.de\/speisen\/wp-json\/wp\/v2\/categories?post=100089"},{"taxonomy":"post_tag","embeddable":true,"href":"https:\/\/www.vorspeisenplatte.de\/speisen\/wp-json\/wp\/v2\/tags?post=100089"}],"curies":[{"name":"wp","href":"https:\/\/api.w.org\/{rel}","templated":true}]}}