{"id":100127,"date":"2024-07-31T18:40:17","date_gmt":"2024-07-31T16:40:17","guid":{"rendered":"https:\/\/www.vorspeisenplatte.de\/speisen\/?p=100127"},"modified":"2024-07-31T21:24:24","modified_gmt":"2024-07-31T19:24:24","slug":"liebelings-microblogging-posts-juni-juli-2024","status":"publish","type":"post","link":"https:\/\/www.vorspeisenplatte.de\/speisen\/2024\/07\/liebelings-microblogging-posts-juni-juli-2024.htm","title":{"rendered":"Liebelings-Microblogging-Posts Juni\/Juli 2024"},"content":{"rendered":"<p>Ende Juni war ich durch abwesendes Internet verhindert, jetzt gibt&#8217;s die Doppelausgabe. Zum Verst\u00e4ndnis vielleicht: Im Juni war Europawahl, Sie erinnern sich?<\/p>\n<p>Mittlerweile bin ich fast ausschlie\u00dflich auf Mastodon, dort bekomme ich praktisch alles, was ich von einem Microblogging-Dienst m\u00f6chte.<\/p>\n<p><a href=\"https:\/\/www.vorspeisenplatte.de\/speisen\/archiv\/01_Troetfav-17.jpg\"><img loading=\"lazy\" decoding=\"async\" src=\"https:\/\/www.vorspeisenplatte.de\/speisen\/archiv\/01_Troetfav-17.jpg\" alt=\"\" width=\"557\" height=\"109\" class=\"alignnone size-full wp-image-100129\" \/><\/a><\/p>\n<p><a href=\"https:\/\/www.vorspeisenplatte.de\/speisen\/archiv\/02_Troetfav-17.jpg\"><img loading=\"lazy\" decoding=\"async\" src=\"https:\/\/www.vorspeisenplatte.de\/speisen\/archiv\/02_Troetfav-17.jpg\" alt=\"\" width=\"556\" height=\"157\" class=\"alignnone size-full wp-image-100130\" \/><\/a><\/p>\n<p><a href=\"https:\/\/www.vorspeisenplatte.de\/speisen\/archiv\/03_Troetfav-17.jpg\"><img loading=\"lazy\" decoding=\"async\" src=\"https:\/\/www.vorspeisenplatte.de\/speisen\/archiv\/03_Troetfav-17.jpg\" alt=\"\" width=\"555\" height=\"874\" class=\"alignnone size-full wp-image-100131\" srcset=\"https:\/\/www.vorspeisenplatte.de\/speisen\/archiv\/03_Troetfav-17.jpg 555w, https:\/\/www.vorspeisenplatte.de\/speisen\/archiv\/03_Troetfav-17-381x600.jpg 381w\" sizes=\"auto, (max-width: 555px) 100vw, 555px\" \/><\/a><\/p>\n<p><a href=\"https:\/\/www.vorspeisenplatte.de\/speisen\/archiv\/04_Troetfav-17.jpg\"><img loading=\"lazy\" decoding=\"async\" src=\"https:\/\/www.vorspeisenplatte.de\/speisen\/archiv\/04_Troetfav-17.jpg\" alt=\"\" width=\"558\" height=\"620\" class=\"alignnone size-full wp-image-100132\" srcset=\"https:\/\/www.vorspeisenplatte.de\/speisen\/archiv\/04_Troetfav-17.jpg 558w, https:\/\/www.vorspeisenplatte.de\/speisen\/archiv\/04_Troetfav-17-540x600.jpg 540w\" sizes=\"auto, (max-width: 558px) 100vw, 558px\" \/><\/a><\/p>\n<p><a href=\"https:\/\/www.vorspeisenplatte.de\/speisen\/archiv\/05_Troetfav-17.jpg\"><img loading=\"lazy\" decoding=\"async\" src=\"https:\/\/www.vorspeisenplatte.de\/speisen\/archiv\/05_Troetfav-17.jpg\" alt=\"\" width=\"555\" height=\"109\" class=\"alignnone size-full wp-image-100133\" \/><\/a><\/p>\n<p><a href=\"https:\/\/www.vorspeisenplatte.de\/speisen\/archiv\/06_Troetfav-17.jpg\"><img loading=\"lazy\" decoding=\"async\" src=\"https:\/\/www.vorspeisenplatte.de\/speisen\/archiv\/06_Troetfav-17.jpg\" alt=\"\" width=\"557\" height=\"113\" class=\"alignnone size-full wp-image-100134\" \/><\/a><\/p>\n<p><a href=\"https:\/\/www.vorspeisenplatte.de\/speisen\/archiv\/07_Troetfav-17.jpg\"><img loading=\"lazy\" decoding=\"async\" src=\"https:\/\/www.vorspeisenplatte.de\/speisen\/archiv\/07_Troetfav-17.jpg\" alt=\"\" width=\"556\" height=\"110\" class=\"alignnone size-full wp-image-100135\" \/><\/a><\/p>\n<p><a href=\"https:\/\/www.vorspeisenplatte.de\/speisen\/archiv\/08_Troetfav-16.jpg\"><img loading=\"lazy\" decoding=\"async\" src=\"https:\/\/www.vorspeisenplatte.de\/speisen\/archiv\/08_Troetfav-16.jpg\" alt=\"\" width=\"563\" height=\"533\" class=\"alignnone size-full wp-image-100136\" \/><\/a><\/p>\n<p><a href=\"https:\/\/www.vorspeisenplatte.de\/speisen\/archiv\/09_Troetfav-15.jpg\"><img loading=\"lazy\" decoding=\"async\" src=\"https:\/\/www.vorspeisenplatte.de\/speisen\/archiv\/09_Troetfav-15.jpg\" alt=\"\" width=\"556\" height=\"91\" class=\"alignnone size-full wp-image-100137\" \/><\/a><\/p>\n<p><a href=\"https:\/\/www.vorspeisenplatte.de\/speisen\/archiv\/10_Troetfav-14.jpg\"><img loading=\"lazy\" decoding=\"async\" src=\"https:\/\/www.vorspeisenplatte.de\/speisen\/archiv\/10_Troetfav-14.jpg\" alt=\"\" width=\"554\" height=\"113\" class=\"alignnone size-full wp-image-100138\" \/><\/a><\/p>\n<p><a href=\"https:\/\/www.vorspeisenplatte.de\/speisen\/archiv\/11_Troetfav-13.jpg\"><img loading=\"lazy\" decoding=\"async\" src=\"https:\/\/www.vorspeisenplatte.de\/speisen\/archiv\/11_Troetfav-13.jpg\" alt=\"\" width=\"554\" height=\"93\" class=\"alignnone size-full wp-image-100139\" \/><\/a><\/p>\n<p><a href=\"https:\/\/www.vorspeisenplatte.de\/speisen\/archiv\/12_Troetfav-11.jpg\"><img loading=\"lazy\" decoding=\"async\" src=\"https:\/\/www.vorspeisenplatte.de\/speisen\/archiv\/12_Troetfav-11.jpg\" alt=\"\" width=\"565\" height=\"632\" class=\"alignnone size-full wp-image-100140\" srcset=\"https:\/\/www.vorspeisenplatte.de\/speisen\/archiv\/12_Troetfav-11.jpg 565w, https:\/\/www.vorspeisenplatte.de\/speisen\/archiv\/12_Troetfav-11-536x600.jpg 536w\" sizes=\"auto, (max-width: 565px) 100vw, 565px\" \/><\/a><\/p>\n<p><a href=\"https:\/\/www.vorspeisenplatte.de\/speisen\/archiv\/13_Troetfav-11.jpg\"><img loading=\"lazy\" decoding=\"async\" src=\"https:\/\/www.vorspeisenplatte.de\/speisen\/archiv\/13_Troetfav-11.jpg\" alt=\"\" width=\"558\" height=\"745\" class=\"alignnone size-full wp-image-100141\" srcset=\"https:\/\/www.vorspeisenplatte.de\/speisen\/archiv\/13_Troetfav-11.jpg 558w, https:\/\/www.vorspeisenplatte.de\/speisen\/archiv\/13_Troetfav-11-449x600.jpg 449w\" sizes=\"auto, (max-width: 558px) 100vw, 558px\" \/><\/a><\/p>\n<p><a href=\"https:\/\/www.vorspeisenplatte.de\/speisen\/archiv\/14_Troetfav-10.jpg\"><img loading=\"lazy\" decoding=\"async\" src=\"https:\/\/www.vorspeisenplatte.de\/speisen\/archiv\/14_Troetfav-10.jpg\" alt=\"\" width=\"555\" height=\"131\" class=\"alignnone size-full wp-image-100142\" \/><\/a><\/p>\n<p><a href=\"https:\/\/www.vorspeisenplatte.de\/speisen\/archiv\/15_Troetfav-9.jpg\"><img loading=\"lazy\" decoding=\"async\" src=\"https:\/\/www.vorspeisenplatte.de\/speisen\/archiv\/15_Troetfav-9.jpg\" alt=\"\" width=\"564\" height=\"639\" class=\"alignnone size-full wp-image-100143\" srcset=\"https:\/\/www.vorspeisenplatte.de\/speisen\/archiv\/15_Troetfav-9.jpg 564w, https:\/\/www.vorspeisenplatte.de\/speisen\/archiv\/15_Troetfav-9-530x600.jpg 530w\" sizes=\"auto, (max-width: 564px) 100vw, 564px\" \/><\/a><\/p>\n<p><a href=\"https:\/\/www.vorspeisenplatte.de\/speisen\/archiv\/16_Troetfav-7.jpg\"><img loading=\"lazy\" decoding=\"async\" src=\"https:\/\/www.vorspeisenplatte.de\/speisen\/archiv\/16_Troetfav-7.jpg\" alt=\"\" width=\"552\" height=\"89\" class=\"alignnone size-full wp-image-100144\" \/><\/a><\/p>\n<p><a href=\"https:\/\/www.vorspeisenplatte.de\/speisen\/archiv\/17_Troetfav-7.jpg\"><img loading=\"lazy\" decoding=\"async\" src=\"https:\/\/www.vorspeisenplatte.de\/speisen\/archiv\/17_Troetfav-7.jpg\" alt=\"\" width=\"555\" height=\"176\" class=\"alignnone size-full wp-image-100145\" \/><\/a><\/p>\n<p><a href=\"https:\/\/www.vorspeisenplatte.de\/speisen\/archiv\/18_Troetfav-6.jpg\"><img loading=\"lazy\" decoding=\"async\" src=\"https:\/\/www.vorspeisenplatte.de\/speisen\/archiv\/18_Troetfav-6.jpg\" alt=\"\" width=\"556\" height=\"834\" class=\"alignnone size-full wp-image-100146\" srcset=\"https:\/\/www.vorspeisenplatte.de\/speisen\/archiv\/18_Troetfav-6.jpg 556w, https:\/\/www.vorspeisenplatte.de\/speisen\/archiv\/18_Troetfav-6-400x600.jpg 400w\" sizes=\"auto, (max-width: 556px) 100vw, 556px\" \/><\/a><\/p>\n<p><a href=\"https:\/\/www.vorspeisenplatte.de\/speisen\/archiv\/19_Troetfav-4.jpg\"><img loading=\"lazy\" decoding=\"async\" src=\"https:\/\/www.vorspeisenplatte.de\/speisen\/archiv\/19_Troetfav-4.jpg\" alt=\"\" width=\"557\" height=\"92\" class=\"alignnone size-full wp-image-100147\" \/><\/a><\/p>\n<p><a href=\"https:\/\/www.vorspeisenplatte.de\/speisen\/archiv\/20_Troetfav-2.jpg\"><img loading=\"lazy\" decoding=\"async\" src=\"https:\/\/www.vorspeisenplatte.de\/speisen\/archiv\/20_Troetfav-2.jpg\" alt=\"\" width=\"560\" height=\"728\" class=\"alignnone size-full wp-image-100148\" srcset=\"https:\/\/www.vorspeisenplatte.de\/speisen\/archiv\/20_Troetfav-2.jpg 560w, https:\/\/www.vorspeisenplatte.de\/speisen\/archiv\/20_Troetfav-2-462x600.jpg 462w\" sizes=\"auto, (max-width: 560px) 100vw, 560px\" \/><\/a><\/p>\n<p><a href=\"https:\/\/www.vorspeisenplatte.de\/speisen\/archiv\/21_Troetfav-1.jpg\"><img loading=\"lazy\" decoding=\"async\" src=\"https:\/\/www.vorspeisenplatte.de\/speisen\/archiv\/21_Troetfav-1.jpg\" alt=\"\" width=\"555\" height=\"308\" class=\"alignnone size-full wp-image-100149\" \/><\/a><\/p>\n<p><a href=\"https:\/\/www.vorspeisenplatte.de\/speisen\/archiv\/22_Troetfav-1.jpg\"><img loading=\"lazy\" decoding=\"async\" src=\"https:\/\/www.vorspeisenplatte.de\/speisen\/archiv\/22_Troetfav-1.jpg\" alt=\"\" width=\"557\" height=\"877\" class=\"alignnone size-full wp-image-100150\" srcset=\"https:\/\/www.vorspeisenplatte.de\/speisen\/archiv\/22_Troetfav-1.jpg 557w, https:\/\/www.vorspeisenplatte.de\/speisen\/archiv\/22_Troetfav-1-381x600.jpg 381w\" sizes=\"auto, (max-width: 557px) 100vw, 557px\" \/><\/a><\/p>\n<p><a href=\"https:\/\/www.vorspeisenplatte.de\/speisen\/archiv\/23_Troetfav-1.jpg\"><img loading=\"lazy\" decoding=\"async\" src=\"https:\/\/www.vorspeisenplatte.de\/speisen\/archiv\/23_Troetfav-1.jpg\" alt=\"\" width=\"558\" height=\"114\" class=\"alignnone size-full wp-image-100151\" \/><\/a><\/p>\n<p><a href=\"https:\/\/www.vorspeisenplatte.de\/speisen\/archiv\/24_Troetfav-1.jpg\"><img loading=\"lazy\" decoding=\"async\" src=\"https:\/\/www.vorspeisenplatte.de\/speisen\/archiv\/24_Troetfav-1.jpg\" alt=\"\" width=\"560\" height=\"641\" class=\"alignnone size-full wp-image-100152\" srcset=\"https:\/\/www.vorspeisenplatte.de\/speisen\/archiv\/24_Troetfav-1.jpg 560w, https:\/\/www.vorspeisenplatte.de\/speisen\/archiv\/24_Troetfav-1-524x600.jpg 524w\" sizes=\"auto, (max-width: 560px) 100vw, 560px\" \/><\/a><\/p>\n<p><a href=\"https:\/\/www.vorspeisenplatte.de\/speisen\/archiv\/25_Troetfav-1.jpg\"><img loading=\"lazy\" decoding=\"async\" src=\"https:\/\/www.vorspeisenplatte.de\/speisen\/archiv\/25_Troetfav-1.jpg\" alt=\"\" width=\"557\" height=\"179\" class=\"alignnone size-full wp-image-100153\" \/><\/a><\/p>\n<p>Bluesky f\u00fcllt eine thematische L\u00fccke:<\/p>\n<p><a href=\"https:\/\/www.vorspeisenplatte.de\/speisen\/archiv\/01_Blueskyfav-8.jpg\"><img loading=\"lazy\" decoding=\"async\" src=\"https:\/\/www.vorspeisenplatte.de\/speisen\/archiv\/01_Blueskyfav-8.jpg\" alt=\"\" width=\"578\" height=\"440\" class=\"alignnone size-full wp-image-100154\" \/><\/a><\/p>\n<p>Und ein paar Leuten begegne ich halt nur auf Threads.<\/p>\n<p><a href=\"https:\/\/www.vorspeisenplatte.de\/speisen\/archiv\/1_Threadsfav-1.jpg\"><img loading=\"lazy\" decoding=\"async\" src=\"https:\/\/www.vorspeisenplatte.de\/speisen\/archiv\/1_Threadsfav-1.jpg\" alt=\"\" width=\"605\" height=\"58\" class=\"alignnone size-full wp-image-100155\" srcset=\"https:\/\/www.vorspeisenplatte.de\/speisen\/archiv\/1_Threadsfav-1.jpg 605w, https:\/\/www.vorspeisenplatte.de\/speisen\/archiv\/1_Threadsfav-1-600x58.jpg 600w\" sizes=\"auto, (max-width: 605px) 100vw, 605px\" \/><\/a><\/p>\n<p><a href=\"https:\/\/www.vorspeisenplatte.de\/speisen\/archiv\/2_Threadsfav-1.jpg\"><img loading=\"lazy\" decoding=\"async\" src=\"https:\/\/www.vorspeisenplatte.de\/speisen\/archiv\/2_Threadsfav-1.jpg\" alt=\"\" width=\"606\" height=\"451\" class=\"alignnone size-full wp-image-100156\" srcset=\"https:\/\/www.vorspeisenplatte.de\/speisen\/archiv\/2_Threadsfav-1.jpg 606w, https:\/\/www.vorspeisenplatte.de\/speisen\/archiv\/2_Threadsfav-1-600x447.jpg 600w\" sizes=\"auto, (max-width: 606px) 100vw, 606px\" \/><\/a><\/p>\n<p><a href=\"https:\/\/www.vorspeisenplatte.de\/speisen\/archiv\/3_Threadsfav-1.jpg\"><img loading=\"lazy\" decoding=\"async\" src=\"https:\/\/www.vorspeisenplatte.de\/speisen\/archiv\/3_Threadsfav-1.jpg\" alt=\"\" width=\"508\" height=\"503\" class=\"alignnone size-full wp-image-100157\" srcset=\"https:\/\/www.vorspeisenplatte.de\/speisen\/archiv\/3_Threadsfav-1.jpg 508w, https:\/\/www.vorspeisenplatte.de\/speisen\/archiv\/3_Threadsfav-1-150x150.jpg 150w, https:\/\/www.vorspeisenplatte.de\/speisen\/archiv\/3_Threadsfav-1-144x144.jpg 144w\" sizes=\"auto, (max-width: 508px) 100vw, 508px\" \/><\/a><\/p>\n","protected":false},"excerpt":{"rendered":"<p>Ende Juni war ich durch abwesendes Internet verhindert, jetzt gibt&#8217;s die Doppelausgabe. Zum Verst\u00e4ndnis vielleicht: Im Juni war Europawahl, Sie erinnern sich? Mittlerweile bin ich fast ausschlie\u00dflich auf Mastodon, dort bekomme ich praktisch alles, was ich von einem Microblogging-Dienst m\u00f6chte. Bluesky f\u00fcllt eine thematische L\u00fccke: Und ein paar Leuten begegne ich halt nur auf Threads.<\/p>\n","protected":false},"author":2,"featured_media":0,"comment_status":"open","ping_status":"closed","sticky":false,"template":"","format":"standard","meta":{"footnotes":""},"categories":[1],"tags":[],"class_list":["post-100127","post","type-post","status-publish","format-standard","hentry","category-general"],"_links":{"self":[{"href":"https:\/\/www.vorspeisenplatte.de\/speisen\/wp-json\/wp\/v2\/posts\/100127","targetHints":{"allow":["GET"]}}],"collection":[{"href":"https:\/\/www.vorspeisenplatte.de\/speisen\/wp-json\/wp\/v2\/posts"}],"about":[{"href":"https:\/\/www.vorspeisenplatte.de\/speisen\/wp-json\/wp\/v2\/types\/post"}],"author":[{"embeddable":true,"href":"https:\/\/www.vorspeisenplatte.de\/speisen\/wp-json\/wp\/v2\/users\/2"}],"replies":[{"embeddable":true,"href":"https:\/\/www.vorspeisenplatte.de\/speisen\/wp-json\/wp\/v2\/comments?post=100127"}],"version-history":[{"count":3,"href":"https:\/\/www.vorspeisenplatte.de\/speisen\/wp-json\/wp\/v2\/posts\/100127\/revisions"}],"predecessor-version":[{"id":100166,"href":"https:\/\/www.vorspeisenplatte.de\/speisen\/wp-json\/wp\/v2\/posts\/100127\/revisions\/100166"}],"wp:attachment":[{"href":"https:\/\/www.vorspeisenplatte.de\/speisen\/wp-json\/wp\/v2\/media?parent=100127"}],"wp:term":[{"taxonomy":"category","embeddable":true,"href":"https:\/\/www.vorspeisenplatte.de\/speisen\/wp-json\/wp\/v2\/categories?post=100127"},{"taxonomy":"post_tag","embeddable":true,"href":"https:\/\/www.vorspeisenplatte.de\/speisen\/wp-json\/wp\/v2\/tags?post=100127"}],"curies":[{"name":"wp","href":"https:\/\/api.w.org\/{rel}","templated":true}]}}