{"id":100540,"date":"2024-08-16T08:24:51","date_gmt":"2024-08-16T06:24:51","guid":{"rendered":"https:\/\/www.vorspeisenplatte.de\/speisen\/?p=100540"},"modified":"2024-08-16T08:24:51","modified_gmt":"2024-08-16T06:24:51","slug":"journal-donnerstag-15-august-2024-sonnige-feiertaegliche-augustfarben","status":"publish","type":"post","link":"https:\/\/www.vorspeisenplatte.de\/speisen\/2024\/08\/journal-donnerstag-15-august-2024-sonnige-feiertaegliche-augustfarben.htm","title":{"rendered":"Journal Donnerstag, 15. August 2024 &#8211; Sonnige, feiert\u00e4gliche Augustfarben"},"content":{"rendered":"<p>In den Feiertag ausgeschlafen, zu einem sonnigen und noch wunderbar frischen Sommertag aufgestanden.<\/p>\n<p>Gleichmal eine WhatsApp von den Nifften gesehen: Sie brachen gestern zu dritt mit dem Auto nach Madrid auf, weil es ihnen letztes Jahr so gut gefallen hatte und um die ihnen besonders nahe stehenden Verwandten zu besuchen &#8211; so lange es noch geht.<\/p>\n<p>Ich setzte mich zu meinem Morgenkaffee auf den Balkon, h\u00f6rte einen p\u00f6belnden Eichelh\u00e4her im Nu\u00dfbaumpark &#8211; derzeit immer <a href=\"https:\/\/www.buddenbohm-und-soehne.de\/2024\/08\/14\/der-wutvogel\/\" rel=\"noopener\" target=\"_blank\">in Verbindung mit seiner Beschreibung in Buddenbohms Tierleben<\/a> wahrgenommen.<\/p>\n<p>Wie geplant startete ich fr\u00fch (halb neun) zu meinem Isarlauf, um die Morgenk\u00fchle zu nutzen.<\/p>\n<p><a href=\"https:\/\/www.vorspeisenplatte.de\/speisen\/archiv\/240815_03_Laufkleidung.jpg\"><img loading=\"lazy\" decoding=\"async\" src=\"https:\/\/www.vorspeisenplatte.de\/speisen\/archiv\/240815_03_Laufkleidung.jpg\" alt=\"In einem Wohnungsflur mit wei\u00dfen W\u00e4nden fotografiert sich eine Frau in Laufkleidung mit kurzen Hosen, Kappe und Sonnenbrille in einem hohen Spiegel\" width=\"402\" height=\"352\" class=\"alignnone size-full wp-image-100562\" \/><\/a><\/p>\n<p>Ich radelte zum Friedensengel und lief Isar-abw\u00e4rts. Meine Beine und der Rest des K\u00f6rpers waren leicht, die Luft f\u00fchlte sich wunderbar k\u00fchl an, ich schwelgte berauscht in dem Licht, dem Glitzern des Wassers, dem Gr\u00fcn von B\u00e4umen und Wiese. <a href=\"https:\/\/www.instagram.com\/p\/C-r1uhbMTDu\/\" rel=\"noopener\" target=\"_blank\">Die Fotoreihe Sonne &#8211; Wasser &#8211; Gr\u00fcn habe ich auf instagram ver\u00f6ffentlicht<\/a>, hier nur ein Beispiel:<\/p>\n<p><a href=\"https:\/\/www.vorspeisenplatte.de\/speisen\/archiv\/240815_08_Tivoli.jpg\"><img loading=\"lazy\" decoding=\"async\" src=\"https:\/\/www.vorspeisenplatte.de\/speisen\/archiv\/240815_08_Tivoli.jpg\" alt=\"Sonniger Spazierweg neben B\u00e4umen, durch die rechts das Licht auf den Wellen eines Flusses glitzert\" width=\"602\" height=\"441\" class=\"alignnone size-full \" \/><\/a><\/p>\n<p>Weitere Eindr\u00fccke:<\/p>\n<p><a href=\"https:\/\/www.vorspeisenplatte.de\/speisen\/archiv\/240815_04_Friedensengel.jpg\"><img loading=\"lazy\" decoding=\"async\" src=\"https:\/\/www.vorspeisenplatte.de\/speisen\/archiv\/240815_04_Friedensengel.jpg\" alt=\"Im Gegenlicht von fern der Friedensengel vor blauem Himmel, zwischen B\u00e4umen\" width=\"427\" height=\"498\" class=\"alignnone size-full wp-image-100564\" \/><\/a><\/p>\n<p>Friedensengel &#8211; f\u00fcr mich neben der Bavaria M\u00fcnchens himmlische Besch\u00fctzerin, von zwei Seiten der Innenstadt.<\/p>\n<p><a href=\"https:\/\/www.vorspeisenplatte.de\/speisen\/archiv\/240815_25_StEmmeram.jpg\"><img loading=\"lazy\" decoding=\"async\" src=\"https:\/\/www.vorspeisenplatte.de\/speisen\/archiv\/240815_25_StEmmeram.jpg\" alt=\"Nahaufnahme der modernen Bronzefigur des Heiligen Emerams vor Baum und blauem Himmel\" width=\"333\" height=\"444\" class=\"alignnone size-full wp-image-100565\" \/><\/a><\/p>\n<p>St. Emmeram an der Emmeramsbr\u00fccke.<\/p>\n<p><a href=\"https:\/\/www.vorspeisenplatte.de\/speisen\/archiv\/240815_28_Isarwerkkanal.jpg\"><img loading=\"lazy\" decoding=\"async\" src=\"https:\/\/www.vorspeisenplatte.de\/speisen\/archiv\/240815_28_Isarwerkkanal.jpg\" alt=\"Schlichte gemauerte Br\u00fccke \u00fcber Bach, dahinter B\u00e4ume, dazwischen ein Kirchturm\" width=\"397\" height=\"504\" class=\"alignnone size-full wp-image-100566\" \/><\/a><\/p>\n<p><a href=\"https:\/\/www.vorspeisenplatte.de\/speisen\/archiv\/240815_31_FoehringerWehr.jpg\"><img loading=\"lazy\" decoding=\"async\" src=\"https:\/\/www.vorspeisenplatte.de\/speisen\/archiv\/240815_31_FoehringerWehr.jpg\" alt=\"Fluss mit einem gro\u00dfen Wehr-Geb\u00e4ude in der Sonne, sch\u00e4umendes Wasser\" width=\"423\" height=\"564\" class=\"alignnone size-full wp-image-100567\" \/><\/a><\/p>\n<p>F\u00f6hringer Wehr<\/p>\n<p><a href=\"https:\/\/www.vorspeisenplatte.de\/speisen\/archiv\/240815_33_FoehringerWehr.jpg\"><img loading=\"lazy\" decoding=\"async\" src=\"https:\/\/www.vorspeisenplatte.de\/speisen\/archiv\/240815_33_FoehringerWehr.jpg\" alt=\"Wandbemalung vor dunkelblauem Hintergrund: Igel und Hase mit Tauchermaske unter Wasser schwimmend\" width=\"326\" height=\"438\" class=\"alignnone size-full wp-image-100568\" \/><\/a><\/p>\n<p>Durchgang durch F\u00f6hringer Wehr<\/p>\n<p><a href=\"https:\/\/www.vorspeisenplatte.de\/speisen\/archiv\/240815_38_MaxJosephBr.jpg\"><img loading=\"lazy\" decoding=\"async\" src=\"https:\/\/www.vorspeisenplatte.de\/speisen\/archiv\/240815_38_MaxJosephBr.jpg\" alt=\"Dichte B\u00e4ume und B\u00fcsche in der Sonne, dazwischen an einer Br\u00fccke ein gro\u00dfes gusseisernes Wappen mit dem M\u00fcnchner Kindl\" width=\"467\" height=\"448\" class=\"alignnone size-full wp-image-100569\" \/><\/a><\/p>\n<p>Max-Joseph-Br\u00fccke<\/p>\n<p><a href=\"https:\/\/www.vorspeisenplatte.de\/speisen\/archiv\/240815_41_Luitpoldbr-1.jpg\"><img loading=\"lazy\" decoding=\"async\" src=\"https:\/\/www.vorspeisenplatte.de\/speisen\/archiv\/240815_41_Luitpoldbr-1.jpg\" alt=\"Fu\u00dfg\u00e4ngerunterf\u00fchrung mit viel Streetart, durch die eine Joggerin entgegen l\u00e4uft\" width=\"619\" height=\"336\" class=\"alignnone size-full \" \/><\/a><\/p>\n<p>Unter dem Friedensengel \/ der Luitpoldbr\u00fccke.<\/p>\n<p><a href=\"https:\/\/www.vorspeisenplatte.de\/speisen\/archiv\/240815_43_Luitpoldbr.jpg\"><img loading=\"lazy\" decoding=\"async\" src=\"https:\/\/www.vorspeisenplatte.de\/speisen\/archiv\/240815_43_Luitpoldbr.jpg\" alt=\"Sonnige Parklandschaft, links ein Schild &quot;Rodelberg&quot;\" width=\"504\" height=\"414\" class=\"alignnone size-full \" \/><\/a><\/p>\n<p>Was macht ein Schlittenberg eigentlich im Sommer?<\/p>\n<p>Herrlitsch! Nach 95 Minuten dehnte ich unter den Blicken des Friedensengels gr\u00fcndlich, schlie\u00dflich brauche ich meine k\u00f6rperliche Hard- und Software in den n\u00e4chsten Tagen f\u00fcr weitere ausgiebige Bewegung.<\/p>\n<p>Das fr\u00fche Laufen brachte allerdings meine Nahrungsaufnahme durcheinander: Nach der Dusche hatte ich noch keinen Fr\u00fchst\u00fccksappetit und machte erstmal noch einen Milchkaffee.<\/p>\n<p>L\u00e4ngeres Telefonat mit meiner Mutter, ich erz\u00e4hlte vor allem viele Details der Jahrhundert-Hochzeit, die nicht in die \u00d6ffentlichkeit geh\u00f6ren.<\/p>\n<p>Gegen halb zwei Fr\u00fchst\u00fcck:<\/p>\n<p><a href=\"https:\/\/www.vorspeisenplatte.de\/rezepte\/archiv\/240815_50_Weizenmischbrot.jpg\"><img loading=\"lazy\" decoding=\"async\" src=\"https:\/\/www.vorspeisenplatte.de\/rezepte\/archiv\/240815_50_Weizenmischbrot.jpg\" alt=\"Aufgeschnittener Brotlaib mit mittelgro\u00dfer Porung\" width=\"393\" height=\"486\" class=\"alignnone size-full wp-image-1213\" \/><\/a><\/p>\n<p><a href=\"https:\/\/www.vorspeisenplatte.de\/rezepte\/schnelles-weizenmischbrot-altsauerteigverwertung.htm\" rel=\"noopener\" target=\"_blank\">Mit dem Brot<\/a> war ich sehr zufrieden: Ich hatte aus Gaudi ein paar Essl\u00f6ffel eingeweichten Leinsamenschrot untergeknetet, was den Teig durch die zus\u00e4tzliche Fl\u00fcssigkeit ziemlich weich und schlecht handzuhaben gemacht hatte, doch die Porung wurde so viel besser.<\/p>\n<p>Drau\u00dfen blieb es Hochsommer, allerdings inklusive der tageszeitlichen Hitze, ich bevorzugte also wieder das hitzefreie Drinnen. Dort las ich Zeitung, dann weiter Roman (Colm T\u00f3ib\u00edn, <i>Brooklyn<\/i> nahm nach dem ersten Viertel endlich Fahrt auf), erledigte sogar eine kleine T\u00fcchtigkeit: Wanderstiefel reinigen und einfetten. Scheiterte mit einer weiteren T\u00fcchtigkeit: Mit der jetzt zwingenden Sicherheitsdoppelung des Dienstleisters meiner Handy-Zahlung (angek\u00fcndigter Code per SMS trifft seit Monaten bei keinem Versuch ein), jetzt ist mein Account dort gesperrt, und auf meine Support-Anfragen reagierte niemand. Zefix.<\/p>\n<p>Irgendwann war es Zeit f\u00fcr eine Runde Yoga-Gymnastik &#8211; nicht recht genie\u00dfbar, weil der YouTube-Stream st\u00e4ndig hing und ich ihn manuell anschubsen musste.<\/p>\n<p>Gestern blieb der Abend Gewitter-frei, v\u00f6llig unvorhergesehen. Doch das bedeutete auch: Keine Blitz-Abk\u00fchlung, sondern langsames Sinken der Temperatur. Bei vorerst geschlossenen Fenstern.<\/p>\n<p>Zum Nachtmahl verarbeitete Herr Kaltmamsell Mangold und Fenchel aus Ernteanteil zu einem <a href=\"https:\/\/www.theguardian.com\/food\/2023\/jun\/05\/picnic-pie-greens-parmesan-recipe-rachel-roddy\" rel=\"noopener\" target=\"_blank\">italienischen Picknick Pie<\/a>, dazu gab es einen leichten italienischen Ros\u00e9, gutes Abendessen. Danach Eiscreme: Ich bin der billigen Lidl-Hausmarke-Eiscreme verfallen, Erdbeer-Joghurt schmeckt nach echten Erdbeeren! Dabei habe ich&#8217;s eigentlich gar nicht so mit Speiseeis. Und noch ein bisschen Schokolade.<\/p>\n<p>Beim Zu-Bett-Gehen konnte man Fenster und T\u00fcren bereits \u00f6ffnen, ich freute mich auf ein weiteres Ausschlafen an St. Br\u00fcck.<\/p>\n<p>\u00a7<\/p>\n<p>Seit ein paar Monaten lasse ich mir \u00fcbrigens t\u00e4glich mehrfach das Herz brechen: Ich folge auf Mastodon dem Account <a href=\"https:\/\/mastodon.world\/@auschwitzmuseum\" rel=\"noopener\" target=\"_blank\">@auschwitzmuseum<\/a>, der von den Inhaftierten in Auschwitz erz\u00e4hlt, Mensch f\u00fcr Mensch, meist endend in &#8220;he\/she did not survive&#8221;. <a href=\"https:\/\/mastodon.world\/@auschwitzmuseum\/112965687882391394\" rel=\"noopener\" target=\"_blank\">Gestern zum Beispiel von Czes\u0142awa Kwoka<\/a>, schaun Sie sich nur das G&#8217;sichtl an. Ich trauere um jeden und jede. <img loading=\"lazy\" decoding=\"async\" src=\"https:\/\/vg02.met.vgwort.de\/na\/bd2ef61e644b44b9af6610056ca31735\" width=\"1\" height=\"1\" alt=\"\"\/><\/p>\n","protected":false},"excerpt":{"rendered":"<p>In den Feiertag ausgeschlafen, zu einem sonnigen und noch wunderbar frischen Sommertag aufgestanden. Gleichmal eine WhatsApp von den Nifften gesehen: Sie brachen gestern zu dritt mit dem Auto nach Madrid auf, weil es ihnen letztes Jahr so gut gefallen hatte und um die ihnen besonders nahe stehenden Verwandten zu besuchen &#8211; so lange es noch [&hellip;]<\/p>\n","protected":false},"author":2,"featured_media":0,"comment_status":"open","ping_status":"closed","sticky":false,"template":"","format":"standard","meta":{"footnotes":""},"categories":[6,2,1],"tags":[],"class_list":["post-100540","post","type-post","status-publish","format-standard","hentry","category-essen","category-fotos","category-general"],"_links":{"self":[{"href":"https:\/\/www.vorspeisenplatte.de\/speisen\/wp-json\/wp\/v2\/posts\/100540","targetHints":{"allow":["GET"]}}],"collection":[{"href":"https:\/\/www.vorspeisenplatte.de\/speisen\/wp-json\/wp\/v2\/posts"}],"about":[{"href":"https:\/\/www.vorspeisenplatte.de\/speisen\/wp-json\/wp\/v2\/types\/post"}],"author":[{"embeddable":true,"href":"https:\/\/www.vorspeisenplatte.de\/speisen\/wp-json\/wp\/v2\/users\/2"}],"replies":[{"embeddable":true,"href":"https:\/\/www.vorspeisenplatte.de\/speisen\/wp-json\/wp\/v2\/comments?post=100540"}],"version-history":[{"count":3,"href":"https:\/\/www.vorspeisenplatte.de\/speisen\/wp-json\/wp\/v2\/posts\/100540\/revisions"}],"predecessor-version":[{"id":100580,"href":"https:\/\/www.vorspeisenplatte.de\/speisen\/wp-json\/wp\/v2\/posts\/100540\/revisions\/100580"}],"wp:attachment":[{"href":"https:\/\/www.vorspeisenplatte.de\/speisen\/wp-json\/wp\/v2\/media?parent=100540"}],"wp:term":[{"taxonomy":"category","embeddable":true,"href":"https:\/\/www.vorspeisenplatte.de\/speisen\/wp-json\/wp\/v2\/categories?post=100540"},{"taxonomy":"post_tag","embeddable":true,"href":"https:\/\/www.vorspeisenplatte.de\/speisen\/wp-json\/wp\/v2\/tags?post=100540"}],"curies":[{"name":"wp","href":"https:\/\/api.w.org\/{rel}","templated":true}]}}