{"id":100767,"date":"2024-08-24T07:42:37","date_gmt":"2024-08-24T05:42:37","guid":{"rendered":"https:\/\/www.vorspeisenplatte.de\/speisen\/?p=100767"},"modified":"2024-08-24T07:57:35","modified_gmt":"2024-08-24T05:57:35","slug":"journal-freitag-23-august-2024-die-angst-des-journalismus-vorm-smartphone","status":"publish","type":"post","link":"https:\/\/www.vorspeisenplatte.de\/speisen\/2024\/08\/journal-freitag-23-august-2024-die-angst-des-journalismus-vorm-smartphone.htm","title":{"rendered":"Journal Freitag, 23. August 2024 &#8211; Die Angst des Journalismus vorm Smartphone"},"content":{"rendered":"<p>F\u00fcr gestern war seit Langem ein wirklich hei\u00dfer Tag angek\u00fcndigt, ich glaubte dem und verlie\u00df in einem \u00e4rmellosen Sommerkleid und mit Sandalen das Haus, gegen die knackige Morgenk\u00fchle in Strickjacke.<\/p>\n<p>Wie sehr ich diese Momente mag, wenn mich Kunst unerwartet aus dem Augenwinkel erwischt. Unterwegs ist das meist Streetart, gespr\u00fcht auf W\u00e4nde, manchmal sind es Skulpturen im \u00f6ffentlichen Raum. Doch diese Woche war es ein kleines Studio in der Ligsalzstra\u00dfe, das mir Objekte in den Blick warf.<\/p>\n<p><a href=\"https:\/\/www.vorspeisenplatte.de\/speisen\/archiv\/240823_03_LigsalzstrRath.jpg\"><img loading=\"lazy\" decoding=\"async\" src=\"https:\/\/www.vorspeisenplatte.de\/speisen\/archiv\/240823_03_LigsalzstrRath.jpg\" alt=\"Schaufenster eine kleinen Raums, auf einem Tisch stehen sehr gro\u00dfe Vasen-Objekte aus wei\u00dfem Ton mit abstrakter farbloser und schwarzer Glasur, dahinter h\u00e4ngte eine dicke Kette mit mehreren Str\u00e4ngen aus wei\u00dfen Schaustoff-Schlaufen\" width=\"393\" height=\"524\" class=\"alignnone size-full wp-image-100786\" \/><\/a><\/p>\n<p><a href=\"https:\/\/www.christine-rath.net\/\" rel=\"noopener\" target=\"_blank\">Die K\u00fcnstlerin: Christine Rath.<\/a> Ich war von diesen get\u00f6pferten (?) Objekten im schmalen Schaufenster und dahinter im Raum sehr angetan, die das Material so un-material-gem\u00e4\u00df zeigten. <a href=\"https:\/\/www.christine-rath.net\/objekte\/\" rel=\"noopener\" target=\"_blank\">Auf der Website sah ich zudem sehr interessante Objekte aus Schaumstoff.<\/a> Und auch Raths Malerei <a href=\"https:\/\/www.christine-rath.net\/malerei\/serie-2\/\" rel=\"noopener\" target=\"_blank\">arbeitet zum Teil mit behaupteter Materializit\u00e4t<\/a>.<\/p>\n<p>Emsiger Vormittag, drau\u00dfen schien die Sonne, im B\u00fcro brauchte ich eine Jacke. Zu meinem Mittagscappuccino marschierte ich recht durchgefroren, doch bereits die 15 Minuten Hinweg temperierten mich &#8211; und es roch herrlich nach Sommerferien. Zur\u00fcck kam ich mit der Strickjacke in der Hand, doch bereits nach kurzer Zeit brauchte ich sie im B\u00fcro wieder.<\/p>\n<p>Zu Mittag gab es restliche Schwedenmilch und drei gro\u00dfe italienische Pfirsiche vom Eataly (diesmal nicht so gut, weil unreif).<\/p>\n<p>Ausgerechnet an den letzten beiden Tagen des zweiw\u00f6chigen Jour-Dienstes, den ich immer so f\u00fcrchte, kamen unangenehme Dinge rein. Mit frei ausgedachten Vorw\u00fcrfen an Unternehmen\/Organisationen verh\u00e4lt es sich wie mit ausgedachten Erkl\u00e4rungen f\u00fcr Natur-Ph\u00e4nomene (siehe Verschw\u00f6rungsmythen): Der Aufwand, sie faktisch sauber zu widerlegen, ist enorm.<\/p>\n<p>Auf dem Heimweg freute ich mich erstmal \u00fcber die heizende Sonne, die mir die B\u00fcro-K\u00e4lte aus den Knochen schmolz. Und richtig unangenehm hei\u00df wurde sie auch nicht.<\/p>\n<p><a href=\"https:\/\/www.vorspeisenplatte.de\/speisen\/archiv\/240823_05_HeimeranstrWestendpatron.jpg\"><img loading=\"lazy\" decoding=\"async\" src=\"https:\/\/www.vorspeisenplatte.de\/speisen\/archiv\/240823_05_HeimeranstrWestendpatron.jpg\" alt=\"Sonnige st\u00e4dtische Wohnstra\u00dfe mit B\u00e4umen, im Vordergrund ein Stromkasten, an dessen Seite ein Plakat-\u00fcberklebtes Graffiti-M\u00e4nnchen\" width=\"384\" height=\"518\" class=\"alignnone size-full wp-image-100787\" \/><\/a><\/p>\n<p>Lebensmittel-Eink\u00e4ufe bei Edeka, Vollcorner, Abholung Bestelltes bei Tchibo. Ich kam angenehm fr\u00fch heim, konnte gem\u00fctlich kruschen, eine Einheit Yoga-Gymnastik turnen, Gurkensalat f\u00fcrs Abendessen zubereiten, dann gab&#8217;s Wochenend-Feiern mit Aperitif auf dem angenehm temperierten Balkon.<\/p>\n<p><a href=\"https:\/\/www.vorspeisenplatte.de\/speisen\/archiv\/240823_08_Balkonaperitif.jpg\"><img loading=\"lazy\" decoding=\"async\" src=\"https:\/\/www.vorspeisenplatte.de\/speisen\/archiv\/240823_08_Balkonaperitif.jpg\" alt=\"Zwei Menschen auf dem Balkon nebeneinander auf einer Bank sitzend, vor sich ein Tisch mit zwei gef\u00fcllten Gl\u00e4sern und zwei Sch\u00e4lchen, Abendsonne \" width=\"605\" height=\"454\" class=\"alignnone size-full \" \/><\/a><\/p>\n<p>Calvados-Tonic, aus dem Glas eingelegte Artischocken, gef\u00fcllte scharfe Paprika (beide eher langweilig). Zum Nachtmahl hatte Herr Kaltmamsell Spareribs besorgt und vorged\u00e4mpft, jetzt grillte er sie gar.<\/p>\n<p><a href=\"https:\/\/www.vorspeisenplatte.de\/speisen\/archiv\/240823_12_Nachtmahl.jpg\"><img loading=\"lazy\" decoding=\"async\" src=\"https:\/\/www.vorspeisenplatte.de\/speisen\/archiv\/240823_12_Nachtmahl.jpg\" alt=\"Stroh-Tischsets auf Tisch, darauf gro\u00dfe Glasteller mit je einem Streifen Spareribs, dazwischen eine Schale Gurkensalat mit hellem Dressing, eine leere Schale\" width=\"313\" height=\"433\" class=\"alignnone size-full wp-image-100789\" \/><\/a><\/p>\n<p>Dazu schenkte ich uns provenzalischen Ros\u00e9 ein. Nachtisch Schokolade. Im Fernsehen lie\u00dfen wir <i>Ocean&#8217;s 8<\/i> laufen.<\/p>\n<p>\u00a7<\/p>\n<p>Journalismus-Pr\u00e4missen des modernen Lebens, die mich erz\u00fcrnen, Teil viele:<br \/>\nMenschen w\u00fcnschen sich, weniger Zeit &#8220;an ihrem Handy zu h\u00e4ngen&#8221; (<a href=\"https:\/\/krautreporter.de\/pages\/kurs-weniger-handy-mehr-leben\" rel=\"noopener\" target=\"_blank\">Krautreporter bieten dazu einen eigenen &#8220;Kurs&#8221; an EINSELF!11!!111<\/a>).<\/p>\n<p>An meinem Smartphone &#8220;h\u00e4nge&#8221; ich unter anderem, um<br \/>\n&#8211; die Uhrzeit zu erfahren<br \/>\n&#8211; meine E-Mails zu lesen<br \/>\n&#8211; die Wettervorhersage zu checken<br \/>\n&#8211; meinen aktuellen Roman zu lesen<br \/>\n&#8211; einen besonderen Anblick per Foto einzufangen<br \/>\n&#8211; die Zeitung zu lesen<br \/>\n&#8211; ein besonderes Foto anderen zu zeigen<br \/>\n&#8211; in Kontakt mit meinen Freund*innen zu bleiben, wenn ich auf Mastodon, Facebook, instagram sehe, was sie gerade so machen<br \/>\n&#8211; die Tagesschrittzahl abzulesen und Schwimm-Meterzahl einzugeben, abends die Tagesauswertung meiner k\u00f6rperlichen Bewegung zu checken<br \/>\n&#8211; zu erfahren, was die Nifften gestern auf ihrem Madrid-Urlaub erlebt haben<br \/>\n&#8211; interessante Fotos meiner instagram-Kontakte zu sehen<br \/>\n&#8211; meiner Mutter per Text-Nachricht Bescheid zu geben, dass ich am Sonntag f\u00fcr eine Einladung verf\u00fcgbar bin<br \/>\n&#8211; meinen Mittagscappuccino zu bezahlen<br \/>\n&#8211; mich ans Blumengie\u00dfen erinnern zu lassen<br \/>\n&#8211; Musik \u00fcber Kopfh\u00f6rer zu h\u00f6ren<br \/>\n&#8211; herauszufinden, wie lange ich zu Fu\u00df vom B\u00fcro zur n\u00e4chsten Post brauche<br \/>\n&#8211; DHL anzuweisen, die n\u00e4chste Lieferung Crowdfarming-Obst vor der Wohnungst\u00fcr abzustellen<br \/>\nUnter anderem.<\/p>\n<p>Warum sollte ich mir w\u00fcnschen, das nicht zu tun? Was davon vergiftet mich, sodass ich <i>digital detox<\/i> ben\u00f6tige? Mein Verdacht: Mal wieder wird unerw\u00fcnschtes Verhalten mit dem Ger\u00e4t verwechselt, mit dem es stattfindet. (Oder mit der Plattform, siehe das &#8220;b\u00f6se Internet&#8221;.) Denn ich bin ziemlich sicher, dass der &#8220;Kurs&#8221; von Krautreporter irgendwas anderes austreiben soll &#8211; ich w\u00fcnschte nur, sie w\u00fcrden das konkret benennen. (Sie nennen ihn auch noch &#8220;Weniger Handy. Mehr Leben.&#8221; &#8211; Leute: Das <i>ist<\/i> mein Leben.) <img loading=\"lazy\" decoding=\"async\" src=\"https:\/\/vg04.met.vgwort.de\/na\/907c7191bfa4458dbe341e8fe8b781d5\" width=\"1\" height=\"1\" alt=\"\"\/><\/p>\n","protected":false},"excerpt":{"rendered":"<p>F\u00fcr gestern war seit Langem ein wirklich hei\u00dfer Tag angek\u00fcndigt, ich glaubte dem und verlie\u00df in einem \u00e4rmellosen Sommerkleid und mit Sandalen das Haus, gegen die knackige Morgenk\u00fchle in Strickjacke. Wie sehr ich diese Momente mag, wenn mich Kunst unerwartet aus dem Augenwinkel erwischt. Unterwegs ist das meist Streetart, gespr\u00fcht auf W\u00e4nde, manchmal sind es [&hellip;]<\/p>\n","protected":false},"author":2,"featured_media":0,"comment_status":"open","ping_status":"closed","sticky":false,"template":"","format":"standard","meta":{"footnotes":""},"categories":[6,2,1],"tags":[],"class_list":["post-100767","post","type-post","status-publish","format-standard","hentry","category-essen","category-fotos","category-general"],"_links":{"self":[{"href":"https:\/\/www.vorspeisenplatte.de\/speisen\/wp-json\/wp\/v2\/posts\/100767","targetHints":{"allow":["GET"]}}],"collection":[{"href":"https:\/\/www.vorspeisenplatte.de\/speisen\/wp-json\/wp\/v2\/posts"}],"about":[{"href":"https:\/\/www.vorspeisenplatte.de\/speisen\/wp-json\/wp\/v2\/types\/post"}],"author":[{"embeddable":true,"href":"https:\/\/www.vorspeisenplatte.de\/speisen\/wp-json\/wp\/v2\/users\/2"}],"replies":[{"embeddable":true,"href":"https:\/\/www.vorspeisenplatte.de\/speisen\/wp-json\/wp\/v2\/comments?post=100767"}],"version-history":[{"count":3,"href":"https:\/\/www.vorspeisenplatte.de\/speisen\/wp-json\/wp\/v2\/posts\/100767\/revisions"}],"predecessor-version":[{"id":100797,"href":"https:\/\/www.vorspeisenplatte.de\/speisen\/wp-json\/wp\/v2\/posts\/100767\/revisions\/100797"}],"wp:attachment":[{"href":"https:\/\/www.vorspeisenplatte.de\/speisen\/wp-json\/wp\/v2\/media?parent=100767"}],"wp:term":[{"taxonomy":"category","embeddable":true,"href":"https:\/\/www.vorspeisenplatte.de\/speisen\/wp-json\/wp\/v2\/categories?post=100767"},{"taxonomy":"post_tag","embeddable":true,"href":"https:\/\/www.vorspeisenplatte.de\/speisen\/wp-json\/wp\/v2\/tags?post=100767"}],"curies":[{"name":"wp","href":"https:\/\/api.w.org\/{rel}","templated":true}]}}