{"id":100817,"date":"2024-08-26T06:38:33","date_gmt":"2024-08-26T04:38:33","guid":{"rendered":"https:\/\/www.vorspeisenplatte.de\/speisen\/?p=100817"},"modified":"2024-08-26T07:07:32","modified_gmt":"2024-08-26T05:07:32","slug":"journal-sonntag-25-august-2024-return-of-the-drinnen","status":"publish","type":"post","link":"https:\/\/www.vorspeisenplatte.de\/speisen\/2024\/08\/journal-sonntag-25-august-2024-return-of-the-drinnen.htm","title":{"rendered":"Journal Sonntag, 25. August 2024 &#8211; Return of the Drinnen"},"content":{"rendered":"<p>Gestern also der angek\u00fcndigte Regensonntag. Von Fenster zu, damit es nicht hei\u00df reinkommt am Samstag (28 Grad) zu Fenster zu, damit es nicht kalt reinkommt (15 Grad).<\/p>\n<p>Ausgeschlafen, zu meiner \u00dcberraschung und Freude hatte das Wetter genug Sommer <a href=\"https:\/\/www.instagram.com\/p\/C_FLSQAIW17\/\" rel=\"noopener\" target=\"_blank\">f\u00fcr Balkonkaffee<\/a> \u00fcbrig gelassen. \u00dcber die folgenden beiden Stunden, die ich dort sa\u00df, wurde es allerdings langsam und sp\u00fcrbar k\u00fchler, ich wechselte an den Esstisch drinnen.<\/p>\n<p>Gestern hatte ich eine Laufrunde an der Isar geplant, mein Sonntagsrhythmus (je \u00e4lter ich werde, desto eingefahrener in diesen Dingen) legte den Start auf etwa 10 Uhr. Der Regenradar, der ja nun auch nicht gerade f\u00fcr Kompromissbereitschaft bekannt ist, legte den Start eines ernsthaften und ausgedehnten Regengebiets auf dieselbe Zeit. Also setzten wir beide stoisch unsere Vorhaben um: Ich nahm in Schirmm\u00fctze und Regenjacke die U-Bahn nach Thalkirchen, das Wetter begann bei meinem Verlassen des U-Bahnhofs zu tr\u00f6pfeln, verst\u00e4rkte Vorhersage-gem\u00e4\u00df den Regen im Lauf meiner 100 Minuten immer weiter &#8211; aber nie Spa\u00df-verderbend unangenehm, danke sch\u00f6n.<\/p>\n<p>Lohn der Regenl\u00e4uferin: Fast keine anderen Leute.<\/p>\n<p><a href=\"https:\/\/www.vorspeisenplatte.de\/speisen\/archiv\/240825_04_Thalkirchen.jpg\"><img loading=\"lazy\" decoding=\"async\" src=\"https:\/\/www.vorspeisenplatte.de\/speisen\/archiv\/240825_04_Thalkirchen.jpg\" alt=\"Nebenfluss mit Uferbewachsung unter dunklen Wolken\" width=\"564\" height=\"423\" class=\"alignnone size-full \" \/><\/a><\/p>\n<p>Tr\u00f6pfeln in Thalkirchen.<\/p>\n<p><a href=\"https:\/\/www.vorspeisenplatte.de\/speisen\/archiv\/240825_11_Grosshesseloherbr.jpg\"><img loading=\"lazy\" decoding=\"async\" src=\"https:\/\/www.vorspeisenplatte.de\/speisen\/archiv\/240825_11_Grosshesseloherbr.jpg\" alt=\"Blick von oben auf Fluss (rechts), Uferwege (Mitte), Nebenfluss (links) mit viel Ufergr\u00fcn, dunkelgrauer Himmel\" width=\"645\" height=\"484\" class=\"alignnone size-full \" \/><\/a><\/p>\n<p>Regenwolken \u00fcber der Gro\u00dfhesseloher Br\u00fccke.<\/p>\n<p><a href=\"https:\/\/www.vorspeisenplatte.de\/speisen\/archiv\/240825_13_Isarhochufer.jpg\"><img loading=\"lazy\" decoding=\"async\" src=\"https:\/\/www.vorspeisenplatte.de\/speisen\/archiv\/240825_13_Isarhochufer.jpg\" alt=\"Hydrant in hoch und wild gewachsener Wiese\" width=\"363\" height=\"484\" class=\"alignnone size-full wp-image-100832\" \/><\/a><\/p>\n<p><a href=\"https:\/\/www.vorspeisenplatte.de\/speisen\/archiv\/240825_14_Pullach.jpg\"><img loading=\"lazy\" decoding=\"async\" src=\"https:\/\/www.vorspeisenplatte.de\/speisen\/archiv\/240825_14_Pullach.jpg\" alt=\"Parkbank mit fehlenden Sitzbrettern und R\u00fcckenlehne, darum ein wei\u00df-rotes Plastikband, dahinter Blick aufs Isartal\" width=\"363\" height=\"484\" class=\"alignnone size-full wp-image-100833\" \/><\/a><\/p>\n<p>Bank \u00fcberm Isartal bei Pullach kaputt!<\/p>\n<p><a href=\"https:\/\/www.vorspeisenplatte.de\/speisen\/archiv\/240825_16_Hinterbruehl.jpg\"><img loading=\"lazy\" decoding=\"async\" src=\"https:\/\/www.vorspeisenplatte.de\/speisen\/archiv\/240825_16_Hinterbruehl.jpg\" alt=\"Teich im Regendunst, am gegen\u00fcberliegenden Ufer eine H\u00fctte aus dunklem Holz\" width=\"574\" height=\"488\" class=\"alignnone size-full \" \/><\/a><\/p>\n<p>Richtig Regen auf dem R\u00fcckweg am Hinterbr\u00fchler See.<\/p>\n<p>Erst in der zweiten H\u00e4lfte lief ich leichter und mit Genuss, davor f\u00fchlte sich das Traben ein wenig m\u00fchsam an. Abschlie\u00dfend holte ich Fr\u00fchst\u00fcckssemmeln beim Z\u00f6ttl (der mit den guten Laugen-Z\u00f6pferln).<\/p>\n<p>Eines davon gab es kurz vor zwei zum Fr\u00fchst\u00fcck mit Tomate, au\u00dferdem Pfirsich mit Joghurt und Leinsamenschrot. In Socken, langen \u00c4rmeln, Hosenbeinen, Strickjacke las ich die Wochenend-<i>S\u00fcddeutsche<\/i>. Ich empfehle das Buch zwei \u00fcber die Frankfurter Drogenszene, warum sie in den vergangenen Jahren so schlimm geworden ist und wer welche Ideen zur Abhilfe hat. Gianna Niewel schreibt angenehm wertungsfrei, hat mit vielen Menschen vor Ort gesprochen, auch mit einigen Drogenabh\u00e4ngigen, um die es ja geht (\u20ac):<br \/>\n<a href=\"https:\/\/www.sueddeutsche.de\/projekte\/artikel\/politik\/frankfurt-bahnhofsviertel-drogen-e836656\/?reduced=true\" rel=\"noopener\" target=\"_blank\">&#8220;Hilfe!&#8221;<\/a><\/p>\n<p>Eine Runde B\u00fcgeln, fast genug f\u00fcr diese arte-Doku, die ich seit Wochen als offenen Tab im Browser hatte:<br \/>\n<a href=\"https:\/\/www.arte.tv\/de\/videos\/108962-000-A\/menopause-frauen-berichten\/\" rel=\"noopener\" target=\"_blank\">&#8220;Menopause &#8211; Frauen berichten&#8221;.<\/a><br \/>\nGenauer gesagt: Franz\u00f6sische Frauen berichten, das ist meiner Meinung nach sehr deutlich. Dennoch fand ich die verschiedenen pers\u00f6nlichen Perspektiven spannend &#8211; die sich alle von meinen Erfahrungen unterschieden. Wichtig aber: Dass wir dar\u00fcber sprechen, dass die weiblichen Wechseljahre endlich aus dem Tabu rauskommen, das sie umgibt. Ich sehe in den vergangenen Jahren deutliche Anzeichen daf\u00fcr, jetzt aber bitte nicht nachlassen.<\/p>\n<p>Es regnete einfach durch.<\/p>\n<p>Ich stoppe ja nicht mit (wer stoppt schon den Zeitaufwand f\u00fcr ein Hobby mit?), aber gerade als ich dachte, bis Yoga-Gymnastik k\u00f6nnte ich ja noch ein St\u00fcndchen Roman lesen, fiel mir ein, dass ich erst noch die Fotos vom Isarlauf runterladen, benamsen, f\u00fcr den Blogpost bearbeiten k\u00f6nnte &#8211; und dann war vor Yoga-Gymnastik gar keine Zeit mehr f\u00fcr Romanlesen. No na, andere Leute gucken Serien.<\/p>\n<p>Yoga-Gymnastik war wohltuend und anstrengend. F\u00fcrs Nachtmahl sorgte wieder Herr Kaltmamsell: Er kochte ein Lamm-Curry auf der Basis einer geschenkten Gew\u00fcrzmischung. War gut, war mir nur ein wenig zu scharf, so dass ich das Lamm gar nicht richtig schmeckte &#8211; und ich mag Lammgeschmack sehr gern.<\/p>\n<p>Beim Abr\u00e4umen rief Herr Kaltmamsell erschrocken nach mir: Eine \u00fcberraschend gro\u00dfe Heuschrecke hatte sich ins Wohnzimmer verirrt. Mit koordiniertem Einsatz, Sch\u00fcsseln und Zeitung fingen wir sie ein und setzten sie auf die Balkonbr\u00fcstung.<\/p>\n<p><a href=\"https:\/\/www.vorspeisenplatte.de\/speisen\/archiv\/240825_19_Heuschrecke.jpg\"><img loading=\"lazy\" decoding=\"async\" src=\"https:\/\/www.vorspeisenplatte.de\/speisen\/archiv\/240825_19_Heuschrecke.jpg\" alt=\"Auf einer Balkonbr\u00fcstung eine Tonschale Wasser, daneben eine gr\u00fcne Heuschrecke\" width=\"371\" height=\"341\" class=\"alignnone size-full wp-image-100836\" \/><\/a><\/p>\n<p>Nachtisch Zwetschgenkuchen und Schokolade. Auf arte lief einer meiner Allzeit-Lieblingsfilme: <i>Gattaca<\/i>.<\/p>\n<p>Im Bett beim Lesen beschlossen, Miranda July, <i>All Fours<\/i> nach einem Viertel abzubrechen: So ein Schmarrn. Die Grundidee h\u00e4tte schon lustig sein k\u00f6nnen: Eine K\u00fcnstlerin\/Autorin in Los Angeles mit Mann und Kindern beschlie\u00dft, eine Reise nach New York mit dem Auto anzutreten, kommt aber nicht mal aus ihrer Heimatstadt raus und mietet sich in einem Hotel ein, l\u00e4sst ihr Zimmer f\u00fcr 20.000 Doller neu dekorieren, empfindet eine Obsession f\u00fcr einen Mietauto-Angestellten. Doch alles daran wird derart ausufernd bis in jedes noch so unn\u00f6tige Detail beschrieben, jede noch so kleine Empfindung wird unter die Selbstreflexions-Lupe genommen, Formulierungen wiederholen sich st\u00e4ndig &#8211; nichts daran interessierte mich, glaubte ich auch nur. Weg damit, es gibt Dutzende anderer B\u00fccher, die ich lieber lesen m\u00f6chte. Ich lud ein weiteres von meiner Wunschliste herunter: Anja Reich, <i>Simone<\/i>. Der Anfang las sich schon so fesselnd, dass ich das Licht sp\u00e4ter l\u00f6schte, als ich geplant hatte.<\/p>\n<p>\u00a7<\/p>\n<p>Herzbruch hat erfahren, dass sich Lars Klingbeil in Chicago auf dem Parteitag der US-Demokraten Inspiratation f\u00fcr den SPD-Bundestagswahlkampf geholt hat <a href=\"https:\/\/herzbruch.me\/24-08-2024\/\" rel=\"noopener\" target=\"_blank\">und malt sich die Umsetzung aus<\/a>.<\/p>\n<p>Das ist fachlich fundiert und komisch &#8211; allerdings gehen emotional mitrei\u00dfende Politik-Veranstaltungen mit charismatischen Politiker*innen komplett an meinen pers\u00f6nlichen Emotionen vorbei: Ich grusle mich, denn mir f\u00e4llt sofort die pr\u00e4-demokratische deutsche Vergangenheit ein, in der das mit dem charismatischen Mitrei\u00dfen sehr gut und mit verheerenden Auswirkungen auf gro\u00dfe Teile der Menschheit funktioniert hat. Ich stehe auf sachliche Politiker*innen und Inhalts-orientierte Politik, lassen mich ob dieser Oxymoren aber gerne auslachen und wei\u00df, dass auch die Forschung Wahlentscheidungen zu nahezu 100 Prozent auf nicht-sachlicher Basis nachweist. <img loading=\"lazy\" decoding=\"async\" src=\"https:\/\/vg04.met.vgwort.de\/na\/51c50010e5694ff8a653f917a063d9cf\" width=\"1\" height=\"1\" alt=\"\"\/><\/p>\n","protected":false},"excerpt":{"rendered":"<p>Gestern also der angek\u00fcndigte Regensonntag. Von Fenster zu, damit es nicht hei\u00df reinkommt am Samstag (28 Grad) zu Fenster zu, damit es nicht kalt reinkommt (15 Grad). Ausgeschlafen, zu meiner \u00dcberraschung und Freude hatte das Wetter genug Sommer f\u00fcr Balkonkaffee \u00fcbrig gelassen. \u00dcber die folgenden beiden Stunden, die ich dort sa\u00df, wurde es allerdings langsam [&hellip;]<\/p>\n","protected":false},"author":2,"featured_media":0,"comment_status":"open","ping_status":"closed","sticky":false,"template":"","format":"standard","meta":{"footnotes":""},"categories":[3,6,2,1],"tags":[],"class_list":["post-100817","post","type-post","status-publish","format-standard","hentry","category-bucher","category-essen","category-fotos","category-general"],"_links":{"self":[{"href":"https:\/\/www.vorspeisenplatte.de\/speisen\/wp-json\/wp\/v2\/posts\/100817","targetHints":{"allow":["GET"]}}],"collection":[{"href":"https:\/\/www.vorspeisenplatte.de\/speisen\/wp-json\/wp\/v2\/posts"}],"about":[{"href":"https:\/\/www.vorspeisenplatte.de\/speisen\/wp-json\/wp\/v2\/types\/post"}],"author":[{"embeddable":true,"href":"https:\/\/www.vorspeisenplatte.de\/speisen\/wp-json\/wp\/v2\/users\/2"}],"replies":[{"embeddable":true,"href":"https:\/\/www.vorspeisenplatte.de\/speisen\/wp-json\/wp\/v2\/comments?post=100817"}],"version-history":[{"count":3,"href":"https:\/\/www.vorspeisenplatte.de\/speisen\/wp-json\/wp\/v2\/posts\/100817\/revisions"}],"predecessor-version":[{"id":100849,"href":"https:\/\/www.vorspeisenplatte.de\/speisen\/wp-json\/wp\/v2\/posts\/100817\/revisions\/100849"}],"wp:attachment":[{"href":"https:\/\/www.vorspeisenplatte.de\/speisen\/wp-json\/wp\/v2\/media?parent=100817"}],"wp:term":[{"taxonomy":"category","embeddable":true,"href":"https:\/\/www.vorspeisenplatte.de\/speisen\/wp-json\/wp\/v2\/categories?post=100817"},{"taxonomy":"post_tag","embeddable":true,"href":"https:\/\/www.vorspeisenplatte.de\/speisen\/wp-json\/wp\/v2\/tags?post=100817"}],"curies":[{"name":"wp","href":"https:\/\/api.w.org\/{rel}","templated":true}]}}