{"id":101127,"date":"2024-09-06T06:32:11","date_gmt":"2024-09-06T04:32:11","guid":{"rendered":"https:\/\/www.vorspeisenplatte.de\/speisen\/?p=101127"},"modified":"2024-09-06T11:11:39","modified_gmt":"2024-09-06T09:11:39","slug":"journal-donnerstag-5-september-2024-wmdedgt-sommerabend-im-melina","status":"publish","type":"post","link":"https:\/\/www.vorspeisenplatte.de\/speisen\/2024\/09\/journal-donnerstag-5-september-2024-wmdedgt-sommerabend-im-melina.htm","title":{"rendered":"Journal Donnerstag, 5. September 2024 &#8211; #WMDEDGT: Sommerabend im Melina"},"content":{"rendered":"<p>Proudly participating in #WMDEDGT &#8211; Antwort auf Frau Br\u00fcllens Frage an jedem f\u00fcnften des Monats: <a href=\"https:\/\/bruellen.blogspot.com\/2024\/09\/wmdedgt-050924.html\" rel=\"noopener\" target=\"_blank\">Was machst du eigentlich den ganzen Tag?<\/a><\/p>\n<p>Besonders tief und gut geschlafen &#8211; ich f\u00fchrte das auf die Ruhe durch Ohrst\u00f6psel zur\u00fcck, nur dass halt die Haut meiner Geh\u00f6rg\u00e4nge auf Dauer schnell mit Ekzem protestiert (ich hatte gerade endlich komplette Juckfreiheit erreicht).<\/p>\n<p>Drau\u00dfen waren die Stra\u00dfen noch dunkel vom Regen der Nacht, es kam angenehm k\u00fchle Luft herein &#8211; allerdings zu k\u00fchl, als dass es mich f\u00fcr den Morgenkaffee auf den Balkon gezogen h\u00e4tte.<\/p>\n<p>Sch\u00f6ner und durch eine Begegnung interessanter Marsch in die Arbeit, es wurde hell zu einem weiteren Sommertag.<\/p>\n<p>Emsiger B\u00fcrovormittag, \u00fcberschattet von den <a href=\"https:\/\/www.sueddeutsche.de\/muenchen\/muenchen-schuesse-polizei-liveticker-terror-anschlag-taeter-lux.UX3inK4HYAzXCSDRKCyDJv?isSubscriber=false\" rel=\"noopener\" target=\"_blank\">Sch\u00fcssen am M\u00fcnchner NS-Dokumentationszentrum<\/a>: Kolleg*innen erfuhren davon in Echtzeit von Angeh\u00f6rigen, die in H\u00f6rweite arbeiten. Ich loggte mich dann doch nochmal in meinen X-Account ein, wo <a href=\"https:\/\/x.com\/PolizeiMuenchen\" rel=\"noopener\" target=\"_blank\">die M\u00fcnchner Polizei<\/a> live twitterte: Offizielle Informationen aus erster Hand waren mir in dieser Situation die liebsten.<\/p>\n<p>Sp\u00e4ter als geplant kam ich raus auf den Markt am Georg-Freundorfer-Platz, auf dem Weg dorthin wurde ich zudem von einem Ratsch aufgehalten: Ich musste Schlange stehen f\u00fcr \u00c4pfel, dann nochmal f\u00fcr K\u00e4se. Temperaturen sommerlich, aber deutlich unter zu hei\u00df. Bei meiner R\u00fcckkehr ins B\u00fcro hatte sich die Nachrichtenlage beruhigt.<\/p>\n<p>Sp\u00e4tes Mittagessen: Apfel (Elstar, sehr gut!), Mango (Crowdfarming, auch diesmal wieder aus der Textilwirtschaft, ich werde endlich Zahnseide im B\u00fcro hinterlegen m\u00fcssen) mit Sojajoghurt.<\/p>\n<p>Gesch\u00e4ftiger Nachmittag, doch in zwei F\u00e4llen scheiterte ich am Vollzug, weil ich jeweils nicht an eine zentrale Information\/Entscheidung kam. Gegen Ende wurde ich dann noch ein wenig hektisch, hatte ich doch eine Feierabend-Verabredung mit Herrn Kaltmamsell: Wir wollten den Sommerprogrammpunkt <a href=\"https:\/\/www.taverna-melina.de\/\" rel=\"noopener\" target=\"_blank\">Abendessen bei Melina<\/a> durchspielen.<\/p>\n<p>Auf dem zackigen Heimweg unter etwas bedrohlich bedecktem Himmel noch schnell Milch besorgt, um am Freitag-Feierabend anderes besorgen zu k\u00f6nnen. Daheim schneller Taschenwechsel, dann zu Melina &#8211; wir verlie\u00dfen uns darauf, dass das Wetter halten w\u00fcrde.<\/p>\n<p>Wir lasen die Speisenkarte eingehend, blieben dann aber doch wieder an den warmen und kalten Vorspeisen h\u00e4ngen. Ich bestellte ein Glas griechischen Malagousia dazu, hatte Lust auf Wein mitten unter der Woche.<\/p>\n<p><a href=\"https:\/\/www.vorspeisenplatte.de\/speisen\/archiv\/240905_09_Melina.jpg\"><img loading=\"lazy\" decoding=\"async\" src=\"https:\/\/www.vorspeisenplatte.de\/speisen\/archiv\/240905_09_Melina.jpg\" alt=\"An einem wei\u00dfen Tisch sitzt ein Mann mit Brille und T-Shirt, auf dem Tisch stehen Sch\u00fcsselchen mit griechischen Vorspeisen, ein Glas mit Wei\u00dfwein, ein Glas mit Bier\" width=\"420\" height=\"451\" class=\"alignnone size-full wp-image-101140\" \/><\/a><\/p>\n<p>Wie mein Mann einmal ein bisschen wie Bruce Willis guckte.<\/p>\n<p>Das Essen schmeckte sehr gut, auch den Wein mochte ich. Zur Rechnung bekamen wir noch ein wenig Joghurt mit Waln\u00fcssen und Honig spendiert. Und das Wetter hatte tats\u00e4chlich gehalten, der Himmel war \u00fcber schw\u00fcler Luft lediglich noch dunkler geworden. Daheim Schokolade.<\/p>\n<p>Im Bett las ich Zora del Buono, <i>Seinetwegen<\/i> aus, gefiel mir gut. Wieder leistete ich mir f\u00fcr den Schlaf frische Nachtluft durchs offene Fenster, halt mit Ohrst\u00f6pseln.<\/p>\n<p>\u00a7<\/p>\n<p>Sehr interessanter Erfahungsbericht \u00fcber die Nutzung von ChatGPT &#8211; und lustig, weil von Kathrin Passig, deren Forschungsgeist immer eine dicke Prise Schabernack enth\u00e4lt (&#8220;&#8216;Bitte formuliere die letzte Nachricht noch einmal in Form einer p\u00e4pstlichen Enzyklika in lateinischer Sprache.'&#8221;).<br \/>\n<a href=\"https:\/\/techniktagebuch.tumblr.com\/post\/760678927588065280\/2-und-3-september-2024\" rel=\"noopener\" target=\"_blank\">&#8220;Ich bin wieder mal kein Early Adopter, aber schlie\u00dflich begreife ich doch noch, wozu ChatGPT gut ist&#8221;.<\/a><\/p>\n<p>An nachvollziehbaren Beispielen berichtet Kathrin, was mit ChatGPT klappt und was nicht.<\/p>\n<p>\u00a7<\/p>\n<p>Unter dem Original-Hinweis auf Mastodon sammelten sich zwar schnell diejenigen, die Stefans K\u00e4sekuchen nicht so toll finden, doch ich geh\u00f6re seit dem ersten Kosten vor \u00fcber zehn Jahren zu den Fans (in der Kategorie cremiger K\u00e4sekuchen).<br \/>\n<a href=\"https:\/\/www.schwarzwaelder-bote.de\/inhalt.mit-kaesekuchen-zum-grossen-erfolg-stefan-linder-hat-mit-stefans-kaesekuchen-ein-imperium-aufgebaut.812e9bdc-60b5-4d85-aaf1-f693b04a589d.html\" rel=\"noopener\" target=\"_blank\">&#8220;Stefan Linder hat mit &#8216;Stefans K\u00e4sekuchen&#8217; ein Imperium aufgebaut&#8221;.<\/a><\/p>\n<p>via <a href=\"https:\/\/fnordon.de\/@Kuchenschwarte\/113081052580119996\" rel=\"noopener\" target=\"_blank\">@kuchenschwarte<\/a><\/p>\n<blockquote><p>Sahne, Quark, gekochter Pudding: Das seien so die Zutaten f\u00fcr die Creme.<\/p><\/blockquote>\n<p>Gekochter Pudding?! AHA! Das wird gleich mal f\u00fcrs n\u00e4chste K\u00e4sekuchenbacken eingeplant. <img loading=\"lazy\" decoding=\"async\" src=\"https:\/\/vg04.met.vgwort.de\/na\/1532f123c60b45dd9bb96a8eb301abfc\" width=\"1\" height=\"1\" alt=\"\"\/><\/p>\n","protected":false},"excerpt":{"rendered":"<p>Proudly participating in #WMDEDGT &#8211; Antwort auf Frau Br\u00fcllens Frage an jedem f\u00fcnften des Monats: Was machst du eigentlich den ganzen Tag? Besonders tief und gut geschlafen &#8211; ich f\u00fchrte das auf die Ruhe durch Ohrst\u00f6psel zur\u00fcck, nur dass halt die Haut meiner Geh\u00f6rg\u00e4nge auf Dauer schnell mit Ekzem protestiert (ich hatte gerade endlich komplette [&hellip;]<\/p>\n","protected":false},"author":2,"featured_media":0,"comment_status":"open","ping_status":"closed","sticky":false,"template":"","format":"standard","meta":{"footnotes":""},"categories":[6,2,1],"tags":[],"class_list":["post-101127","post","type-post","status-publish","format-standard","hentry","category-essen","category-fotos","category-general"],"_links":{"self":[{"href":"https:\/\/www.vorspeisenplatte.de\/speisen\/wp-json\/wp\/v2\/posts\/101127","targetHints":{"allow":["GET"]}}],"collection":[{"href":"https:\/\/www.vorspeisenplatte.de\/speisen\/wp-json\/wp\/v2\/posts"}],"about":[{"href":"https:\/\/www.vorspeisenplatte.de\/speisen\/wp-json\/wp\/v2\/types\/post"}],"author":[{"embeddable":true,"href":"https:\/\/www.vorspeisenplatte.de\/speisen\/wp-json\/wp\/v2\/users\/2"}],"replies":[{"embeddable":true,"href":"https:\/\/www.vorspeisenplatte.de\/speisen\/wp-json\/wp\/v2\/comments?post=101127"}],"version-history":[{"count":3,"href":"https:\/\/www.vorspeisenplatte.de\/speisen\/wp-json\/wp\/v2\/posts\/101127\/revisions"}],"predecessor-version":[{"id":101155,"href":"https:\/\/www.vorspeisenplatte.de\/speisen\/wp-json\/wp\/v2\/posts\/101127\/revisions\/101155"}],"wp:attachment":[{"href":"https:\/\/www.vorspeisenplatte.de\/speisen\/wp-json\/wp\/v2\/media?parent=101127"}],"wp:term":[{"taxonomy":"category","embeddable":true,"href":"https:\/\/www.vorspeisenplatte.de\/speisen\/wp-json\/wp\/v2\/categories?post=101127"},{"taxonomy":"post_tag","embeddable":true,"href":"https:\/\/www.vorspeisenplatte.de\/speisen\/wp-json\/wp\/v2\/tags?post=101127"}],"curies":[{"name":"wp","href":"https:\/\/api.w.org\/{rel}","templated":true}]}}