{"id":101325,"date":"2024-09-13T06:26:48","date_gmt":"2024-09-13T04:26:48","guid":{"rendered":"https:\/\/www.vorspeisenplatte.de\/speisen\/?p=101325"},"modified":"2025-09-04T16:59:27","modified_gmt":"2025-09-04T14:59:27","slug":"journal-donnerstag-12-september-2024-arbeitswirbeln-durchhalten","status":"publish","type":"post","link":"https:\/\/www.vorspeisenplatte.de\/speisen\/2024\/09\/journal-donnerstag-12-september-2024-arbeitswirbeln-durchhalten.htm","title":{"rendered":"Journal Donnerstag, 12. September 2024 &#8211; Arbeitswirbeln, Durchhalten"},"content":{"rendered":"<p>Wieder endete der eigentlich gute Nachtschlaf zu fr\u00fch und im Angstkarussell. Drau\u00dfen rauschte der Regen wie schon beim Einschlafen. Doch p\u00fcnktlich zum Arbeitsweg blieb der d\u00fcstere Himmel trocken, es war lediglich sehr kalt: Erste Atemw\u00f6lkchen vor Radler*innenlippen an roten Ampeln.<\/p>\n<p>Im B\u00fcro wartete eine lange Jobliste, die wegen drohenden Urlaubs sehr unbedingt erledigt werden musste (und die aus Rahmen-Gr\u00fcnden auch nicht vorher angepackt werden konnte). Doch noch bevor auch nur der Rechner hochgefahren war, begannen die Quersch\u00fcsse. Zum Gl\u00fcck bin ich in vielen der Jobs routiniert und sehr schnell (ich erinnere mich an Zeiten, in denen ich dreimal so lange daf\u00fcr brauchte), f\u00fcrchtete aber die Gefahr, dass die Routine mich unachtsam machte.<\/p>\n<p>Mittags war die Versuchung gro\u00df, wegen der hohen Schlagzahl Cappuccino- und Marktpl\u00e4ne fahren zu lassen, doch mein Bockigkeits-Ich siegte \u00fcber mein Panik-Ich: Cappuccino bei Nachbars, \u00c4pfelkauf auf dem Markt, dabei Bekanntschaft mit einem sehr jungen Nachwuchs-Standler (h\u00f6chstens 50 cm hoch), der meinen Geldschein annehmen und mir R\u00fcckgeld reichen durfte.<\/p>\n<p>Sehr sp\u00e4tes Mittagessen und das auch nur mit strenger Selbtsermahnung, weil komplett appetitlos: Eben gekaufte \u00c4pfel, K\u00f6rnerbrot.<\/p>\n<p>Arbeitsnachmittag mit h\u00f6chster Intensit\u00e4t, ich bekam Zeug f\u00fcr drei Arbeitstage weggeschafft. Bei dieser Schlagzahl musste ich mich vor Absenden von E-Mails aktiv daran erinnern, ein paar Bl\u00fcmchen einzuflechten. (&#8220;Vielen Dank f\u00fcr die R\u00fcckmeldung!&#8221; \/ &#8220;Gute Reise!&#8221; et al.)<\/p>\n<p>Au\u00dferdem hatte ich Zeitdruck im Nacken, weil ich f\u00fcr die Abholung des Ernteanteils zust\u00e4ndig war. Der Arbeitstag endete in gleichzeitigem Rechner-Runterfahren, in Mantel schl\u00fcpfen, Tasche packen, Abschiedsgru\u00df an Kollegin (deren Arbeitstag meinem sehr glich, wenn auch mit ganz anderen Inhalten).<\/p>\n<p>In strammem Schritt zum Ernteanteil-Abholen, in strammem Schritt heim. Beim Begr\u00fc\u00dfen von Herrn Kaltmamsell gestand ich mir einen angedeuteten Zusammenbruch zu, aber dann Zusammenrei\u00dfen und Weitermachen. Ich hatte auch noch einen sp\u00e4ten Friseurtermin, den ich tags\u00fcber fast vergessen h\u00e4tte. Davor war noch Zeit f\u00fcr Yoga-Gymnastik, mich erfreute eine Einheit Bauch.<\/p>\n<p>In strammem Schritt zum Haareschneiden. Ich bat um sportliche K\u00fcrze, wies auf Eignung f\u00fcrs Wandern, auf Eignung f\u00fcrs Schwimmen ohne Badehaube hin. Als Herr Friseur allerdings &#8220;praktisch&#8221; anbot, zuckte ich: &#8220;Bitte nicht so nennen. Bei &#8216;praktischer Kurzhaarschnitt&#8217; f\u00fchle ich mich alt, au\u00dferdem wachsen mir dann eine Steppweste und ein Reihenhaus.&#8221;<sup><a href=\"#footnote_1_101325\" id=\"identifier_1_101325\" class=\"footnote-link footnote-identifier-link\" title=\"Gegen die, wieder zur Sicherheit, grunds&auml;tzlich &uuml;berhaupt nichts einzuwenden ist. Nur ganz weit weg von mir.\">1<\/a><\/sup><\/p>\n<p>Erste Male:<br \/>\nIrgendwann im letzten Viertel des angenehm gespr\u00e4chsarmen Schnippelns guckte er mich im Spiegel an: &#8220;Viel Haare!&#8221;<br \/>\nUnd grinste dann: &#8220;Macht Spa\u00df!&#8221;<\/p>\n<p><a href=\"https:\/\/www.vorspeisenplatte.de\/speisen\/archiv\/240912_03_Friseurselfie.jpg\"><img loading=\"lazy\" decoding=\"async\" src=\"https:\/\/www.vorspeisenplatte.de\/speisen\/archiv\/240912_03_Friseurselfie.jpg\" alt=\"Selfie einer Frau mit kurzen wei\u00dfen Haaren nd Brille vor schwarzer Wand in Kunstlicht\" width=\"495\" height=\"344\" class=\"alignnone size-full wp-image-101337\" \/><\/a><\/p>\n<p>Ich war zufrieden. Selfie im U-Bahnhof Sendlinger Tor.<\/p>\n<p>Daheim hatte Herr Kaltmamsell bereits den Salat aus Erntanteil gewaschen. Ich machte ihn mit Haselnussmusdressing an, mischte aus Ernteanteil ein B\u00fcndelchen Ruccola, eine kleine Gurke, ein paar Tomaten unter. Hervorragend. Die <i>Tagesschau<\/i> hatte ich da schon verpasst, auch keine Energie, sie nachzuholen.<\/p>\n<p>Nachtisch <a href=\"https:\/\/www.literaturportal-bayern.de\/journal?task=lpbblog.default&#038;id=3062\" rel=\"noopener\" target=\"_blank\">Warschauer Brot<\/a> (eine alte M\u00fcnchner Geb\u00e4ck-Spezialit\u00e4t, mit der sich Herr Kaltmamsell vor literarischem Hintergrund besch\u00e4ftigt hatte, aus Brot- und Kuchenresten hergestellt, auf einen Tipp hin <a href=\"https:\/\/fnordon.de\/@herr_rau\/113124368131495740\" rel=\"noopener\" target=\"_blank\">gefunden bei der Brotmanufaktur (oh mei) Schmidt<\/a>), sehr gut. Und ein bisschen Schokolade.<\/p>\n<p>Tagesabschluss zwischen komplettem Erledigtsein und Adrenalin-Hoch, schlie\u00dflich war ja noch der Freitag zu bew\u00e4ltigen. Ins Bett mit der ersten W\u00e4rmflasche der Saison. <img loading=\"lazy\" decoding=\"async\" src=\"https:\/\/vg04.met.vgwort.de\/na\/e23d27ff20214cae8222b6e7f7d68726\" width=\"1\" height=\"1\" alt=\"\"\/><\/p>\n<ol class=\"footnotes\"><li id=\"footnote_1_101325\" class=\"footnote\">Gegen die, wieder zur Sicherheit, grunds\u00e4tzlich \u00fcberhaupt nichts einzuwenden ist. Nur ganz weit weg von mir.<span class=\"footnote-back-link-wrapper\"> [<a href=\"#identifier_1_101325\" class=\"footnote-link footnote-back-link\">&#8617;<\/a>]<\/span><\/li><\/ol>","protected":false},"excerpt":{"rendered":"<p>Wieder endete der eigentlich gute Nachtschlaf zu fr\u00fch und im Angstkarussell. Drau\u00dfen rauschte der Regen wie schon beim Einschlafen. Doch p\u00fcnktlich zum Arbeitsweg blieb der d\u00fcstere Himmel trocken, es war lediglich sehr kalt: Erste Atemw\u00f6lkchen vor Radler*innenlippen an roten Ampeln. Im B\u00fcro wartete eine lange Jobliste, die wegen drohenden Urlaubs sehr unbedingt erledigt werden musste [&hellip;]<\/p>\n","protected":false},"author":2,"featured_media":0,"comment_status":"open","ping_status":"closed","sticky":false,"template":"","format":"standard","meta":{"footnotes":""},"categories":[6,2,1],"tags":[],"class_list":["post-101325","post","type-post","status-publish","format-standard","hentry","category-essen","category-fotos","category-general"],"_links":{"self":[{"href":"https:\/\/www.vorspeisenplatte.de\/speisen\/wp-json\/wp\/v2\/posts\/101325","targetHints":{"allow":["GET"]}}],"collection":[{"href":"https:\/\/www.vorspeisenplatte.de\/speisen\/wp-json\/wp\/v2\/posts"}],"about":[{"href":"https:\/\/www.vorspeisenplatte.de\/speisen\/wp-json\/wp\/v2\/types\/post"}],"author":[{"embeddable":true,"href":"https:\/\/www.vorspeisenplatte.de\/speisen\/wp-json\/wp\/v2\/users\/2"}],"replies":[{"embeddable":true,"href":"https:\/\/www.vorspeisenplatte.de\/speisen\/wp-json\/wp\/v2\/comments?post=101325"}],"version-history":[{"count":3,"href":"https:\/\/www.vorspeisenplatte.de\/speisen\/wp-json\/wp\/v2\/posts\/101325\/revisions"}],"predecessor-version":[{"id":111968,"href":"https:\/\/www.vorspeisenplatte.de\/speisen\/wp-json\/wp\/v2\/posts\/101325\/revisions\/111968"}],"wp:attachment":[{"href":"https:\/\/www.vorspeisenplatte.de\/speisen\/wp-json\/wp\/v2\/media?parent=101325"}],"wp:term":[{"taxonomy":"category","embeddable":true,"href":"https:\/\/www.vorspeisenplatte.de\/speisen\/wp-json\/wp\/v2\/categories?post=101325"},{"taxonomy":"post_tag","embeddable":true,"href":"https:\/\/www.vorspeisenplatte.de\/speisen\/wp-json\/wp\/v2\/tags?post=101325"}],"curies":[{"name":"wp","href":"https:\/\/api.w.org\/{rel}","templated":true}]}}