{"id":10135,"date":"2010-11-25T13:22:35","date_gmt":"2010-11-25T12:22:35","guid":{"rendered":"https:\/\/www.vorspeisenplatte.de\/speisen\/?p=10135"},"modified":"2010-11-25T13:22:35","modified_gmt":"2010-11-25T12:22:35","slug":"design-ist-schauspiel","status":"publish","type":"post","link":"https:\/\/www.vorspeisenplatte.de\/speisen\/2010\/11\/design-ist-schauspiel.htm","title":{"rendered":"Design ist Schauspiel"},"content":{"rendered":"<p>Es ist sehr einfach, sich \u00fcber das Darstellungsbed\u00fcrfnis seiner Mitmenschen lustig zu machen \u2013 das wei\u00df ich, weil ich es selbst st\u00e4ndig tue.<\/p>\n<p><img loading=\"lazy\" decoding=\"async\" src=\"https:\/\/www.vorspeisenplatte.de\/speisen\/archiv\/U_Bahn_Tweet.jpg\" alt=\"\" title=\"U_Bahn_Tweet\" width=\"334\" height=\"162\" class=\"alignnone size-full wp-image-10136\" \/><\/p>\n<p><a href=\"http:\/\/www.tagesspiegel.de\/meinung\/outdoorkleidung-gehoert-nicht-in-die-innenstadt\/2930340.html\" target=_\"new\">Der Tagesspiegel stilkritisiert den \u201eunheimlichen Trend zu Outdoorkleidung\u201c<\/a>, also die Heerscharen von Deutschen, die ihren Weg zum Nanga Parbat anscheinend gleich auf dem M\u00fcnchner Marienplatz antreten.<\/p>\n<blockquote><p>Sie wissen: diese s\u00fcndhaft teuren Spezialklamotten, gemacht f\u00fcr hochalpine Witterungsbedingungen oder Arktisexpeditionen von Herstellern wie North Face, Vaude, Jack Wolfskin, Patagonia oder Wellensteyn. Wasserabweisende, atmungsaktive Anoraks mit abnehmbaren Pelzkr\u00e4gen, UV-Strahlenschutz, hunderttausend versteckten Taschen und Rei\u00dfverschl\u00fcssen, mit Unterarmventilation und strahlenabweisender Handytasche.<\/p>\n<p>Kaum liegt der Spekulatius in den Supermarktregalen sind sie \u00fcberall: in der<br \/>U-Bahn, der Imbissbude, der Fu\u00dfg\u00e4ngerzone, im Kino, im Park, sogar im Kindergarten und auf dem Spielplatz. Im Wendland lief j\u00fcngst die halbe F\u00fchrungsriege der Gr\u00fcnen in den Jacken mit dem Tatzen-Logo auf. Eine Kollegin, die k\u00fcrzlich \u00fcber den Berliner Alexanderplatz lief, z\u00e4hlte bei einer einzelnen \u00dcberquerung 47 Jack-Wolfskin- und 14 North-Face-Jacken. Wahnsinn!<\/p><\/blockquote>\n<p>Ich musste umgehend an SUV-Automodelle denken, bei deren Anblick ich unschl\u00fcssig bin, ob sie als Panzer f\u00fcr den n\u00e4chsten Russlandfeldzug fungieren sollen oder die Fahrerin vielleicht ja direkt von ihrer Alm auf dem Reisberg bei Lippertshofen angefahren kommt. Denn, so denke ich mir, niemand wird doch wohl diese spritsaufenden Scheu\u00dflichkeiten ohne schmerzliche \u00e4u\u00dfere Zw\u00e4nge kaufen. Auch dieses Jahr allerdings sprechen die Gesch\u00e4ftszahlen von Porsche eine andere Sprache: Am besten verkauft sich der SUV des Herstellers. So viele Almbewohner, F\u00f6rsterinnen und Privatarmeen gibt es in der deutschen Bev\u00f6lkerung ganz sicher nicht.<\/p>\n<p>Die einfachste Erkl\u00e4rung: Die Leute wollen doch blo\u00df spielen. Sie verkleiden sich als Darsteller in einer imagin\u00e4ren Szenerie, mit der sie positive Gef\u00fchle verbinden. Letzte Woche begegnete ich einem Gr\u00fcppchen junger Punk-Darsteller im Untergescho\u00df des Marienplatzes: So perfekt bis ins letzte Detail durchgestylt h\u00e4tte sich das vor gut 30 Jahren Vivienne Westwood nie ausdenken k\u00f6nnen.<\/p>\n<p>Oder all die Menschen, die sich ausstaffieren, als w\u00e4ren sie gerade auf dem Weg zu ausgiebiger sportlicher Bet\u00e4tigung: Gl\u00e4nzender Trainigsanzug, blitzblanke Joggingschuhe, gerne kombiniert mit einer Pilotenarmbanduhr. (In M\u00fcnchen treffe ich sie vor allem in der Umgebung des Hauptbahnhofs an.)<\/p>\n<p>Die Gro\u00dfstadtmenschen wiederum, die sich drau\u00dfen in den Spitzenentwicklungen von Textilingenieuren f\u00fcr Outdoorkleidung m\u00f6gen, f\u00fchlen sich wahrscheinlich von Werten wie praktisch, n\u00fctzlich, sinnvoll angezogen und wollen sich von einer eigens daf\u00fcr definierten Oberfl\u00e4chlichkeit abgrenzen.<\/p>\n<p>Ich bin doch auch nicht besser. <a href=\"https:\/\/www.vorspeisenplatte.de\/speisen\/2004\/11\/mode-marginal-die-capa.htm\">Werfe mir im Fr\u00fchwinter Umh\u00e4nge \u00fcber<\/a>, die man eigentlich aussschlie\u00dflich in \u2013 \u00e4h \u2013 Mantel- und Degenfilmen erwartet, und bevorzuge auch sonst Kleidungsst\u00fccke, die mich an Filme erinnern.<\/p>\n<p>Was uns alle, alle verbindet: Freiheit und Wohlstand. Wir leben in einer Gesellschaft, die uns den Raum f\u00fcr diese Schauspiele l\u00e4sst. Keine Sittenpolizei nimmt uns fest, keine Standesordnung begrenzt Farben oder Stoffvarianten unserer Kleidung. Und wir m\u00fcssen uns schon lange keine Sorgen mehr darum machen, ob wir uns \u00fcberhaupt witterungsad\u00e4quat bedecken k\u00f6nnen \u2013 auch dann nicht, wenn ein Outfit gerade in der W\u00e4sche ist.<\/p>\n<p>Ist doch eigentlich sch\u00f6n, nicht? (Und jetzt von Herzen weiterl\u00e4stern.)<\/p>\n","protected":false},"excerpt":{"rendered":"<p>Es ist sehr einfach, sich \u00fcber das Darstellungsbed\u00fcrfnis seiner Mitmenschen lustig zu machen \u2013 das wei\u00df ich, weil ich es selbst st\u00e4ndig tue. Der Tagesspiegel stilkritisiert den \u201eunheimlichen Trend zu Outdoorkleidung\u201c, also die Heerscharen von Deutschen, die ihren Weg zum Nanga Parbat anscheinend gleich auf dem M\u00fcnchner Marienplatz antreten. Sie wissen: diese s\u00fcndhaft teuren Spezialklamotten, [&hellip;]<\/p>\n","protected":false},"author":2,"featured_media":0,"comment_status":"open","ping_status":"closed","sticky":false,"template":"","format":"standard","meta":{"footnotes":""},"categories":[1],"tags":[],"class_list":["post-10135","post","type-post","status-publish","format-standard","hentry","category-general"],"_links":{"self":[{"href":"https:\/\/www.vorspeisenplatte.de\/speisen\/wp-json\/wp\/v2\/posts\/10135","targetHints":{"allow":["GET"]}}],"collection":[{"href":"https:\/\/www.vorspeisenplatte.de\/speisen\/wp-json\/wp\/v2\/posts"}],"about":[{"href":"https:\/\/www.vorspeisenplatte.de\/speisen\/wp-json\/wp\/v2\/types\/post"}],"author":[{"embeddable":true,"href":"https:\/\/www.vorspeisenplatte.de\/speisen\/wp-json\/wp\/v2\/users\/2"}],"replies":[{"embeddable":true,"href":"https:\/\/www.vorspeisenplatte.de\/speisen\/wp-json\/wp\/v2\/comments?post=10135"}],"version-history":[{"count":0,"href":"https:\/\/www.vorspeisenplatte.de\/speisen\/wp-json\/wp\/v2\/posts\/10135\/revisions"}],"wp:attachment":[{"href":"https:\/\/www.vorspeisenplatte.de\/speisen\/wp-json\/wp\/v2\/media?parent=10135"}],"wp:term":[{"taxonomy":"category","embeddable":true,"href":"https:\/\/www.vorspeisenplatte.de\/speisen\/wp-json\/wp\/v2\/categories?post=10135"},{"taxonomy":"post_tag","embeddable":true,"href":"https:\/\/www.vorspeisenplatte.de\/speisen\/wp-json\/wp\/v2\/tags?post=10135"}],"curies":[{"name":"wp","href":"https:\/\/api.w.org\/{rel}","templated":true}]}}