{"id":101431,"date":"2024-09-17T07:47:00","date_gmt":"2024-09-17T05:47:00","guid":{"rendered":"https:\/\/www.vorspeisenplatte.de\/speisen\/?p=101431"},"modified":"2024-09-17T08:58:40","modified_gmt":"2024-09-17T06:58:40","slug":"journal-montag-16-september-2024-jenny-erpenbeck-kairos","status":"publish","type":"post","link":"https:\/\/www.vorspeisenplatte.de\/speisen\/2024\/09\/journal-montag-16-september-2024-jenny-erpenbeck-kairos.htm","title":{"rendered":"Journal Montag, 16. September 2024 &#8211; Jenny Erpenbeck, <i>Kairos<\/i>"},"content":{"rendered":"<p><a href=\"https:\/\/www.vorspeisenplatte.de\/speisen\/archiv\/buch_erpenbeckkairos.jpg\"><img loading=\"lazy\" decoding=\"async\" src=\"https:\/\/www.vorspeisenplatte.de\/speisen\/archiv\/buch_erpenbeckkairos.jpg\" alt=\"\" width=\"150\" height=\"234\" class=\"alignnone size-full wp-image-101171\" \/><\/a><\/p>\n<p>Die Lekt\u00fcre dieses Romans war f\u00fcr mich belastend und anstrengend, er ist durchaus eine Zumutung. Denn er erz\u00e4hlt wirklich keine sch\u00f6ne Geschichte, keine angenehme. Aber er ist meisterlich erz\u00e4hlt. Literatur darf eine Zumutung sein.<\/p>\n<p><i>Kairos<\/i> beginnt mit einem Prolog, der die Rahmenhandlung in der Gegenwart bildet (er wird auch von einem Epilog auf derselben Zeitebene geschlossen): Jemand, der sich wenige Seiten sp\u00e4ter als Protagonist der Handlung erweist, stirbt.<\/p>\n<p>Die eigentliche Handlung aber hat nochmal einen Rahmen, eine Variante von <a href=\"https:\/\/de.wikipedia.org\/wiki\/Der_Name_der_Rose#Zusammenfassung\" rel=\"noopener\" target=\"_blank\">Umberto Ecos &#8220;Nat\u00fcrlich, eine alte Handschrift&#8221;<\/a>: Die Protagonistin bekommt Kisten aus dem Nachlass des Verstorbenen, die Zeugnisse ihrer wenige Jahre langen Beziehung enthalten, Briefe, Geschenke. Erg\u00e4nzt durch Unterlagen aus dieser Zeit, die sie selbst besitzt, bilden sie das Ger\u00fcst der Erz\u00e4hlung &#8211; und markieren den Roman als einen historischen \u00fcber die letzten Jahre der DDR, den Mauerfall, die ersten Jahre danach.<\/p>\n<p>Jetzt setzt die eigentliche Handlung ein: Eine 19-j\u00e4hrige Frau, Katharina, und ein Mann deutlich \u00fcber 50, Hans, werden in der DDR der 1980er ein Liebespaar. Mir stellten sich sofort die Haare auf, das Literaturfeuilleton nannte dieses Sorte Phantasien alter Autoren irgendwann <a href=\"http:\/\/tigerbeatdown.com\/2010\/07\/01\/fond-memories-of-vagina-martin-amis-the-pregnant-widow\/\" rel=\"noopener\" target=\"_blank\">&#8220;Fond memories of vagina&#8221;<\/a> (der Protagonist ist auch noch Autor). Nur: Diese war von einer Frau geschrieben. Die Assoziation schwand auch, als immer klarer wurde: Diese Beziehung ist nicht Beiwerk, sondern die Haupthandlung des Romans. Und dass sie immer d\u00fcsterer, immer toxischer und damit belastend zu lesen wird, muss genau so sein.<\/p>\n<p>Hans stellt sich als psychisch schwer besch\u00e4digt aus, womit er wiederum tiefe Sch\u00e4den an Katharina anrichtet, die als ihren Affekten ausgeliefert geschildert wird und in emotionale Abh\u00e4ngigkeit von ihm ger\u00e4t. Denn die Geschichte spielt vor dem Hintergrund der sich aufl\u00f6senden DDR, kann in vielerlei Hinsicht als allegorischer Spiegel gelesen werden. Zun\u00e4chst ist der Hintergrund einfach der Alltag in Ostberlin, wo sich die Liebesgeschichte zwischen der 19-J\u00e4hrigen, die noch bei ihren Eltern wohnt, und dem verheirateten und renommierten Schriftsteller entwickelt. Anhand seiner Biografie werden Meilensteine der DDR-Geschichte eingeflochten, w\u00e4hrend die junge Frau schlicht nichts anderes kennt als dieses System.<\/p>\n<p>Die Beziehung ger\u00e4t immer weiter aus dem Gleichgewicht, Hans manipuliert seine Geliebte ins Ungl\u00fcck, und parallel wackelt auch das Gesellschaftssystem der DDR immer st\u00e4rker: Die historischen Entwicklungen nehmen immer mehr Raum ein, jeweils um das Leben der beiden und ihrer Angeh\u00f6rigen erz\u00e4hlt, bis hinein in die Jahre nach dem Mauerfall mit seiner kompletten Aufl\u00f6sung aller bestehenden Strukturen, Verlust von Arbeitsplatz, oft Wohnung, Verlust aller Gewissheiten.<\/p>\n<p>Das ist auch formal immer wieder spannend erz\u00e4hlt, mal mit fast lyrischen Mitteln, mal im Duktus einer biochemischen Abhandlung. Der Roman f\u00e4ngt dadurch die vielen Facetten einer Liebesbeziehung ebenso ein wie die eines erodierenden Gesellschaftssystems.<\/p>\n<p>&#8220;Kairos&#8221;, der gl\u00fcckliche Moment, wird gleich am Anfang als Hohn auf diese Geschichte markiert.<\/p>\n<p>\u00a7<\/p>\n<p>Gut geschlafen, wenig nach Herrn Kaltmamsell aufgestanden zur Milchkaffee-Zubereitung f\u00fcr uns beide. Ohne Regen aufgewacht, doch wie vorhergesagt setzte er bald wieder ein.<\/p>\n<p>Das fr\u00fche Aufstehen f\u00fchrte dazu, dass ich nach Bloggen, Mastodon- und ein wenig Zeitungslekt\u00fcre recht fr\u00fch f\u00fcr meine Schwimmpl\u00e4ne fertig war. Ich packte mich warm ein (wieder 7 Grad H\u00f6chsttemperatur) und nahm eine U-Bahn zum Olympiapark.<\/p>\n<p><a href=\"https:\/\/www.vorspeisenplatte.de\/speisen\/archiv\/240916_01_Olympiabad.jpg\"><img loading=\"lazy\" decoding=\"async\" src=\"https:\/\/www.vorspeisenplatte.de\/speisen\/archiv\/240916_01_Olympiabad.jpg\" alt=\"Blick von der Zuschauertrib\u00fcne auf ein gro\u00dfes Schwimmbecken in einer hohen Schwimmhalle mit gegen\u00fcberliegender Fensterwand\" width=\"423\" height=\"526\" class=\"alignnone size-full wp-image-101443\" \/><\/a><\/p>\n<p>Das Schwimmen lief sehr super: Ich glitt wieder wie eine Forelle durch das Wasser auf Bahn 7, die ich meine ganzen 3.300 Meter mit h\u00f6chsten zwei (wechselnden) Schwimmer*innen teilen musste.<\/p>\n<p>Mittags war ich bei einer Freundin verabredet, die wegen einer Verletzung bewegungseingeschr\u00e4nkt ist. Ich spazierte durch den kr\u00e4ftigen Regen \u00fcbers Olympiagel\u00e4nde Richtung Neuhausen.<\/p>\n<p><a href=\"https:\/\/www.vorspeisenplatte.de\/speisen\/archiv\/240916_04_Olympiapark.jpg\"><img loading=\"lazy\" decoding=\"async\" src=\"https:\/\/www.vorspeisenplatte.de\/speisen\/archiv\/240916_04_Olympiapark.jpg\" alt=\"D\u00fcstere, verregnete Parklandschaft mit See im Vordergrund, wenigen B\u00e4umen, H\u00fcgel im Hintergrund\" width=\"684\" height=\"350\" class=\"alignnone size-full \" \/><\/a><\/p>\n<p><a href=\"https:\/\/www.vorspeisenplatte.de\/speisen\/archiv\/240916_05_Olympiapark.jpg\"><img loading=\"lazy\" decoding=\"async\" src=\"https:\/\/www.vorspeisenplatte.de\/speisen\/archiv\/240916_05_Olympiapark.jpg\" alt=\"Blick aufs d\u00fcstere, verregnete Olympiagel\u00e4nde mit links Fernsehturm, vorne einer riesigen Strebe, die das Plastikdach des Olympiabads h\u00e4te, davor, See und h\u00fcgelige Wiesen\" width=\"528\" height=\"394\" class=\"alignnone size-full \" \/><\/a><\/p>\n<p>Semmelkauf und Mittagscappuccino in einer B\u00e4ckerei, Supermarkteink\u00e4ufe f\u00fcrs Fr\u00fchst\u00fcck und f\u00fcr die Verletzte. Zu diesem Fr\u00fchst\u00fcck bei ihr a\u00df ich zwei Schinkensemmeln, wir holten das Gespr\u00e4ch nach, das wegen der Verletzung hatte ausfallen m\u00fcssen.<\/p>\n<p>Nach Hause, es regnete flei\u00dfig weiter, nahm ich eine Tram vom Leonrodplatz, Herr Kaltmamsell war schon von der Arbeit daheim.<\/p>\n<p>B\u00fcgeln zum Soundtrack <a href=\"https:\/\/www.vorspeisenplatte.de\/speisen\/2024\/09\/journal-sonntag-15-september-2024-familien-filmshow.htm\" rel=\"noopener\" target=\"_blank\">des Spanien-Familienfilms<\/a>, der mit dem QR-Code zur Spotify-Playlist endete (<a href=\"https:\/\/tenor.com\/uCGiQmalAPp.gif\" rel=\"noopener\" target=\"_blank\">ICH LIEBE TECHNIK!<\/a>). Wobei&#8230; Eigentlich hatte ich gleich auf der R\u00fcckfahrt am Sonntag reinh\u00f6ren wollen: Aber meine kabellosen Kopfh\u00f6rere hatten sich mal wieder in den wenigen Tagen seit dem letzten Aufladen komplett entladen, Akku bei Null. (ICH LIEBE FUNKTIONIERENDE TECHNIK!)<\/p>\n<p>Eine Einheit Yoga-Gymnastik &#8211; die sich gestern ausgerechnet auf Schultern und die R\u00fcckenmuskeln konzentrierte, die ich beim Schwimmen reichlich genutzt hatte. Ging trotzdem, bereitete Freude. Als Aperitif holte ich den Apfel nach, den ich zum Fr\u00fchst\u00fcck vergessen hatte.<\/p>\n<p>Zum Nachtmahl servierte Herr Kaltmamsell die erste  Umsetzung eines Rezepts aus dem Hochzeitskochbuch vom August: Fenchel-Tomaten-Unsinn (Fenchel und Sellerie aus Ernteanteil).<\/p>\n<p><a href=\"https:\/\/www.vorspeisenplatte.de\/speisen\/archiv\/240916_07_Nachtmahl.jpg\"><img loading=\"lazy\" decoding=\"async\" src=\"https:\/\/www.vorspeisenplatte.de\/speisen\/archiv\/240916_07_Nachtmahl.jpg\" alt=\"Blick von oben in eine Pfanne mit gegartem Gem\u00fcse, erkennbar sind Fenchelstreifen, Tomatenst\u00fccke, schwarze Oliven\" width=\"333\" height=\"444\" class=\"alignnone size-full wp-image-101446\" \/><\/a><\/p>\n<p>Dazu gebratener Halloumi &#8211; sehr gut. Nachtisch Schokolade.<\/p>\n<p>Ich musste mich immer wieder daran erinnern, dass ich schon Mittwochmorgen verreisen werde. Aber Dienstag habe ich richtig frei &#8211; ein ganzer Tag, um mich vor der Abreise noch v\u00f6llig verr\u00fcckt zu machen!<\/p>\n<p>\u00a7<\/p>\n<p>Der Zusammenhang zwischen den derzeitigen starken Regenf\u00e4llen samt \u00dcberflutungen und Klimawandel:<br \/>\n<a href=\"https:\/\/taz.de\/Ueberschwemmungen-in-Europa\/!6033977\/\" rel=\"noopener\" target=\"_blank\">&#8220;Luft voller Wasser&#8221;.<\/a> <img loading=\"lazy\" decoding=\"async\" src=\"https:\/\/vg04.met.vgwort.de\/na\/db269ce031544630aa3a9d1e764be9d2\" width=\"1\" height=\"1\" alt=\"\"\/><\/p>\n","protected":false},"excerpt":{"rendered":"<p>Die Lekt\u00fcre dieses Romans war f\u00fcr mich belastend und anstrengend, er ist durchaus eine Zumutung. Denn er erz\u00e4hlt wirklich keine sch\u00f6ne Geschichte, keine angenehme. Aber er ist meisterlich erz\u00e4hlt. Literatur darf eine Zumutung sein. Kairos beginnt mit einem Prolog, der die Rahmenhandlung in der Gegenwart bildet (er wird auch von einem Epilog auf derselben Zeitebene [&hellip;]<\/p>\n","protected":false},"author":2,"featured_media":0,"comment_status":"open","ping_status":"closed","sticky":false,"template":"","format":"standard","meta":{"footnotes":""},"categories":[3,6,2,1],"tags":[],"class_list":["post-101431","post","type-post","status-publish","format-standard","hentry","category-bucher","category-essen","category-fotos","category-general"],"_links":{"self":[{"href":"https:\/\/www.vorspeisenplatte.de\/speisen\/wp-json\/wp\/v2\/posts\/101431","targetHints":{"allow":["GET"]}}],"collection":[{"href":"https:\/\/www.vorspeisenplatte.de\/speisen\/wp-json\/wp\/v2\/posts"}],"about":[{"href":"https:\/\/www.vorspeisenplatte.de\/speisen\/wp-json\/wp\/v2\/types\/post"}],"author":[{"embeddable":true,"href":"https:\/\/www.vorspeisenplatte.de\/speisen\/wp-json\/wp\/v2\/users\/2"}],"replies":[{"embeddable":true,"href":"https:\/\/www.vorspeisenplatte.de\/speisen\/wp-json\/wp\/v2\/comments?post=101431"}],"version-history":[{"count":3,"href":"https:\/\/www.vorspeisenplatte.de\/speisen\/wp-json\/wp\/v2\/posts\/101431\/revisions"}],"predecessor-version":[{"id":101471,"href":"https:\/\/www.vorspeisenplatte.de\/speisen\/wp-json\/wp\/v2\/posts\/101431\/revisions\/101471"}],"wp:attachment":[{"href":"https:\/\/www.vorspeisenplatte.de\/speisen\/wp-json\/wp\/v2\/media?parent=101431"}],"wp:term":[{"taxonomy":"category","embeddable":true,"href":"https:\/\/www.vorspeisenplatte.de\/speisen\/wp-json\/wp\/v2\/categories?post=101431"},{"taxonomy":"post_tag","embeddable":true,"href":"https:\/\/www.vorspeisenplatte.de\/speisen\/wp-json\/wp\/v2\/tags?post=101431"}],"curies":[{"name":"wp","href":"https:\/\/api.w.org\/{rel}","templated":true}]}}