{"id":101575,"date":"2024-09-21T07:37:37","date_gmt":"2024-09-21T05:37:37","guid":{"rendered":"https:\/\/www.vorspeisenplatte.de\/speisen\/?p=101575"},"modified":"2024-09-21T09:18:14","modified_gmt":"2024-09-21T07:18:14","slug":"journal-freitag-20-september-2024-angekommen-an-der-mallorca-wanderung","status":"publish","type":"post","link":"https:\/\/www.vorspeisenplatte.de\/speisen\/2024\/09\/journal-freitag-20-september-2024-angekommen-an-der-mallorca-wanderung.htm","title":{"rendered":"Journal Freitag, 20. September 2024 &#8211; Angekommen an der Mallorca-Wanderung"},"content":{"rendered":"<p>Das Wichtigste vorweg: Ich bin ohne Hindernisse im Start-Hotel meiner Wanderung eingetroffen, es ist also auf dieser etwa 50-st\u00fcndigen Anreise \u00fcberhaupt nichts schief gegangen. Ich hoffe sehr, dass ich mich bei der R\u00fcckreise weniger anstelle.<\/p>\n<p>Weil nach den Kosten gefragt wurde:<br \/>\nF\u00fcr den reinen Transport habe ich 650 Euro gezahlt, also f\u00fcr Bahnreise M\u00fcnchen-Paris-Barcelona und zur\u00fcck, f\u00fcr F\u00e4hre Barcelona-Palma sowie Alc\u00fadia-Barcelona. Dazu kamen die Kosten f\u00fcr zwei \u00dcbernachtungen in Barcelona.<br \/>\nZum Vergleich: Ein Flug M\u00fcnchen-Palma kostet regul\u00e4r inklusive Gep\u00e4ck unter 300 Euro. Das muss man sich also schon sehr leisten k\u00f6nnen und wollen.<\/p>\n<p>\u00a7<\/p>\n<p>F\u00fcr Ankommen um 6 Uhr in Palma hatte ich mir den Wecker auf 5:15 Uhr gestellt &#8211; extra fr\u00fch, um noch Zeit f\u00fcrs Finalisieren des Blogposts zu haben. Dachte ich. Es war aber f\u00fcnf, als eine Durchsage uns <i>pasajeros<\/i> einen guten Morgen w\u00fcnschte und ich nach mehrfachem (nicht belastendem) Aufwachen in der Nacht endg\u00fcltig den Schlaf beendete.<\/p>\n<p><a href=\"https:\/\/www.vorspeisenplatte.de\/speisen\/archiv\/240920_01_Faehre.jpg\"><img loading=\"lazy\" decoding=\"async\" src=\"https:\/\/www.vorspeisenplatte.de\/speisen\/archiv\/240920_01_Faehre.jpg\" alt=\"Ganzk\u00f6rper-Spiegelselfie einer wei\u00dfhaarigen Frau in Jeans und buntem T-Shirt\" width=\"293\" height=\"438\" class=\"alignnone size-full wp-image-101588\" \/><\/a><\/p>\n<p>Befinden: Nicht wirklich m\u00fcde, nur ein wenig bet\u00e4ubt.<\/p>\n<p>Ab jetzt hoffte ich auf jede Verz\u00f6gerung, weil ich wirklich nicht wusste, was ich kurz nach sechs in Palma de Mallorca sollte, auch nicht scharf war auf den allerersten Bus ins Start-\u00d6rtchen Esporles &#8211; denn was sollte ich denn um acht in einem Hotel, in dem sehr wahrscheinlich mein Zimmer noch nicht bezugsfertig war.<\/p>\n<p>Doch das F\u00e4hren-Personal machte das ja nicht zum ersten Mal, die Ausfahrt (f\u00fcr die Leute mit Lkw, Pkw, Wohnmobil, Motorrad) und das Verlassen der F\u00e4hre zu Fu\u00df flutschten, zumal wir eine wirklich \u00fcbersichtliche Gruppe waren. Die Fu\u00dfg\u00e4nger*innen wurden in einem Reisebus aus dem Hafengel\u00e4nde gefahren, um halb sieben stand ich mit meinem Koffer am Meer unter der Kathedrale in stockfinsterer Nacht.<\/p>\n<p><a href=\"https:\/\/www.vorspeisenplatte.de\/speisen\/archiv\/240920_03_PalmadeMallorca.jpg\"><img loading=\"lazy\" decoding=\"async\" src=\"https:\/\/www.vorspeisenplatte.de\/speisen\/archiv\/240920_03_PalmadeMallorca.jpg\" alt=\"Gotische Kathedrale unbeleuchtet vor Nachthimmel \" width=\"423\" height=\"510\" class=\"alignnone size-full wp-image-101589\" \/><\/a><\/p>\n<p>Ich spazierte zum Bahnhof (Bus-, Bahn-, U-Bahn-) durch eine grotesk luxuri\u00f6se Fu\u00dfg\u00e4ngerzone (u.a. Carrer de Sant Miquel), in der erwartungsgem\u00e4\u00df alle Gastronomie noch geschlossen war. <\/p>\n<p><a href=\"https:\/\/www.vorspeisenplatte.de\/speisen\/archiv\/240920_04_PalmadeMallorca.jpg\"><img loading=\"lazy\" decoding=\"async\" src=\"https:\/\/www.vorspeisenplatte.de\/speisen\/archiv\/240920_04_PalmadeMallorca.jpg\" alt=\"Graffiti auf einem Bauzaun: \u201eMallorca no est\u00e0 en venda\u201c. Dahinter n\u00e4chtliche gepflegte Altstadt mit Laterne und Palme.\" width=\"393\" height=\"524\" class=\"alignnone size-full wp-image-101590\" \/><\/a><\/p>\n<p>Doch kurz nach sieben rettete mich im Busbahnhof ein offener Bar, ich bekam meinen <i>caf\u00e9 con leche<\/i> &#8211; und fragte mich bei den drei entz\u00fcckenden Frauen hinter der Theke (\u201e\u00bfalgo m\u00e1s, reina?\u201c), wo sie wohnen und wie weit sie wohl zur Arbeit fahren mussten.<\/p>\n<p>Mit mutma\u00dflichen Weit-zur-Arbeit-Fahrerinnen teilte ich mir dann den \u00dcberland-Bus nach Esporles, war um diese Zeit die einzige am Koffer erkennbare Touristin. Ich stieg fr\u00fch genug aus, um noch ein paar Meter zum Hotel laufen zu k\u00f6nnen und um Zeit zu schinden.<\/p>\n<p>Als ich um 9 Uhr eintraf, reagierte man superflexibel auf die Vorzeitigkeit und gab mir einfach ein anderes als das geplante Zimmer, das aber bereits bezugsfertig war.<\/p>\n<p><a href=\"https:\/\/www.vorspeisenplatte.de\/speisen\/archiv\/240920_13_EsporlesHotel.jpg\"><img loading=\"lazy\" decoding=\"async\" src=\"https:\/\/www.vorspeisenplatte.de\/speisen\/archiv\/240920_13_EsporlesHotel.jpg\" alt=\"Hotelzimmer mit Doppelbett, klein in alten wei\u00dfen Mauern, an der Decke dunkle Holzbalken\" width=\"476\" height=\"392\" class=\"alignnone size-full wp-image-101591\" \/><\/a><\/p>\n<p>Von der Zimmert\u00fcr f\u00fchrt eine eigene Innentreppe herauf! Durchs Fenster zur Kirche, das ich gleich \u00f6ffnete, quietschte es heftig (und auf die Dauer etwas nervig) nach Jungfalken.<\/p>\n<p>Au\u00dferdem auf der Innenseite der Innent\u00fcr ein Hinweis, dass das Haus Abendessen anbietet, man m\u00f6ge sich bis 18 Uhr daf\u00fcr anmelden. Ol\u00e9, damit war die Frage gekl\u00e4rt, wo ich ein warmes Abendessen bekommen w\u00fcrde (ohne m\u00fchselige Recherche), ich hoffte auf Hausmannskost.<\/p>\n<p><a href=\"https:\/\/www.vorspeisenplatte.de\/speisen\/archiv\/240920_16_EsporlesHotel.jpg\"><img loading=\"lazy\" decoding=\"async\" src=\"https:\/\/www.vorspeisenplatte.de\/speisen\/archiv\/240920_16_EsporlesHotel.jpg\" alt=\"Altes mehrst\u00f6ckiges Haus aus gelben, unverputzten Steinen mit gr\u00fcnen Fensterl\u00e4den und gro\u00dfer dunkler Holzt\u00fcr\" width=\"423\" height=\"564\" class=\"alignnone size-full wp-image-101592\" \/><\/a><\/p>\n<p>Hotel von au\u00dfen.<\/p>\n<p>Nach einer Weile Ausruhen mit Zeitunglesen (<i>S\u00fcddeutsche<\/i> bereits voller Oktoberfest, ich bin sehr froh, nicht in M\u00fcnchen zu sein) zog es mich raus in den Ort. Noch ein <i>caf\u00e9 con leche<\/i>. Wieder landete ich zielsicher in dem uncoolen Lokal mit alten Einheimischen &#8211; aber vielleicht sollte ich das ja gar nicht, sondern die Leute hier lieber in Ruhe lassen und hingehen, wohin ich geh\u00f6re, n\u00e4mlich in die sch\u00f6nen Caf\u00e9s eigens f\u00fcr Tourist*innen. Es ist kompliziert. Eink\u00e4ufe f\u00fcr sp\u00e4tere Brotzeit.<\/p>\n<p>Ich wollte gerne schon ein bisschen Gehen \u00fcben f\u00fcr die kommenden Tage, gerne inklusive Ausblick, also folgte ich der Empfehlung des Reise-Veranstalters und spazierte Richtung Cor de Jesus, einer Statue auf einer Anh\u00f6he. Google Maps zeigte allerdings nur die Stra\u00dfe als Fu\u00dfweg an, und selbst dann kam ich nicht bis ganz oben. Egal, ich bekam ein paar Ausblicke und Bewegung.<\/p>\n<p><a href=\"https:\/\/www.vorspeisenplatte.de\/speisen\/archiv\/240920_22_Esporles.jpg\"><img loading=\"lazy\" decoding=\"async\" src=\"https:\/\/www.vorspeisenplatte.de\/speisen\/archiv\/240920_22_Esporles.jpg\" alt=\"Erh\u00f6hter Blick auf ein Tal mit einem mallorquiner Ort, dahinter flache Berge aus r\u00f6tlichem Stein und mit B\u00e4umen, dar\u00fcber blauer Himmel mit wenigen wei\u00dfen Wolken\" width=\"645\" height=\"484\" class=\"alignnone size-full \" \/><\/a><\/p>\n<p>Blick auf Esporles, und in diese Berge wird mich meine Wanderung f\u00fchren.<\/p>\n<p>Im Hotel gab&#8217;s kurz vor zwei Fr\u00fchst\u00fcck: Aus einer \u00f6rtlichen B\u00e4ckerei eine Vollcorn-Empanada mit Gem\u00fcsef\u00fcllung, die sich als vor allem Mangold erwies und sehr schmackhaft war. Die kleinen S\u00fc\u00df-Explosionen dazwischen, die ich als Rosinen identifizierte, h\u00e4tte es meinetwegen aber nicht gebraucht: Auch meine Rosinen-Zuneigung hat Grenzen. Au\u00dferdem a\u00df ich Joghurt.<\/p>\n<p>Nach einem mittelerfolgreichen Siesta-Versuch (zu hoher Ger\u00e4uschpegel in der Unterkunft) zog es mich nochmal raus: Ich hatte gesehen, dass <a href=\"https:\/\/caminsdepedra.conselldemallorca.es\/de\/trockenmauerweg-gr-221\" rel=\"noopener\" target=\"_blank\">der Trockenmauerweg durch die Tramuntana<\/a>, den ich gehen werde, nicht erst in Esporles beginnt, sondern schon davor. Also spazierte ich ein St\u00fcck r\u00fcckw\u00e4rts &#8211; praktisch als Test f\u00fcr die Art des Weges. Das war zum einen sehr sch\u00f6n: Der Weg war eher breit, gut mit Steinen und Stufen befestigt, klar ausgeschildert, der Verlauf mit Liebe gelegt. Zum anderen wusste ich jetzt, dass es hoch und runter geht, ich Superschwitzerin also lieber leichte Kleidung trage. Und mein M\u00fcckenspray sorgf\u00e4ltig verteile. <\/p>\n<p><a href=\"https:\/\/www.vorspeisenplatte.de\/speisen\/archiv\/240920_28_EsporlesTrockenmauerweg.jpg\"><img loading=\"lazy\" decoding=\"async\" src=\"https:\/\/www.vorspeisenplatte.de\/speisen\/archiv\/240920_28_EsporlesTrockenmauerweg.jpg\" alt=\"Auf einer Weide drei dunkle Ziegen unter einem riesigen Feigenbaum\" width=\"588\" height=\"381\" class=\"alignnone size-full \" \/><\/a><\/p>\n<p>Ziegen unter m\u00e4chtigem Feigenbaum.<\/p>\n<p><a href=\"https:\/\/www.vorspeisenplatte.de\/speisen\/archiv\/240920_30_EsporlesTrockenmauerweg.jpg\"><img loading=\"lazy\" decoding=\"async\" src=\"https:\/\/www.vorspeisenplatte.de\/speisen\/archiv\/240920_30_EsporlesTrockenmauerweg.jpg\" alt=\"Mit Steinen befestigter Wanderweg, auf beiden Seiten dicke Steinmauern und mediterrane B\u00e4ume\" width=\"423\" height=\"564\" class=\"alignnone size-full wp-image-101596\" \/><\/a><\/p>\n<p>Schon hier wird klar, warum er Trockenmauerweg hei\u00dft.<\/p>\n<p><a href=\"https:\/\/www.vorspeisenplatte.de\/speisen\/archiv\/240920_32_EsporlesTrockenmauerweg.jpg\"><img loading=\"lazy\" decoding=\"async\" src=\"https:\/\/www.vorspeisenplatte.de\/speisen\/archiv\/240920_32_EsporlesTrockenmauerweg.jpg\" alt=\"Mit gro\u00dfen, runden Steinen befestigter Wanderweg\" width=\"393\" height=\"524\" class=\"alignnone size-full wp-image-101597\" \/><\/a><\/p>\n<p><a href=\"https:\/\/www.vorspeisenplatte.de\/speisen\/archiv\/240920_36_EsporlesTrockenmauerweg.jpg\"><img loading=\"lazy\" decoding=\"async\" src=\"https:\/\/www.vorspeisenplatte.de\/speisen\/archiv\/240920_36_EsporlesTrockenmauerweg.jpg\" alt=\"Erh\u00f6hter Blick auf mediterrane H\u00fcgellandschaft mit viel Gr\u00fcn, dar\u00fcber dunkle Wolken\" width=\"568\" height=\"453\" class=\"alignnone size-full \" \/><\/a><\/p>\n<p><a href=\"https:\/\/www.vorspeisenplatte.de\/speisen\/archiv\/240920_37_EsporlesTrockenmauerweg.jpg\"><img loading=\"lazy\" decoding=\"async\" src=\"https:\/\/www.vorspeisenplatte.de\/speisen\/archiv\/240920_37_EsporlesTrockenmauerweg.jpg\" alt=\"Schmaler, sandiger Wanderweg, rechts geht es einen bewaldeten Abhang hinab, links hinauf\" width=\"423\" height=\"564\" class=\"alignnone size-full wp-image-101599\" \/><\/a><\/p>\n<p>Ich war w\u00e4hrend dieser anderthalb Stunden einigen Wander*innen begegnet, aber nicht abschreckend vielen. Aus den dunklen Wolken hatte ich auch ein paar Regentropfen abbekommen, an meinem ersten richtigen Wandertag am Samstag sollen das noch mehr werden.<\/p>\n<p>Zur\u00fcck im Hotel Telefonat mit Herrn Kaltmamsell, Lesen, Bloggen. Hungrig linste ich immer wieder auf die Uhr, bis es endlich 20 Uhr war (f\u00fcr spanisches Abendessen eigentlich unchristlich fr\u00fch) und Zeit f\u00fcr meine Reservierung.<\/p>\n<p><a href=\"https:\/\/www.vorspeisenplatte.de\/speisen\/archiv\/240920_42_EsporlesHotel.jpg\"><img loading=\"lazy\" decoding=\"async\" src=\"https:\/\/www.vorspeisenplatte.de\/speisen\/archiv\/240920_42_EsporlesHotel.jpg\" alt=\"Gastraum mit wei\u00dfen W\u00e4nden, B\u00f6gen, an der Decke dunkle Holzbalken\" width=\"492\" height=\"366\" class=\"alignnone size-full wp-image-101601\" \/><\/a><\/p>\n<p>Die T\u00fcr rechts f\u00fchrte in mein Zimmer.<\/p>\n<p>Zu meiner gro\u00dfen Freude wurde die Hoffnung auf Hausmannskost \u00fcbertroffen: Das Tagesmen\u00fc war spanische Hausmannskost in besonders fein (aber nicht wirklich fotografabel). Erstmal Brot mit Aioli und Oliven &#8211; ich hatte schon wieder vergessen, wie sensationell die gr\u00fcnen Oliven auf Mallorca schmecken.<\/p>\n<p>Als Vorspeise gebratene Pimientos de padr\u00f3n, ein St\u00fcckchen Gem\u00fcse-Coca, vor allem aber ein Tonsch\u00fcsselchen Kartoffeln-Auberginenscheiben-Tomatensauce im Ofen geschmurgelt. Hauptgang: Frisches Fischfilet mit einem safranigen Kartoffel-Karotten-Zucchini-Champignon-Gem\u00fcse. <\/p>\n<p><a href=\"https:\/\/www.vorspeisenplatte.de\/speisen\/archiv\/240920_46_EsporlesHotel.jpg\"><img loading=\"lazy\" decoding=\"async\" src=\"https:\/\/www.vorspeisenplatte.de\/speisen\/archiv\/240920_46_EsporlesHotel.jpg\" alt=\"Ein Tellermit gebratenem Fischfilet und Gem\u00fcse, dahinter ein Glas Wei\u00dfwein und eines mit Wasser\" width=\"333\" height=\"423\" class=\"alignnone size-full wp-image-101602\" \/><\/a><\/p>\n<p>Alles auf den Punkt gegart und liebevoll abgeschmeckt. Dazu lie\u00df ich mir zwei Gl\u00e4ser Verdejo aus Rueda einschenken, ich hatte mich den ganzen Nachmittag auf Alkohol gefreut. Zum Nachtisch Mango-Eis, sehr sch\u00f6n mit Mangost\u00fccken.<\/p>\n<p>Einschlafen mit Party-Band-Begleitung in der mittleren Ferne (&#8220;Hello Mary Lou&#8221;, &#8220;Marina, Marina, Marina&#8221;). Am Einschlafen gehindert allerdings von Pkw-L\u00e4rm: Vor diesem Fenster wurde wie daheim in M\u00fcnchen sehr unkundig eingeparkt. <img loading=\"lazy\" decoding=\"async\" src=\"https:\/\/vg04.met.vgwort.de\/na\/d826aab78d6742efa39cdce8968e1979\" width=\"1\" height=\"1\" alt=\"\"\/><\/p>\n","protected":false},"excerpt":{"rendered":"<p>Das Wichtigste vorweg: Ich bin ohne Hindernisse im Start-Hotel meiner Wanderung eingetroffen, es ist also auf dieser etwa 50-st\u00fcndigen Anreise \u00fcberhaupt nichts schief gegangen. Ich hoffe sehr, dass ich mich bei der R\u00fcckreise weniger anstelle. Weil nach den Kosten gefragt wurde: F\u00fcr den reinen Transport habe ich 650 Euro gezahlt, also f\u00fcr Bahnreise M\u00fcnchen-Paris-Barcelona und [&hellip;]<\/p>\n","protected":false},"author":2,"featured_media":0,"comment_status":"open","ping_status":"closed","sticky":false,"template":"","format":"standard","meta":{"footnotes":""},"categories":[6,2,1],"tags":[],"class_list":["post-101575","post","type-post","status-publish","format-standard","hentry","category-essen","category-fotos","category-general"],"_links":{"self":[{"href":"https:\/\/www.vorspeisenplatte.de\/speisen\/wp-json\/wp\/v2\/posts\/101575","targetHints":{"allow":["GET"]}}],"collection":[{"href":"https:\/\/www.vorspeisenplatte.de\/speisen\/wp-json\/wp\/v2\/posts"}],"about":[{"href":"https:\/\/www.vorspeisenplatte.de\/speisen\/wp-json\/wp\/v2\/types\/post"}],"author":[{"embeddable":true,"href":"https:\/\/www.vorspeisenplatte.de\/speisen\/wp-json\/wp\/v2\/users\/2"}],"replies":[{"embeddable":true,"href":"https:\/\/www.vorspeisenplatte.de\/speisen\/wp-json\/wp\/v2\/comments?post=101575"}],"version-history":[{"count":3,"href":"https:\/\/www.vorspeisenplatte.de\/speisen\/wp-json\/wp\/v2\/posts\/101575\/revisions"}],"predecessor-version":[{"id":101622,"href":"https:\/\/www.vorspeisenplatte.de\/speisen\/wp-json\/wp\/v2\/posts\/101575\/revisions\/101622"}],"wp:attachment":[{"href":"https:\/\/www.vorspeisenplatte.de\/speisen\/wp-json\/wp\/v2\/media?parent=101575"}],"wp:term":[{"taxonomy":"category","embeddable":true,"href":"https:\/\/www.vorspeisenplatte.de\/speisen\/wp-json\/wp\/v2\/categories?post=101575"},{"taxonomy":"post_tag","embeddable":true,"href":"https:\/\/www.vorspeisenplatte.de\/speisen\/wp-json\/wp\/v2\/tags?post=101575"}],"curies":[{"name":"wp","href":"https:\/\/api.w.org\/{rel}","templated":true}]}}