{"id":101835,"date":"2024-09-26T07:17:39","date_gmt":"2024-09-26T05:17:39","guid":{"rendered":"https:\/\/www.vorspeisenplatte.de\/speisen\/?p=101835"},"modified":"2025-09-12T09:01:07","modified_gmt":"2025-09-12T07:01:07","slug":"journal-mittwoch-25-september-2024-eigenmaechtiger-wandertag-soller-deia-fontalutx","status":"publish","type":"post","link":"https:\/\/www.vorspeisenplatte.de\/speisen\/2024\/09\/journal-mittwoch-25-september-2024-eigenmaechtiger-wandertag-soller-deia-fontalutx.htm","title":{"rendered":"Journal Mittwoch, 25. September 2024 &#8211; Eigenm\u00e4chtiger Wandertag S\u00f3ller-Dei\u00e1 \/ Fontalutx"},"content":{"rendered":"<p>Guter Nachtschlaf, allerdings mit seltsamen Tr\u00e4umen. Mittlerweile kam darin auch mal meine Chefin vor, ganz freundlich, aber bei allem Respekt: Da geh\u00f6rt sie nicht hin.<\/p>\n<p>Ein richtig langer sch\u00f6ner Wandertag, abends f\u00fchlte sich der Start am Morgen bereits wie der Vortag an.<\/p>\n<p>Beim Hotelfr\u00fchst\u00fcck machte ich mir wieder eine Brotzeitsemmel zurecht, nahm dann die 9-Uhr-Holz-Tram nach Port S\u00f3ller (beim Warten darauf Sichtung Lastenfahrrad mit Kind drin).<\/p>\n<p><a href=\"https:\/\/www.vorspeisenplatte.de\/speisen\/archiv\/240925_07_Soller.jpg\"><img loading=\"lazy\" decoding=\"async\" class=\"alignnone size-full \" src=\"https:\/\/www.vorspeisenplatte.de\/speisen\/archiv\/240925_07_Soller.jpg\" alt=\"Links Blick \u00fcber sonnige Orangenhaine vor H\u00fcgelkette und blauem Himmel, rechts angeschnitten das Abteil der offenen Holz-Tram\" width=\"638\" height=\"425\" \/><\/a><\/p>\n<p>Nicht mal die H\u00e4lfte der Sitze waren besetzt. Neben Orangenb\u00e4umen sah ich auch welche mit reifen Kaki und Persimon.<\/p>\n<p>Die Wiederholung der Wanderung Dei\u00e1-S\u00f3ller in die Gegenrichtung war eine sehr gute Idee, sie machte richtig Spa\u00df. Auch wenn neben mir viele, viele weitere Wander*innen in beide Richtungen unterwegs waren. Bei herrlichem Wetter gro\u00dfartige Aussichten, und ich sah einen sch\u00f6nen Falken. Die Wege waren zum Teil noch vom Regen am Montag feucht, aber nicht matschig oder glatt.<\/p>\n<p><a href=\"https:\/\/www.vorspeisenplatte.de\/speisen\/archiv\/240925_12_PortSoller.jpg\"><img loading=\"lazy\" decoding=\"async\" class=\"alignnone size-full wp-image-101853\" src=\"https:\/\/www.vorspeisenplatte.de\/speisen\/archiv\/240925_12_PortSoller.jpg\" alt=\"Von einer niedrigen Br\u00fccke aus Blick einen Kanal entlang, im Hintergrund B\u00e4ume und eine H\u00fcgelkette\" width=\"398\" height=\"515\" \/><\/a><\/p>\n<p>Port S\u00f3ller sa\u00df noch beim Fr\u00fchst\u00fcck, auf den Terrassen vor den Lokalen entspannt wirkende Urlauber*innen.<\/p>\n<p><a href=\"https:\/\/www.vorspeisenplatte.de\/speisen\/archiv\/240925_13_PortSoller.jpg\"><img loading=\"lazy\" decoding=\"async\" class=\"alignnone size-full \" src=\"https:\/\/www.vorspeisenplatte.de\/speisen\/archiv\/240925_13_PortSoller.jpg\" alt=\"Ein Fahrrad lehnt am M\u00e4uerchen zum Strand, auf dem M\u00e4uerchen ein Rucksack und Kleidung, hinter dem M\u00e4uerchen Strandliegen unter Schirmen, im Hintergrund sonnenbeschienene H\u00e4user\" width=\"405\" height=\"531\" \/><\/a><\/p>\n<p>Und beim Baden.<\/p>\n<p><a href=\"https:\/\/www.vorspeisenplatte.de\/speisen\/archiv\/240925_16_PortSoller.jpg\"><img loading=\"lazy\" decoding=\"async\" class=\"alignnone size-full \" src=\"https:\/\/www.vorspeisenplatte.de\/speisen\/archiv\/240925_16_PortSoller.jpg\" alt=\"Blick von weit oben auf eine gro\u00dfe Meeresbucht in diesigem Morgenlicht, umgeben von H\u00fcgeln\" width=\"606\" height=\"450\" \/><\/a><\/p>\n<p>Port S\u00f3ller.<\/p>\n<p><a href=\"https:\/\/www.vorspeisenplatte.de\/speisen\/archiv\/240925_20_Soller_Deia.jpg\"><img loading=\"lazy\" decoding=\"async\" class=\"alignnone size-full wp-image-101856\" src=\"https:\/\/www.vorspeisenplatte.de\/speisen\/archiv\/240925_20_Soller_Deia.jpg\" alt=\"Schmaler, steiniger Wanderweg in der Sonne zwischen wenigen B\u00e4umen\" width=\"454\" height=\"605\" srcset=\"https:\/\/www.vorspeisenplatte.de\/speisen\/archiv\/240925_20_Soller_Deia.jpg 454w, https:\/\/www.vorspeisenplatte.de\/speisen\/archiv\/240925_20_Soller_Deia-450x600.jpg 450w\" sizes=\"auto, (max-width: 454px) 100vw, 454px\" \/><\/a><\/p>\n<p><a href=\"https:\/\/www.vorspeisenplatte.de\/speisen\/archiv\/240925_22_Soller_Deia.jpg\"><img loading=\"lazy\" decoding=\"async\" class=\"alignnone size-full wp-image-101857\" src=\"https:\/\/www.vorspeisenplatte.de\/speisen\/archiv\/240925_22_Soller_Deia.jpg\" alt=\"Esel in der Sonne unter B\u00e4umen\" width=\"400\" height=\"533\" \/><\/a><\/p>\n<p>Ich sah viele Esel unterwegs.<\/p>\n<p><a href=\"https:\/\/www.vorspeisenplatte.de\/speisen\/archiv\/240925_27_Soller_Deia.jpg\"><img loading=\"lazy\" decoding=\"async\" class=\"alignnone size-full \" src=\"https:\/\/www.vorspeisenplatte.de\/speisen\/archiv\/240925_27_Soller_Deia.jpg\" alt=\"An einem breiten Weg ein Wanrschild mit einer Katze, mit Edding darunter &quot;plaga de gatos&quot;\" width=\"544\" height=\"473\" \/><\/a><\/p>\n<p>V\u00f6llig neue Gefahren.<\/p>\n<p><a href=\"https:\/\/www.vorspeisenplatte.de\/speisen\/archiv\/240925_30_Soller_Deia.jpg\"><img loading=\"lazy\" decoding=\"async\" class=\"alignnone size-full \" src=\"https:\/\/www.vorspeisenplatte.de\/speisen\/archiv\/240925_30_Soller_Deia.jpg\" alt=\"Eine kleine Steinkirche im Sonnenlicht, dahinter blauer Himmel\" width=\"576\" height=\"514\" \/><\/a><\/p>\n<p>Diese Kapelle hatte ich in der Gegenrichtung nicht mal gesehen.<\/p>\n<p><a href=\"https:\/\/www.vorspeisenplatte.de\/speisen\/archiv\/240925_31_Soller_Deia.jpg\"><img loading=\"lazy\" decoding=\"async\" class=\"alignnone size-full wp-image-101860\" src=\"https:\/\/www.vorspeisenplatte.de\/speisen\/archiv\/240925_31_Soller_Deia.jpg\" alt=\"Wanderweg beschattet von hoher Steinmauer, rechts sonnige B\u00e4ume, dahinter blauer Himmel\" width=\"392\" height=\"550\" \/><\/a><\/p>\n<p><a href=\"https:\/\/www.vorspeisenplatte.de\/speisen\/archiv\/240925_34_Soller_Deia.jpg\"><img loading=\"lazy\" decoding=\"async\" class=\"alignnone size-full wp-image-101861\" src=\"https:\/\/www.vorspeisenplatte.de\/speisen\/archiv\/240925_34_Soller_Deia.jpg\" alt=\"Von weit oben \u00fcber Felsen Blick aufs Meer, winzig ein wei\u00dfes Segelboot\" width=\"391\" height=\"524\" \/><\/a><\/p>\n<p><a href=\"https:\/\/www.vorspeisenplatte.de\/speisen\/archiv\/240925_39_Soller_Deia.jpg\"><img loading=\"lazy\" decoding=\"async\" class=\"alignnone size-full \" src=\"https:\/\/www.vorspeisenplatte.de\/speisen\/archiv\/240925_39_Soller_Deia.jpg\" alt=\"Links Wanderweg im Schatten einer Mauer, rechts Abhang, weiter hinten Blick aufs Meer\" width=\"577\" height=\"450\" \/><\/a><\/p>\n<p><a href=\"https:\/\/www.vorspeisenplatte.de\/speisen\/archiv\/240925_42_Soller_Deia.jpg\"><img loading=\"lazy\" decoding=\"async\" class=\"alignnone size-full wp-image-101863\" src=\"https:\/\/www.vorspeisenplatte.de\/speisen\/archiv\/240925_42_Soller_Deia.jpg\" alt=\"Ein roter Granatapfel an einem Granatapfelbaum\" width=\"288\" height=\"386\" \/><\/a><\/p>\n<p><a href=\"https:\/\/www.vorspeisenplatte.de\/speisen\/archiv\/240925_44_Soller_Deia.jpg\"><img loading=\"lazy\" decoding=\"async\" class=\"alignnone size-full \" src=\"https:\/\/www.vorspeisenplatte.de\/speisen\/archiv\/240925_44_Soller_Deia.jpg\" alt=\"Zwei alte Olivenb\u00e4ume, davor Wanderweg, dahinter sonniges Feld\" width=\"530\" height=\"434\" \/><\/a><\/p>\n<p>Hier hatte ich am Montag den Regenguss abgewartet &#8211; nicht wiederzuerkennen.<\/p>\n<p>Nach weniger als dreieinhalb Stunden traf ich in Dei\u00e0 ein &#8211; das kratzt dann doch ein wenig an der Untergrenze von Wanderung zu Spaziergang, mitgef\u00fchrter Rucksack hin oder her. Vor Abfahrt des Buses zur\u00fcck blieb mir sogar noch Zeit Abendessen einzukaufen (Feigen, K\u00e4se). Der Bus versp\u00e4tete sich etwas, hielt daf\u00fcr umso l\u00e4nger: Zu meiner Begeisterung ist bei diesem \u00d6PNV auch an E-Rollis gedacht, f\u00fcr den Austieg einer Passagierin mit einem solchen wurde am Hintereingang ein Aufzug ausgefahren.<\/p>\n<p><a href=\"https:\/\/www.vorspeisenplatte.de\/speisen\/archiv\/240925_48_Deia.jpg\"><img loading=\"lazy\" decoding=\"async\" class=\"alignnone size-full wp-image-101865\" src=\"https:\/\/www.vorspeisenplatte.de\/speisen\/archiv\/240925_48_Deia.jpg\" alt=\"An der offenen Hintert\u00fcr eines rot-gelben Linienbusses baut der Fahrer ein Aufzug-Gestell zusammen.\" width=\"405\" height=\"419\" \/><\/a><\/p>\n<p>Arge M\u00fchen hatte der Busfahrer mit einigen Passagieren, die ihn als Tourist Information ansahen und nach Wegen zu Sehensw\u00fcrdigkeiten fragten, die er nicht kannte, und f\u00fcr die sie, so wussten dann andere Passagiere, ohnehin im falschen Bus sa\u00dfen.<\/p>\n<p><a href=\"https:\/\/www.vorspeisenplatte.de\/speisen\/archiv\/240925_50_Bus_Deia_Soller.jpg\"><img loading=\"lazy\" decoding=\"async\" class=\"alignnone size-full wp-image-101866\" src=\"https:\/\/www.vorspeisenplatte.de\/speisen\/archiv\/240925_50_Bus_Deia_Soller.jpg\" alt=\"Rechts im Profil Frau mit Sonnenbrille und Kappe, hinter ihr durchs Busfenster mediterrane Landschaft\" width=\"483\" height=\"356\" \/><\/a><\/p>\n<p>Erst zur\u00fcck in S\u00f3ller war kurz nach zwei der rechte Moment f\u00fcr Brotzeit: Auf meinem Hotelzimmer a\u00df ich zwei \u00c4pfel (an die zu kommen gar nicht einfach war, denn ich hatte in S\u00f3ller an den Vortagen einfach keinen Supermarkt gefunden, und die Markthalle schlie\u00dft um 14 Uhr &#8211; Erfolg hatte ich in einem Tabakladen, der auch einige Kisten Obst und Gem\u00fcse anbot) und die K\u00e4sesemmel vom Fr\u00fchst\u00fccksbuffet.<\/p>\n<p>Da ich mich f\u00fcr einen Wandertag reichlich unterwandert f\u00fchlte (hihihi &#8220;unterwandert&#8221; hihihi), zog ich gleich nochmal los ins herrliche Sonnenwetter: Nach Fornalutx, ein wegen Malerizit\u00e4t empfohlenes \u00d6rtchen \u00fcber S\u00f3ller, ich war am Vortag an einem Hinweisschild zum Fu\u00dfweg hoch vorbeigekommen.<\/p>\n<p>Zwar musste ich daf\u00fcr nochmal ein besonders unangenehmes St\u00fcck schmale Autostra\u00dfe ohne Gehweg nehmen (am Dienstag war ich wohl in den Schulschluss geraten und von mehreren Wellen Dutzender Verbrenner-Mopeds und -Roller \u00fcberholt worden, ich wusste gar nicht mehr, woher ich meine Atemluft nehmen sollte), doch ab dann wurde die Route wirklich sch\u00f6n. <a href=\"https:\/\/mallorca.com\/de\/mallorca\/sehenswuerdigkeiten\/fornalutx\" target=\"_blank\" rel=\"noopener\">Was nicht unter den Sehensw\u00fcrdigkeiten von Fornalutx aufgez\u00e4hlt wird<\/a>: Ein \u00f6ffentliches Klo! Schick, modern und sauber! Und schon roch es nirgends nach Wildpiesler-Urin. (Vielleicht ein Tipp f\u00fcr Barcelona?)<\/p>\n<p><a href=\"https:\/\/www.vorspeisenplatte.de\/speisen\/archiv\/240925_55_Soller_Fontalutx.jpg\"><img loading=\"lazy\" decoding=\"async\" class=\"alignnone size-full \" src=\"https:\/\/www.vorspeisenplatte.de\/speisen\/archiv\/240925_55_Soller_Fontalutx.jpg\" alt=\"Erh\u00f6hter Blick auf ein gr\u00fcnes Tal umgeben von felsigen Bergen\" width=\"645\" height=\"484\" \/><\/a><\/p>\n<p>Was Sie nicht sehen: Den gro\u00dfen Greifvogel auf einer Thermik, der sp\u00e4ter sehr nah herunterflog (Bussard?).<\/p>\n<p><a href=\"https:\/\/www.vorspeisenplatte.de\/speisen\/archiv\/240925_59_Fontalutx.jpg\"><img loading=\"lazy\" decoding=\"async\" class=\"alignnone size-full \" src=\"https:\/\/www.vorspeisenplatte.de\/speisen\/archiv\/240925_59_Fontalutx.jpg\" alt=\"Von unten alter Sandsteinbau mit Uhrent\u00fcrmchen, davor eine Palme\" width=\"584\" height=\"394\" \/><\/a><\/p>\n<p><a href=\"https:\/\/www.vorspeisenplatte.de\/speisen\/archiv\/240925_62_Fontalutx.jpg\"><img loading=\"lazy\" decoding=\"async\" class=\"alignnone size-full wp-image-101870\" src=\"https:\/\/www.vorspeisenplatte.de\/speisen\/archiv\/240925_62_Fontalutx.jpg\" alt=\"Durch schmale Gasse ins Gegenlicht fotografiert\" width=\"393\" height=\"524\" \/><\/a><\/p>\n<p><a href=\"https:\/\/www.vorspeisenplatte.de\/speisen\/archiv\/240925_65_Soller.jpg\"><img loading=\"lazy\" decoding=\"async\" class=\"alignnone size-full wp-image-101871\" src=\"https:\/\/www.vorspeisenplatte.de\/speisen\/archiv\/240925_65_Soller.jpg\" alt=\"Blaues Schild mit stilisierten Wanderern, Text &quot;Precauci\u00f3! Senderistes&quot;\" width=\"333\" height=\"444\" \/><\/a><\/p>\n<p>Vor Leuten wie mir wird gewarnt.<\/p>\n<p><a href=\"https:\/\/www.vorspeisenplatte.de\/speisen\/archiv\/240925_67_Soller.jpg\"><img loading=\"lazy\" decoding=\"async\" class=\"alignnone size-full wp-image-101872\" src=\"https:\/\/www.vorspeisenplatte.de\/speisen\/archiv\/240925_67_Soller.jpg\" alt=\"Gotisch anmutende, plane Kirschenfront aus grauem Stein vor Platz mit B\u00e4umen\" width=\"363\" height=\"484\" \/><\/a><\/p>\n<p>Sant Bartomeu in S\u00f3ller. Ums Eck noch Schokoladenkauf.<\/p>\n<p>Als ich jetzt kurz vor f\u00fcnf ins Hotelzimmer kam, f\u00fchlte ich mich so richtig durchgewandert: Sonnensatt, verschwitzt, bewegt, auf wohlige Art entspannt-ersch\u00f6pft. (Und mit 34.000 Schritten sowie 22 Kilometern war das auch endlich mal eine ernstzunehmende Distanz.)<\/p>\n<p>Verdutzung, als ich aus Wanderstiefeln und Socken schl\u00fcpfte: An beiden von Schwei\u00df aufgeweichten Fersen fehlten gro\u00dfe St\u00fccke Haut, je zweimal 2-Euro-St\u00fcck-gro\u00df. Keineswegs bis aufs Fleisch, und ich hatte ja auch keinerlei Schmerzen einer Blase gesp\u00fcrt, aber weg. Der Tag Pause kommt wirklich sehr passend, und f\u00fcr die restlichen beiden Wandertage klebe ich Blasenpflaster drauf. Aber das habe ich ja noch nie erlebt.<\/p>\n<p>Ver\u00e4rgerung, als ich schmerzhafte M\u00fcckenstiche auf Armen und R\u00fccken bemerkte, schlie\u00dflich soll genau das die Ganzk\u00f6rperbespr\u00fchung morgens und abends verhindern.<\/p>\n<p>Wohlgef\u00fchl, als ich mich mit einer Dusche s\u00e4uberte, dann wusch ich nochmal eine kleine Runde W\u00e4sche inklusive Aussp\u00fclen meiner Wanderkappe, die bereits besonders penetrante Duftnoten verstr\u00f6mte.<\/p>\n<p>Nach Bloggen und Telefonat mit Herrn Kaltmamsell: Nachtmahl.<\/p>\n<p><a href=\"https:\/\/www.vorspeisenplatte.de\/speisen\/archiv\/240925_68_Nachtmahl.jpg\"><img loading=\"lazy\" decoding=\"async\" class=\"alignnone size-full wp-image-101873\" src=\"https:\/\/www.vorspeisenplatte.de\/speisen\/archiv\/240925_68_Nachtmahl.jpg\" alt=\"Kleiner wei\u00dfer Teller mit halbierten frischen Feigen und K\u00e4sest\u00fccken\" width=\"387\" height=\"333\" \/><\/a><\/p>\n<p>Plan f\u00fcr die beiden wanderfreien Tag war gewesen: Umsehen in S\u00f3ller (daf\u00fcr reichte mir der Dienstagnachmittag) und in Palma. Jetzt nur noch ein wanderfreier Tag, an dem ich nach Palma fahre &#8211; in dem ich allerdings beim Winterurlaub 2017 <a href=\"https:\/\/www.vorspeisenplatte.de\/speisen\/2016\/12\/journal-montag-26-dezember-2016-ankunft-in-palma-de-mallorca.htm\" target=\"_blank\" rel=\"noopener\">(ab hier)<\/a> schon alles besucht hatte, was mich interessierte. Au\u00dferdem m\u00f6chte ich endlich spanische Zeitung lesen und spanische Fernseh-Nachrichten gucken, ich habe ja noch gar nicht mitbekommen, was hier gerade so die Themen sind. (Das geh\u00f6rt f\u00fcr mich zum Ferienreisen &#8211; ebenfalls als Gegensatz zum 4-Tage-hierhin\/1-Woche-dorthin-geflogen-Konsumreisen.) Mal sehen, was ich davon mache.<\/p>\n<p>\u00a7<\/p>\n<p>Unser Kartoffelkombinat hat den EU-Organic-Award 2024 der Europ\u00e4ischen Kommission bekommen &#8211; und ich bin stolz, Teil dieses wirklich besonderen Projekts zu sein. (In der diesj\u00e4hrigen Mitgliederbefragung gab ich wieder ehrlich an: &#8220;Ihr erhaltet meinen Glauben an die Menschheit.&#8221;)<br \/>\n<a href=\"https:\/\/www.kartoffelkombinat.de\/2024\/09\/eu-organic-award-2024\/\" target=\"_blank\" rel=\"noopener\">&#8220;EU-Organic-Award 2024&#8221;.<\/a><\/p>\n<p>Man kann derzeit \u00fcbrigens wieder mit einer Testphase einsteigen. (Ich beantworte gerne Fragen zu meinen Erfahrungen!)<br \/>\n<a href=\"https:\/\/www.kartoffelkombinat.de\/mitmachen\/\" target=\"_blank\" rel=\"noopener\">Klickstu hier!<\/a><\/p>\n<p>\u00a7<\/p>\n<p>Aha: M\u00fcnchner*innen, die nicht vor dem Oktoberfest fliehen, sprechen sogar eine andere Sprache als ich. Der H\u00e4lfte der angeblich typisch M\u00fcnchner Abk\u00fcrzungen in diesem <i>SZ<\/i>-Artikel bin ich noch nie begegnet. Ich sehe auch hier unheilige Auswirkungen des schrecklichen Oktoberfests, also vermutlich &#8220;Okti&#8221; (\u20ac):<br \/>\n<a href=\"https:\/\/www.sueddeutsche.de\/projekte\/artikel\/muenchen\/oktoberfest-2024-muenchen-staedtereise-tipps-glossar-bayern-e884839\/\" target=\"_blank\" rel=\"noopener\">&#8220;M\u00fcnchen Glossar<br \/>\nWovon reden M\u00fcnchner, wenn sie sagen \u2026&#8221;<\/a> <img loading=\"lazy\" decoding=\"async\" src=\"https:\/\/vg04.met.vgwort.de\/na\/676995bea8034786b09799e2c3ed08b2\" width=\"1\" height=\"1\" alt=\"\"\/><\/p>\n","protected":false},"excerpt":{"rendered":"<p>Guter Nachtschlaf, allerdings mit seltsamen Tr\u00e4umen. Mittlerweile kam darin auch mal meine Chefin vor, ganz freundlich, aber bei allem Respekt: Da geh\u00f6rt sie nicht hin. Ein richtig langer sch\u00f6ner Wandertag, abends f\u00fchlte sich der Start am Morgen bereits wie der Vortag an. Beim Hotelfr\u00fchst\u00fcck machte ich mir wieder eine Brotzeitsemmel zurecht, nahm dann die 9-Uhr-Holz-Tram [&hellip;]<\/p>\n","protected":false},"author":2,"featured_media":0,"comment_status":"open","ping_status":"closed","sticky":false,"template":"","format":"standard","meta":{"footnotes":""},"categories":[2,1,15],"tags":[],"class_list":["post-101835","post","type-post","status-publish","format-standard","hentry","category-fotos","category-general","category-wandern"],"_links":{"self":[{"href":"https:\/\/www.vorspeisenplatte.de\/speisen\/wp-json\/wp\/v2\/posts\/101835","targetHints":{"allow":["GET"]}}],"collection":[{"href":"https:\/\/www.vorspeisenplatte.de\/speisen\/wp-json\/wp\/v2\/posts"}],"about":[{"href":"https:\/\/www.vorspeisenplatte.de\/speisen\/wp-json\/wp\/v2\/types\/post"}],"author":[{"embeddable":true,"href":"https:\/\/www.vorspeisenplatte.de\/speisen\/wp-json\/wp\/v2\/users\/2"}],"replies":[{"embeddable":true,"href":"https:\/\/www.vorspeisenplatte.de\/speisen\/wp-json\/wp\/v2\/comments?post=101835"}],"version-history":[{"count":3,"href":"https:\/\/www.vorspeisenplatte.de\/speisen\/wp-json\/wp\/v2\/posts\/101835\/revisions"}],"predecessor-version":[{"id":102404,"href":"https:\/\/www.vorspeisenplatte.de\/speisen\/wp-json\/wp\/v2\/posts\/101835\/revisions\/102404"}],"wp:attachment":[{"href":"https:\/\/www.vorspeisenplatte.de\/speisen\/wp-json\/wp\/v2\/media?parent=101835"}],"wp:term":[{"taxonomy":"category","embeddable":true,"href":"https:\/\/www.vorspeisenplatte.de\/speisen\/wp-json\/wp\/v2\/categories?post=101835"},{"taxonomy":"post_tag","embeddable":true,"href":"https:\/\/www.vorspeisenplatte.de\/speisen\/wp-json\/wp\/v2\/tags?post=101835"}],"curies":[{"name":"wp","href":"https:\/\/api.w.org\/{rel}","templated":true}]}}