{"id":102086,"date":"2024-10-02T08:19:10","date_gmt":"2024-10-02T06:19:10","guid":{"rendered":"https:\/\/www.vorspeisenplatte.de\/speisen\/?p=102086"},"modified":"2024-10-02T08:19:10","modified_gmt":"2024-10-02T06:19:10","slug":"journal-dienstag-1-oktober-2024-spaziergang-mit-letztem-sonne-und-farbetanken-david-schalko-schwere-knochen","status":"publish","type":"post","link":"https:\/\/www.vorspeisenplatte.de\/speisen\/2024\/10\/journal-dienstag-1-oktober-2024-spaziergang-mit-letztem-sonne-und-farbetanken-david-schalko-schwere-knochen.htm","title":{"rendered":"Journal Dienstag, 1. Oktober 2024 &#8211; Spaziergang mit letztem Sonne- und Farbetanken \/ David Schalko, <i>Schwere Knochen<\/i>"},"content":{"rendered":"<p>Gut geschlafen, wenn auch nicht lang genug. Drau\u00dfen blauer Himmel, der einen warmen bis hei\u00dfen Tag versprach. Ich brachte dennoch keine Lust f\u00fcr Strand auf, die Zeiten sind wohl einfach vorbei (merken f\u00fcrs n\u00e4chste Packen).<\/p>\n<p>Statt dessen beschloss ich, die andere Meer-Seite, n\u00f6rdlich von Alc\u00fadia, zu erkunden. Beim Fr\u00fchst\u00fcck tauchte ich gleich gar nicht auf, das schien mir das Einfachste. Ich packte Brotzeit und ging durch schon wieder Stra\u00dfenmarkt Richtung Bonaire.<\/p>\n<p><a href=\"https:\/\/www.vorspeisenplatte.de\/speisen\/archiv\/241001_01_Bonaire.jpg\"><img loading=\"lazy\" decoding=\"async\" class=\"alignnone size-full \" src=\"https:\/\/www.vorspeisenplatte.de\/speisen\/archiv\/241001_01_Bonaire.jpg\" alt=\"Ausblick aus sonniges Meer, im Vordergrund Felsstrand, im Hintergrund H\u00fcgel\" width=\"624\" height=\"435\" \/><\/a><\/p>\n<p>Schnell stellte ich fest, dass es im Norden zwar interessante Felsk\u00fcste gab, aber keinen Fu\u00dfweg, auch nicht die Stra\u00dfe entlang. Ich kehrte um, zumal ich unterwegs ein Hinweisschild mit Wandersymbol zu einem Weg nach Refugi del Coll Baix gesehen hatte, anderthalb Stunden Gehzeit &#8211; den wollte ich machen. Zumal ich mich ja wieder auf Vorrat bewegen musste, Mittwoch und Donnerstag werden Reise- also Sitztage.<\/p>\n<p>Im Hotel wechselte ich die Schuhe von Sandalen zu Turnschuhen und machte mich auf den Weg. Es war ein einfacher Spaziergang haupts\u00e4chlich auf Stra\u00dfen und begleitet von Autoverkehr, aber ich genoss die Sonne in vollen Z\u00fcgen, das Licht und die Farben, genoss nochmal den Duft von Pinien und Rosmarin, genoss die Bewegung. Auf dem letzten St\u00fcck waren viele Menschen unterwegs: Es gab einen Parkplatz, von dort kam man wohl zu Fu\u00df zu einer Badebucht. Ich h\u00f6rte erstaunlich viel Polnisch, zum ersten Mal wiederholt auch \u00d6sterreichisch.<\/p>\n<p>Au\u00dferdem bekam ich nochmal eine kleine Tierschau: Esel, Ziegen, erstmals freilaufende Schweine, au\u00dferdem G\u00e4nse &#8211; es war also tats\u00e4chlich G\u00e4nsequaken, was ich meine ganze Wanderung \u00fcber immer wieder geh\u00f6rt und was mich reichlich verwirrt hatte (gestern fiel mir ein, dass in Bayern gerade die G\u00e4nsebratenzeit beginnt, Erntedank, St. Martin etc., umgehende Gel\u00fcste). Schon auf meiner ersten Spazierrunde morgens hatte ich einen Wiedehopf gesehen, zwar nur von hinten auffliegend, aber unverkennbar.<\/p>\n<p><a href=\"https:\/\/www.vorspeisenplatte.de\/speisen\/archiv\/241001_04_Alcudia_CollBaix.jpg\"><img loading=\"lazy\" decoding=\"async\" class=\"alignnone size-full wp-image-102100\" src=\"https:\/\/www.vorspeisenplatte.de\/speisen\/archiv\/241001_04_Alcudia_CollBaix.jpg\" alt=\"Wanderwegschilder mit Zielen und Gehzeiten\" width=\"352\" height=\"493\" \/><\/a><\/p>\n<p><a href=\"https:\/\/www.vorspeisenplatte.de\/speisen\/archiv\/241001_05_Alcudia_CollBaix.jpg\"><img loading=\"lazy\" decoding=\"async\" class=\"alignnone size-full wp-image-102101\" src=\"https:\/\/www.vorspeisenplatte.de\/speisen\/archiv\/241001_05_Alcudia_CollBaix.jpg\" alt=\"Schmaler asphaltierter Weg in der Sonne, daneben Trockenmauern und B\u00e4ume\" width=\"423\" height=\"564\" \/><\/a><\/p>\n<p><a href=\"https:\/\/www.vorspeisenplatte.de\/speisen\/archiv\/241001_08_Alcudia_CollBaix.jpg\"><img loading=\"lazy\" decoding=\"async\" class=\"alignnone size-full \" src=\"https:\/\/www.vorspeisenplatte.de\/speisen\/archiv\/241001_08_Alcudia_CollBaix.jpg\" alt=\"Esel zwischen B\u00e4umen hinter einem Zaun\" width=\"506\" height=\"460\" \/><\/a><\/p>\n<p><a href=\"https:\/\/www.vorspeisenplatte.de\/speisen\/archiv\/241001_10_Alcudia_CollBaix.jpg\"><img loading=\"lazy\" decoding=\"async\" class=\"alignnone size-full wp-image-102103\" src=\"https:\/\/www.vorspeisenplatte.de\/speisen\/archiv\/241001_10_Alcudia_CollBaix.jpg\" alt=\"Zwei hellrosa Schweine im Schatten unter einem Baumstamm, durch einen Zaun fotografiert\" width=\"407\" height=\"401\" \/><\/a><\/p>\n<p><a href=\"https:\/\/www.vorspeisenplatte.de\/speisen\/archiv\/241001_13_Alcudia_CollBaix.jpg\"><img loading=\"lazy\" decoding=\"async\" class=\"alignnone size-full \" src=\"https:\/\/www.vorspeisenplatte.de\/speisen\/archiv\/241001_13_Alcudia_CollBaix.jpg\" alt=\"Schmale Stra\u00dfe bergauf zwischen sonnigen B\u00e4umen\" width=\"605\" height=\"454\" \/><\/a><\/p>\n<p><a href=\"https:\/\/www.vorspeisenplatte.de\/speisen\/archiv\/241001_18_Alcudia_CollBaix.jpg\"><img loading=\"lazy\" decoding=\"async\" class=\"alignnone size-full wp-image-102105\" src=\"https:\/\/www.vorspeisenplatte.de\/speisen\/archiv\/241001_18_Alcudia_CollBaix.jpg\" alt=\"Sonnenbeschienene braune Ziegen zwischen B\u00e4umen\" width=\"428\" height=\"424\" srcset=\"https:\/\/www.vorspeisenplatte.de\/speisen\/archiv\/241001_18_Alcudia_CollBaix.jpg 428w, https:\/\/www.vorspeisenplatte.de\/speisen\/archiv\/241001_18_Alcudia_CollBaix-150x150.jpg 150w, https:\/\/www.vorspeisenplatte.de\/speisen\/archiv\/241001_18_Alcudia_CollBaix-144x144.jpg 144w\" sizes=\"auto, (max-width: 428px) 100vw, 428px\" \/><\/a><\/p>\n<p><a href=\"https:\/\/www.vorspeisenplatte.de\/speisen\/archiv\/241001_19_Alcudia_CollBaix.jpg\"><img loading=\"lazy\" decoding=\"async\" class=\"alignnone size-full \" src=\"https:\/\/www.vorspeisenplatte.de\/speisen\/archiv\/241001_19_Alcudia_CollBaix.jpg\" alt=\"Schmale Stra\u00dfe bergauf zwischen sonnigen B\u00e4umen, die auf der Stra\u00dfe Schattenmuster werfen\" width=\"605\" height=\"454\" \/><\/a><\/p>\n<p>Oben am Refugi war ein Rastplatz, um halb zwei machte ich Brotzeit: Vollkornsemmel mit Jam\u00f3n, eine Papaya. Und ich bekam Besuch von den frei herumlaufenden Ziegen, ebenso wie andere Brotzeiter*innen am Rastplatz: Meine Wasserflasche und mein Gesicht wurden beschnuppert (Ziegen klettern ja gern). Zum Gl\u00fcck hatte ich schon aufgegessen und wurde nicht zum Teilen gedr\u00e4ngt.<\/p>\n<p><a href=\"https:\/\/www.vorspeisenplatte.de\/speisen\/archiv\/241001_21_Alcudia_CollBaix.jpg\"><img loading=\"lazy\" decoding=\"async\" class=\"alignnone size-full wp-image-102107\" src=\"https:\/\/www.vorspeisenplatte.de\/speisen\/archiv\/241001_21_Alcudia_CollBaix.jpg\" alt=\"Sonniger Weg bergab zwischen B\u00e4umen, darauf Spazierg\u00e4nger und ein Radler\" width=\"381\" height=\"503\" \/><\/a><\/p>\n<p><a href=\"https:\/\/www.vorspeisenplatte.de\/speisen\/archiv\/241001_22_Alcudia_CollBaix.jpg\"><img loading=\"lazy\" decoding=\"async\" class=\"alignnone size-full wp-image-102108\" src=\"https:\/\/www.vorspeisenplatte.de\/speisen\/archiv\/241001_22_Alcudia_CollBaix.jpg\" alt=\"Zwischen Nadelb\u00e4umen Blick aufs sonnige Meer\" width=\"559\" height=\"426\" \/><\/a><\/p>\n<p>Zur\u00fcck im Hotel setzte ich mich in den Innenhof zum Lesen, bis die Sonne doch zu direkt schien.<\/p>\n<p>Telefonat mit Herrn Kaltmamsell, der mir versicherte, alle Heizk\u00f6rper der Wohnung seien betriebsbereit, er habe das gepr\u00fcft (f\u00fcr Freitag sind 11 Grad H\u00f6chsttemperatur angek\u00fcndigt).<\/p>\n<p>Beim Abendessen r\u00e4umte ich auf: Es gab den restlichen K\u00e4se mit, ha!, getrockneten Feigen, die ich als Notnahrung mitgenommen hatte und wirklich nicht gesamt wieder zur\u00fcckschleppen wollte. Nachtisch spanische Fabrikpralinen, gar nicht so schlecht.<\/p>\n<p>Neue Lekt\u00fcre: Roxane Gay, <i>Hunger: A Memoir of (My) Body<\/i>, nicht gerade ein Laune-Heber.<\/p>\n<p>\u00a7<\/p>\n<p><a href=\"https:\/\/www.vorspeisenplatte.de\/speisen\/archiv\/buch_schalko.jpg\"><img loading=\"lazy\" decoding=\"async\" class=\"alignnone size-full wp-image-101931\" src=\"https:\/\/www.vorspeisenplatte.de\/speisen\/archiv\/buch_schalko.jpg\" alt=\"\" width=\"150\" height=\"226\" \/><\/a><\/p>\n<p>David Schalko, <i>Schwere Knochen, <\/i>ist ein Roman von 2018, der in der kriminellen Nachkriegszeit in Wien spielt, als auch Wien &#8211; das ist den meisten Deutschen nicht bewusst &#8211; in Besatzungssektoren aufgeteilt war, was so manche Korruption und kriminellen Machenschaften erst erm\u00f6glichte. Dazu der Zoo und seine Tiere, grotesker Sex, groteske Bordelle, noch groteskere Todesf\u00e4lle &#8211; ich f\u00fchlte mich an John Irvings allerersten Roman erinnert: <i>Setting free the Bears<\/i>. Aber das war schon die einzige Wiederholung: Der Schauplatz, vor allem aber der Tonfall von <i>Schwere Knochen<\/i> sind ausgesprochen originell.<\/p>\n<p>Die Klammer des Romans ist der Tod seiner Hauptfigur Ferdinand Krutzler, der mit seinen Freunden vor dem zweiten Weltkrieg in Wien Verbrechen begeht, mit ihnen wegen eines Hassadeurst\u00fccks ins Konzentrationslager deportiert wird, dort eine weitere Verbrecherkarriere absolviert, nach dem Krieg in Wien systematisch schmuggelt, zuh\u00e4lt, Schutzgelder erpresst, mordet. Alles an dieser Handlung ist eine Parallelwelt, in der eigene Regeln gelten, nichts kann vorausgesetzt werden. Die Erz\u00e4hlstimme tut gut daran, zwar sehr h\u00f6rbar zu sein, aber nichts zu kommentieren, sie ist reine Lakonie. Was hervorragend zum Personal passt, das auch eher nicht redet (und dessen Worte fast ausschlie\u00dflich in indirekter Rede wiedergegeben werden). Am deutlichsten sichtbar wird die Erz\u00e4hlstimme im Foreshadowing: &#8220;Dass dieser Jemand ausgerechnet der Wesely sein w\u00fcrde, konnte er zu diesem Zeitpunkt noch nicht ahnen.&#8221; Nur dass das Foreshadowing manchmal gar nicht stimmt &#8211; auch darauf sollte man sich nicht verlassen.<\/p>\n<p>Es entsteht ein unangenehm lebendiges Bild einer Zeit, die gerade wieder neu literarisch aufgearbeitet wird. Die Haltlosigkeit in diesem rechtsfreien Raum ist sehr nachvollziehbar. Lese-Empfehlung, auch wenn der zweiten H\u00e4lfte Straffung durch energisches Lektorat gut getan h\u00e4tte.<\/p>\n<p>Mir gef\u00e4llt die Besprechung in der <i>S\u00fcddeutschen<\/i> von Burkhard M\u00fcller:<br \/>\n<a href=\"https:\/\/www.sueddeutsche.de\/kultur\/literatur-splatter-stoizismus-nach-wiener-art-1.3993945\" target=\"_blank\" rel=\"noopener\">&#8220;Splatter-Stoizismus nach Wiener Art&#8221;.<\/a><\/p>\n<blockquote><p>Der Roman bekommt durch seinen Ton und seine Haltung in den Griff, was sonst als quirliges Panoptikum nach allen Seiten auseinanderspritzen m\u00fcsste wie das viele Blut, das freizusetzen die Erdberger niemals z\u00f6gern. Es ist ein Ton, den man so noch nie geh\u00f6rt hat, und eine Haltung, die man vielleicht am besten als Splatter-Stoizismus bezeichnet.<\/p><\/blockquote>\n<p> <img loading=\"lazy\" decoding=\"async\" src=\"https:\/\/vg04.met.vgwort.de\/na\/cabf380bbd8b41a198f24eb3ec8c0ae3\" width=\"1\" height=\"1\" alt=\"\"\/><\/p>\n","protected":false},"excerpt":{"rendered":"<p>Gut geschlafen, wenn auch nicht lang genug. Drau\u00dfen blauer Himmel, der einen warmen bis hei\u00dfen Tag versprach. Ich brachte dennoch keine Lust f\u00fcr Strand auf, die Zeiten sind wohl einfach vorbei (merken f\u00fcrs n\u00e4chste Packen). Statt dessen beschloss ich, die andere Meer-Seite, n\u00f6rdlich von Alc\u00fadia, zu erkunden. Beim Fr\u00fchst\u00fcck tauchte ich gleich gar nicht auf, [&hellip;]<\/p>\n","protected":false},"author":2,"featured_media":0,"comment_status":"open","ping_status":"closed","sticky":false,"template":"","format":"standard","meta":{"footnotes":""},"categories":[3,2,1],"tags":[],"class_list":["post-102086","post","type-post","status-publish","format-standard","hentry","category-bucher","category-fotos","category-general"],"_links":{"self":[{"href":"https:\/\/www.vorspeisenplatte.de\/speisen\/wp-json\/wp\/v2\/posts\/102086","targetHints":{"allow":["GET"]}}],"collection":[{"href":"https:\/\/www.vorspeisenplatte.de\/speisen\/wp-json\/wp\/v2\/posts"}],"about":[{"href":"https:\/\/www.vorspeisenplatte.de\/speisen\/wp-json\/wp\/v2\/types\/post"}],"author":[{"embeddable":true,"href":"https:\/\/www.vorspeisenplatte.de\/speisen\/wp-json\/wp\/v2\/users\/2"}],"replies":[{"embeddable":true,"href":"https:\/\/www.vorspeisenplatte.de\/speisen\/wp-json\/wp\/v2\/comments?post=102086"}],"version-history":[{"count":3,"href":"https:\/\/www.vorspeisenplatte.de\/speisen\/wp-json\/wp\/v2\/posts\/102086\/revisions"}],"predecessor-version":[{"id":102116,"href":"https:\/\/www.vorspeisenplatte.de\/speisen\/wp-json\/wp\/v2\/posts\/102086\/revisions\/102116"}],"wp:attachment":[{"href":"https:\/\/www.vorspeisenplatte.de\/speisen\/wp-json\/wp\/v2\/media?parent=102086"}],"wp:term":[{"taxonomy":"category","embeddable":true,"href":"https:\/\/www.vorspeisenplatte.de\/speisen\/wp-json\/wp\/v2\/categories?post=102086"},{"taxonomy":"post_tag","embeddable":true,"href":"https:\/\/www.vorspeisenplatte.de\/speisen\/wp-json\/wp\/v2\/tags?post=102086"}],"curies":[{"name":"wp","href":"https:\/\/api.w.org\/{rel}","templated":true}]}}