{"id":102164,"date":"2024-10-05T09:28:31","date_gmt":"2024-10-05T07:28:31","guid":{"rendered":"https:\/\/www.vorspeisenplatte.de\/speisen\/?p=102164"},"modified":"2024-10-05T10:24:05","modified_gmt":"2024-10-05T08:24:05","slug":"journal-freitag-4-oktober-2024-muenchen-mit-kaltem-regen-und-oktoberfest-armageddon","status":"publish","type":"post","link":"https:\/\/www.vorspeisenplatte.de\/speisen\/2024\/10\/journal-freitag-4-oktober-2024-muenchen-mit-kaltem-regen-und-oktoberfest-armageddon.htm","title":{"rendered":"Journal Freitag, 4. Oktober 2024 &#8211; M\u00fcnchen mit kaltem Regen und Oktoberfest-Armageddon"},"content":{"rendered":"<p>Nicht so lange geschlafen, wie ich gerne h\u00e4tte, die erste Nacht zur\u00fcck im eigenen Bett immer seltsam. Aber so hatte ich mehr vom Tag.<\/p>\n<p>Der Arbeitsrechner, den ich zur Sicherheit mit heim genommen hatte (m\u00f6gliche Pandemie, E-Mail-Check am letzten Urlaubstag), diente nicht sofort zur \u00dcberbr\u00fcckung, bis ich das neue Ladekabel f\u00fcr mein MacBook f\u00fcr das in Mallorca vergessene hatte: Nach drei Wochen Pause musste er erstmal eine knappe Stunde Updates fahren. W\u00e4hrenddessen packte ich meinen Koffer aus, startete die erste Waschmaschine, verr\u00e4umte den Koffer im Keller, machte es mir warm, schaute in den d\u00fcsteren, kalten Schn\u00fcrlregen vorm Fenster (greisliches Wetter bedeutete zumindest Aussicht auf weniger Oktoberfest-Radau).<\/p>\n<p>Beim Kofferauspacken stellte ich fest, dass von den zwei einzigen Mitbringseln (f\u00fcr meine Arbeits-Vertretung, deren Job das nach der Umorganisation eigentlich nicht mehr gewesen w\u00e4re) eines trotz zahlreicher Sicherheitsma\u00dfnahmen unbrauchbar war: Der Schraubdeckel des Glases Orangenmarmelade aus S\u00f3ller, fest eingewickelt in mehrere Teile Schmutzw\u00e4sche und in eine Plastikt\u00fcte, hatte sich ge\u00f6ffnet, die Fl\u00fcssigkeit der Marmelade war ausgelaufen &#8211; wirklich \u00e4rgerlich. Bleibt nur noch ein lahmes Mitbringsel.<\/p>\n<p>Schon w\u00e4hrend des Bloggens traf die Nachricht von Apple ein: Netzteil abholbereit.<\/p>\n<p>Sehr gefreut hatte ich mich auf eine Schwimmrunde, dass ich daf\u00fcr mit Schirm losziehen musste und die U-Bahn zum Olympiabad nehmen, schmerzte mich wenig. Das Schwimmen war dann leider eher anstrengend und vergn\u00fcgungsarm, dann schm\u00e4hte mich auch noch jemand, der in mich reingeschwommen war, ich h\u00e4tte fast vorzeitig weinend das Becken verlassen.<\/p>\n<p>Was mich zu Nachdenken \u00fcber den Rat f\u00fchrte, sich verbale Attacken &#8220;nicht zu Herzen zu nehmen&#8221;. Geht das denn? Verletzung ist Verletzung: Auch wenn ich das H\u00e4ngenbleiben am  Tischeck ignoriere, bleibt davon ein schmerzender blauer Fleck. Auch wenn der P\u00f6bler Unrecht hat, bleibt der Schmerz des Angriffs und der Dem\u00fctigung.<br \/>\n<i>I bruise easily<\/i><\/p>\n<p>Auf der Heimfahrt stieg ich an der M\u00fcnchner Freiheit aus, um in der Clemensstra\u00dfe Espressobohnen-Nachschub zu besorgen.<\/p>\n<p><a href=\"https:\/\/www.vorspeisenplatte.de\/speisen\/archiv\/241004_03_MuenchnerFreiheit.jpg\"><img loading=\"lazy\" decoding=\"async\" src=\"https:\/\/www.vorspeisenplatte.de\/speisen\/archiv\/241004_03_MuenchnerFreiheit.jpg\" alt=\"Vor verregneten Altbaufassaden ein Brunnen mit Bronzefigur eine kurvigen Frau mit Kr\u00f6nchen\" width=\"363\" height=\"484\" class=\"alignnone size-full wp-image-102180\" \/><\/a><\/p>\n<p>Mal wieder Freude \u00fcber das Denkmal <a href=\"https:\/\/youtu.be\/o4BYlbXr1RM?si=wqM3-wpMunrN6rC6\" rel=\"noopener\" target=\"_blank\">f\u00fcr Bally Prell &#8211; die Sch\u00f6nheitsk\u00f6nigin von Schneizlreuth<\/a>, die im dahinter liegenden Haus gewohnt hat. Hinweis f\u00fcr Ausw\u00e4rtige: Auch in M\u00fcnchen gab es mal Zeiten von Volkskunst ohne Dirndl. <\/p>\n<p>Espresso bekam ich nicht: Geschlossen wegen Urlaub (Oktoberfestfluchtverdacht).<\/p>\n<p>Am Marienplatz holte ich im Apple Store mein Netzteil ab: Er war gepackt voll, und zu meiner Verdutzung fand ich mich in einer 30-k\u00f6pfigen Abhol-Schlange wieder (es werden derzeit wohl Neuester-hei\u00dfer-Schei\u00df-Produkte von Apple beworben) &#8211; doch das Ausgabesystem ist dort so gut organisiert (etwa vier gut gelaunte Angestellte k\u00fcmmerten sich um Einlesen von Liefernachricht und Aush\u00e4ndigen schon in der Schlange), dass ich nach zehn Minuten auf dem Heimweg war.<\/p>\n<p>Fr\u00fchst\u00fcck deutlich nach drei. Appetit hatte ich immer noch nicht, aus Vernunftgr\u00fcnden a\u00df ich frisch gekauftes Roggenvollkornbrot mit Butter und Tomate \/ Butter und Honig.<\/p>\n<p>Dann eine weitere Runde drau\u00dfen durch den Regen: Lebensmitteleink\u00e4ufe beim Vollcorner &#8211; und ich Dummerchen verga\u00df, dass mich der Weg dorthin durchs Oktoberfest-Armageddon f\u00fchrt. Wie ich mir schon in der vorhergehenden Nacht auf dem (Theresienwiesen-nahen) Heimweg dachte: Wer&#8217;s nie erlebt hat, kann es sich nicht vorstellen. Die <i>S\u00fcddeutsche<\/i> richtet ihren Lokalteil dieses Jahr ja ganz aufs Oktoberfest-Bejubeln aus (?) &#8211; wie w\u00e4re es mit einer Bilderstrecke &#8220;24 Stunden rund <i>um<\/i> die Theresienwiese&#8221;?<\/p>\n<p><a href=\"https:\/\/www.vorspeisenplatte.de\/speisen\/archiv\/241004_06_Schlafzimmerblumen.jpg\"><img loading=\"lazy\" decoding=\"async\" src=\"https:\/\/www.vorspeisenplatte.de\/speisen\/archiv\/241004_06_Schlafzimmerblumen.jpg\" alt=\"Fenster hinaus in einen verregneten Park, auf der Fensterbank eine Glasvase mit zwei gro\u00dfen, knallpink bl\u00fchenden Gladiolen und vier dicken altrosa Rosen\" width=\"304\" height=\"436\" class=\"alignnone size-full wp-image-102181\" \/><\/a><\/p>\n<p>Herr Kaltmamsell hatte zur Begr\u00fc\u00dfung mein Schlafzimmer geschm\u00fcckt (sind das die pinkesten Gladioen ever oder was?), im Wohnzimmer standen wundersch\u00f6ne Hortensien.<\/p>\n<p>Ebenfalls sehr gefreut hatte ich mich auf Yoga-Gymnastik: Gro\u00dfes Vergn\u00fcgen und wohltuend.<\/p>\n<p>W\u00e4hrenddessen m\u00fchte sich Herr Kaltmamsell in der K\u00fcche mit dem Abendessen &#8211; M\u00fche, weil sich unser Zerst\u00f6rer, der P\u00fcrierstab, endg\u00fcltig verabschiedet, mittlerweile h\u00e4lt der Einschaltknopf nur mit Kraft in der Eingeschaltet-Position. Anlass f\u00fcr mich, <a href=\"https:\/\/www.esge-zauberstab-shop.de\/010@9120024\/ESGE-Zauberstab-E-160-Wei%C3%9F.htm\" rel=\"noopener\" target=\"_blank\">endlich den l\u00e4ngst recherchierten Nachfolger zu bestellen<\/a>. Wenn auch der \u00fcber 30 Jahre h\u00e4lt, lohnt sich die Investition, zumal ich mit dem Vorl\u00e4ufer-Ger\u00e4t dieses Herstellers sehr zufrieden war: Einmal sogar das Kabel ersetzt, weil das Original auf einer hei\u00dfen Herdplatte verschmurgelt war, das Geh\u00e4use lie\u00df sich gut \u00f6ffnen.<\/p>\n<p>Abendlicher Alkohol war erstmal ein Glas Champagner: Ich hatte endlich rechtzeitig daran gedacht, den Pommery Brut royal (ein Weihnachtsgeschenk) kalt zu stellen &#8211; schmeckte mir sehr gut.<\/p>\n<p>Nachtmahl in zwei k\u00f6stlichen G\u00e4ngen:<\/p>\n<p><a href=\"https:\/\/www.vorspeisenplatte.de\/speisen\/archiv\/241004_08_Nachtmahl.jpg\"><img loading=\"lazy\" decoding=\"async\" src=\"https:\/\/www.vorspeisenplatte.de\/speisen\/archiv\/241004_08_Nachtmahl.jpg\" alt=\"Bast-Tischsets, darauf Glasteller mit Schnitzen Roter Bete mit hellbraunen er Sauce und Schnittlauch\" width=\"333\" height=\"422\" class=\"alignnone size-full wp-image-102182\" \/><\/a><\/p>\n<p>Rote Bete (Ernteanteil) lauwarm mit Haselnuss-Ingwer-Sauce, Schnittlauch, schwarzem Sesam &#8211; ganz wunderbar und zuf\u00e4llig vegan (<a href=\"https:\/\/www.theguardian.com\/food\/2021\/dec\/11\/alternative-christmas-vegetable-sides-recipes-yotam-ottolenghi-chipotle-roast-pumpkin-charred-sprouts-gingery-beetroot-peanut-dressing\" rel=\"noopener\" target=\"_blank\">Originalrezept mit Erdnussbutter<\/a>, Haselnuss machte sich aber sehr gut).<\/p>\n<p><a href=\"https:\/\/www.vorspeisenplatte.de\/speisen\/archiv\/241004_09_Nachtmahl.jpg\"><img loading=\"lazy\" decoding=\"async\" src=\"https:\/\/www.vorspeisenplatte.de\/speisen\/archiv\/241004_09_Nachtmahl.jpg\" alt=\"Wei\u00dfer Teller auf Bastset, darauf brauner Brei mit K\u00fcrbisst\u00fccken, Orangen \u00d6l, geriebenem Parmesan \" width=\"454\" height=\"343\" class=\"alignnone size-full wp-image-102183\" \/><\/a><\/p>\n<p>Gr\u00fcnschaliger Hokaido (Ernteanteil) mit Polenta und Frischk\u00e4se als Brei, darauf gebratene K\u00fcrbisw\u00fcrfel und Chili-\u00d6l. Zwei Portionen f\u00fcr mich. (<a href=\"https:\/\/www.theguardian.com\/food\/2022\/dec\/31\/recipes-for-new-year-comfort-food-chicken-prune-pie-eve-pudding-butternut-squash-polenta-yotam-ottolenghi\" rel=\"noopener\" target=\"_blank\">Originalrezept verwendet Butternut-K\u00fcrbis.<\/a>) Dazu ein baskischer Txakoli. Nachtisch Schokolade.<\/p>\n<p>Im Bett neue Lekt\u00fcre: D\u00f6rte Hansen, <i>Altes Land<\/i> &#8211; dar\u00fcber hatte ich viel Interessantes, vor allem aber extrem unterschiedliche Urteile geh\u00f6rt, jetzt wollte ich selbst mal (gab&#8217;s nicht in der Stadtbibliothek, kaufte ich also). War schonmal angetan vom Erz\u00e4hltempo: In den ersten 10 Prozent steckt so viel Inhalt, da machen andere ganze Fernsehserien draus.<\/p>\n<p>\u00a7<\/p>\n<p>Lorenzo Annese kam 1958 als junger Mann aus Apulien nach Niedersachsen und wurde der erste ausl\u00e4ndische Betriebsrat der Bundesrepublik. Mit 87 erhielt er jetzt das Bundesverdienstkreuz &#8211; eine spannende Lebensgeschichte:<br \/>\n<a href=\"https:\/\/taz.de\/Verdienstkreuz-fuer-Gastarbeiter-Annese\/!6037106\/\" rel=\"noopener\" target=\"_blank\">&#8220;Der Zusammenschwei\u00dfer aus Italien&#8221;.<\/a> <img loading=\"lazy\" decoding=\"async\" src=\"https:\/\/vg04.met.vgwort.de\/na\/119b4ebf0db04c8c9375b933fff24c04\" width=\"1\" height=\"1\" alt=\"\"\/><\/p>\n","protected":false},"excerpt":{"rendered":"<p>Nicht so lange geschlafen, wie ich gerne h\u00e4tte, die erste Nacht zur\u00fcck im eigenen Bett immer seltsam. Aber so hatte ich mehr vom Tag. Der Arbeitsrechner, den ich zur Sicherheit mit heim genommen hatte (m\u00f6gliche Pandemie, E-Mail-Check am letzten Urlaubstag), diente nicht sofort zur \u00dcberbr\u00fcckung, bis ich das neue Ladekabel f\u00fcr mein MacBook f\u00fcr das [&hellip;]<\/p>\n","protected":false},"author":2,"featured_media":0,"comment_status":"open","ping_status":"closed","sticky":false,"template":"","format":"standard","meta":{"footnotes":""},"categories":[3,6,2,1],"tags":[],"class_list":["post-102164","post","type-post","status-publish","format-standard","hentry","category-bucher","category-essen","category-fotos","category-general"],"_links":{"self":[{"href":"https:\/\/www.vorspeisenplatte.de\/speisen\/wp-json\/wp\/v2\/posts\/102164","targetHints":{"allow":["GET"]}}],"collection":[{"href":"https:\/\/www.vorspeisenplatte.de\/speisen\/wp-json\/wp\/v2\/posts"}],"about":[{"href":"https:\/\/www.vorspeisenplatte.de\/speisen\/wp-json\/wp\/v2\/types\/post"}],"author":[{"embeddable":true,"href":"https:\/\/www.vorspeisenplatte.de\/speisen\/wp-json\/wp\/v2\/users\/2"}],"replies":[{"embeddable":true,"href":"https:\/\/www.vorspeisenplatte.de\/speisen\/wp-json\/wp\/v2\/comments?post=102164"}],"version-history":[{"count":3,"href":"https:\/\/www.vorspeisenplatte.de\/speisen\/wp-json\/wp\/v2\/posts\/102164\/revisions"}],"predecessor-version":[{"id":102197,"href":"https:\/\/www.vorspeisenplatte.de\/speisen\/wp-json\/wp\/v2\/posts\/102164\/revisions\/102197"}],"wp:attachment":[{"href":"https:\/\/www.vorspeisenplatte.de\/speisen\/wp-json\/wp\/v2\/media?parent=102164"}],"wp:term":[{"taxonomy":"category","embeddable":true,"href":"https:\/\/www.vorspeisenplatte.de\/speisen\/wp-json\/wp\/v2\/categories?post=102164"},{"taxonomy":"post_tag","embeddable":true,"href":"https:\/\/www.vorspeisenplatte.de\/speisen\/wp-json\/wp\/v2\/tags?post=102164"}],"curies":[{"name":"wp","href":"https:\/\/api.w.org\/{rel}","templated":true}]}}