{"id":102240,"date":"2024-10-08T06:24:08","date_gmt":"2024-10-08T04:24:08","guid":{"rendered":"https:\/\/www.vorspeisenplatte.de\/speisen\/?p=102240"},"modified":"2024-10-08T06:24:08","modified_gmt":"2024-10-08T04:24:08","slug":"journal-montag-7-oktober-2024-arbeitsleben-halt","status":"publish","type":"post","link":"https:\/\/www.vorspeisenplatte.de\/speisen\/2024\/10\/journal-montag-7-oktober-2024-arbeitsleben-halt.htm","title":{"rendered":"Journal Montag, 7. Oktober 2024 &#8211; Arbeitsleben halt"},"content":{"rendered":"<p>Mittelunruhige Nacht, die Aussicht auf Arbeitsleben so bedr\u00fcckend wie schon lange nicht mehr.<\/p>\n<p>Ich r\u00fcstete mich mit Wollkleid und Kaschmirstrumpfhosen gegen die B\u00fcrok\u00e4lte, mit glitzernden roten Mary Janes gegen Tr\u00fcbsal. Der n\u00e4chtliche und morgenliche Regen hatte aufgeh\u00f6rt, mir kam sogar die Luft leicht mild vor.<\/p>\n<p>Was dank der Vorarbeit am Wochenende klappte: Ich <i>hit the ground running<\/i>. Allerdings hatte ich schon wieder vergessen, dass ich von solchen Hochdruck-Arbeitssituationen Stresskopfweh bekomme und mich wie ein eingesperrtes Tier mit Fu\u00dffessel f\u00fchle, am liebsten mein eigenes Bein abgenagt h\u00e4tte, um mich zu befreien. Und da war noch nicht mal einkalkuliert, dass in meiner Abwesenheit auch Fehler passiert waren &#8211; schlicht menschliche, f\u00fcr die ich mir aber erstmal eine L\u00f6sung \u00fcberlegen muss (gestern war mir noch nichts eingefallen, beim verursachenden Dienstleister Rabatz zu schlagen, w\u00fcrde nichts l\u00f6sen; allerdings darf ich nicht vergessen, ihn darauf hinzuweisen, kostet schon wieder Zeit).<\/p>\n<p>Ich haute Zeug weg f\u00fcr drei Arbeitstage, weil musste halt, war nach dem ersten Arbeitstag \u00fcberrascht, dass es erst 11 Uhr war. Vor dem n\u00e4chsten ging ich also zu einem schnellen Mittagscappuccino zu Nachbars. Die Luft war tats\u00e4chlich mild, trotz der Schlacht am Schreibtisch bekam ich mit, dass der Tag sogar sonnig wurde.<\/p>\n<p><a href=\"https:\/\/www.vorspeisenplatte.de\/speisen\/archiv\/241007_04_Quitten.jpg\"><img loading=\"lazy\" decoding=\"async\" src=\"https:\/\/www.vorspeisenplatte.de\/speisen\/archiv\/241007_04_Quitten.jpg\" alt=\"Aufsicht auf eine Kiste mit Quitten\" width=\"484\" height=\"363\" class=\"alignnone size-full wp-image-102244\" \/><\/a><\/p>\n<p>Um den sp\u00e4teren Mittag erschien meine Quittenfee, beschenkte mich reich und verwandelte mein B\u00fcro in eine Duftkammer. Sp\u00e4tes Mittagessen: Apfel, zwei dicke Scheiben Roggenvollkornbrot.<\/p>\n<p>Nach dem zweiten Arbeitstag gegen 15 Uhr war mir schlecht und ich hing schwer in den Seilen. Aber half immer noch nichts, es war etwas vor Plan hereingeschneit, und von meinem Einsatz hing ab, dass andere Leute ihre Arbeit machen konnten.<\/p>\n<p>W\u00e4hrend des dritten Arbeitstags konnte ich sogar das Fenster im B\u00fcro gekippt lassen, es kam von drau\u00dfen warm herein. Aber jetzt war ich durchaus so durch, dass mir graute: Morgen muss ich hier ja wieder her. (Zudem ich bin ganz kurz davor, mir mal eine echte Nachrichtenpause zu g\u00f6nnen. Einfach eine Weile gar nichts mehr von Politik und Weltgeschehen mitbekommen, vor ein paar Jahrzehnten konnte ich das doch auch.)<\/p>\n<p>Irgendwann hatte ich Feierabend.<\/p>\n<p><a href=\"https:\/\/www.vorspeisenplatte.de\/speisen\/archiv\/241007_05_StPaul.jpg\"><img loading=\"lazy\" decoding=\"async\" src=\"https:\/\/www.vorspeisenplatte.de\/speisen\/archiv\/241007_05_StPaul.jpg\" alt=\"Blick von unten auf einen neo-gotischen Kirchturm vor knallblauem Himmel\" width=\"363\" height=\"484\" class=\"alignnone size-full wp-image-102245\" \/><\/a><\/p>\n<p>St. Paul ohne Oktoberfesties-Bel\u00e4stigung.<\/p>\n<p>Heimweg durch sehr angenehme Luft und sch\u00f6nes Licht. Ich brachte lediglich Energie f\u00fcr einen kurzen Abstecher in den Drogeriemarkt auf (den durchlief ich allerdings dreimal bis ich die zwei ben\u00f6tigten Produkte gefunden hatte &#8211; es ist ein Wunder, wie unterschiedlich individuelle dm-L\u00e4den arrangiert sind).<\/p>\n<p>Zu Hause holte ich den kleinen Koffer aus dem Keller, mit dem ich am Dienstag die Quitten heimbringen w\u00fcrde. Yoga-Gymnastik, f\u00fcr meinen gestrigen Bedarf zu kurz.<\/p>\n<p>Herr Kaltmamsell servierte den Ernteanteil-Wirsing auf meine Bitte mit zugekauften gebratenen Champignons; da er den ebenfalls erbetenen R\u00e4uchertofu nicht gekommen hatte, verwendete er vorr\u00e4tigen Guanciale &#8211; schmeckte insgesamt ausgesprochen gut. Nachtisch Schokolade.<\/p>\n<p>Fr\u00fch ins Bett zum Lesen, viel ersch\u00f6pfter als nach einem Wandertag mit \u00fcber 20 Kilometern und \u00fcber 30.000 Schritten. <img loading=\"lazy\" decoding=\"async\" src=\"https:\/\/vg04.met.vgwort.de\/na\/ce5568339d2d47509992233dbaf5b077\" width=\"1\" height=\"1\" alt=\"\"\/><\/p>\n","protected":false},"excerpt":{"rendered":"<p>Mittelunruhige Nacht, die Aussicht auf Arbeitsleben so bedr\u00fcckend wie schon lange nicht mehr. Ich r\u00fcstete mich mit Wollkleid und Kaschmirstrumpfhosen gegen die B\u00fcrok\u00e4lte, mit glitzernden roten Mary Janes gegen Tr\u00fcbsal. Der n\u00e4chtliche und morgenliche Regen hatte aufgeh\u00f6rt, mir kam sogar die Luft leicht mild vor. Was dank der Vorarbeit am Wochenende klappte: Ich hit the [&hellip;]<\/p>\n","protected":false},"author":2,"featured_media":0,"comment_status":"open","ping_status":"closed","sticky":false,"template":"","format":"standard","meta":{"footnotes":""},"categories":[6,1],"tags":[],"class_list":["post-102240","post","type-post","status-publish","format-standard","hentry","category-essen","category-general"],"_links":{"self":[{"href":"https:\/\/www.vorspeisenplatte.de\/speisen\/wp-json\/wp\/v2\/posts\/102240","targetHints":{"allow":["GET"]}}],"collection":[{"href":"https:\/\/www.vorspeisenplatte.de\/speisen\/wp-json\/wp\/v2\/posts"}],"about":[{"href":"https:\/\/www.vorspeisenplatte.de\/speisen\/wp-json\/wp\/v2\/types\/post"}],"author":[{"embeddable":true,"href":"https:\/\/www.vorspeisenplatte.de\/speisen\/wp-json\/wp\/v2\/users\/2"}],"replies":[{"embeddable":true,"href":"https:\/\/www.vorspeisenplatte.de\/speisen\/wp-json\/wp\/v2\/comments?post=102240"}],"version-history":[{"count":3,"href":"https:\/\/www.vorspeisenplatte.de\/speisen\/wp-json\/wp\/v2\/posts\/102240\/revisions"}],"predecessor-version":[{"id":102253,"href":"https:\/\/www.vorspeisenplatte.de\/speisen\/wp-json\/wp\/v2\/posts\/102240\/revisions\/102253"}],"wp:attachment":[{"href":"https:\/\/www.vorspeisenplatte.de\/speisen\/wp-json\/wp\/v2\/media?parent=102240"}],"wp:term":[{"taxonomy":"category","embeddable":true,"href":"https:\/\/www.vorspeisenplatte.de\/speisen\/wp-json\/wp\/v2\/categories?post=102240"},{"taxonomy":"post_tag","embeddable":true,"href":"https:\/\/www.vorspeisenplatte.de\/speisen\/wp-json\/wp\/v2\/tags?post=102240"}],"curies":[{"name":"wp","href":"https:\/\/api.w.org\/{rel}","templated":true}]}}