{"id":103174,"date":"2024-11-10T08:59:47","date_gmt":"2024-11-10T07:59:47","guid":{"rendered":"https:\/\/www.vorspeisenplatte.de\/speisen\/?p=103174"},"modified":"2024-11-10T08:59:47","modified_gmt":"2024-11-10T07:59:47","slug":"journal-samstag-9-november-2024-eine-weitere-generation-lernt-sound-of-music","status":"publish","type":"post","link":"https:\/\/www.vorspeisenplatte.de\/speisen\/2024\/11\/journal-samstag-9-november-2024-eine-weitere-generation-lernt-sound-of-music.htm","title":{"rendered":"Journal Samstag, 9. November 2024 &#8211; Eine weitere Generation lernt <i>Sound of Music<\/i>"},"content":{"rendered":"<p>Sch\u00f6n lang geschlafen.<\/p>\n<p><a href=\"https:\/\/www.vorspeisenplatte.de\/speisen\/archiv\/241109_01_StMatthaeus.jpg\"><img loading=\"lazy\" decoding=\"async\" src=\"https:\/\/www.vorspeisenplatte.de\/speisen\/archiv\/241109_01_StMatthaeus.jpg\" alt=\"Blick Richtung einem modernen Kirchturm im Nebelschleier, links angeschnitten Balkone, unten eine Stra\u00dfe mit B\u00e4umen, an denen nur noch wenig Herbstlaub h\u00e4ngt\" width=\"350\" height=\"489\" class=\"alignnone size-full wp-image-103186\" \/><\/a><\/p>\n<p>Ein weiterer Nebeltag.<\/p>\n<p>Gleich nach Milchkaffee und Bloggen leistete ich meinen Beitrag zum gestrigen Event und schnippelte zwei Kilo Glocken\u00e4pfel f\u00fcr Apfelstrudel.<\/p>\n<p><a href=\"https:\/\/www.vorspeisenplatte.de\/speisen\/archiv\/241109_03_Aepfel.jpg\"><img loading=\"lazy\" decoding=\"async\" src=\"https:\/\/www.vorspeisenplatte.de\/speisen\/archiv\/241109_03_Aepfel.jpg\" alt=\"Aufsicht auf K\u00fcchenarbeitsfl\u00e4che, rechts ein Dutzend gesch\u00e4lter \u00c4pfel, links eine rote Plastiksch\u00fcssel, in der bereits kleingeschnittene \u00c4pfel zu sehen sind, beides mit auffalend hellem Fleisch\" width=\"482\" height=\"341\" class=\"alignnone size-full wp-image-103187\" \/><\/a><\/p>\n<p>Wenn es stimmt, dass langsames Verf\u00e4rben des Fruchtfleisches auf einen hohen Gehalt von Ascorbins\u00e4ure deutet, dann waren das Vitamin-C-Bomben. Dann hackte ich noch auf Bitte des Strudelb\u00e4ckers Herr Kaltmamsell zwei H\u00e4nde voll ger\u00f6stete Haseln\u00fcsse von Elterns Busch.<\/p>\n<p>Das Anlass: Nachmittags war die Bruderfamilie zum Gucken von <i>Sound of Music<\/i> eingeladen. Die junge Generation war gewarnt, dass das ein einschneidendes Erlebnis w\u00fcrde, m\u00f6glicherweise schmerzhaft. Aber dass es in der Pause (damals hatten Filme mit 3 Stunden L\u00e4nge noch eine Pause, hahahaha) zumindest \u00f6sterreichische Leckerei geben w\u00fcrde.<\/p>\n<p>Drau\u00dfen war es neblig und kalt geblieben, ich schl\u00fcpfte f\u00fcr meinen Isarlauf erstmals in die neue Winter-Laufjacke.<\/p>\n<p><a href=\"https:\/\/www.vorspeisenplatte.de\/speisen\/archiv\/241109_04_Laufkleidung.jpg\"><img loading=\"lazy\" decoding=\"async\" src=\"https:\/\/www.vorspeisenplatte.de\/speisen\/archiv\/241109_04_Laufkleidung.jpg\" alt=\"Ganzk\u00f6rper-Spiegelselfie: Frau mit M\u00fctze und Brille in dunkler Laufkleidung mit schwarzer Hose, schwarzer Jacke, die im oberen Teil ein helles abstraktes Muster hat\" width=\"242\" height=\"410\" class=\"alignnone size-full wp-image-103188\" \/><\/a><\/p>\n<p>Direkt \u00fcber Alten S\u00fcdfriedhof an die Isar, auf der Westseite nach S\u00fcden \u00fcber Flaucher nach Thalkirchen, nach gemessenen 45 Minuten kehrte ich um und lief auf der Ostseite zur\u00fcck. Auf dem R\u00fcckweg sah ich schon auf der Thalkirchner Holzbr\u00fccke erste blaue Flecken durch die Nebel- und Wolkendecke, daraus wurden richtig blauer Himmel und Sonnenschein. Mein K\u00f6rper spielte gut mit, die Kleidung erwies sich als genau richtig, ich kam in einen angenehmen Rhythmus, zu dem meine Gedanken flie\u00dfen und Ideen entstehen konnten.<\/p>\n<p><a href=\"https:\/\/www.vorspeisenplatte.de\/speisen\/archiv\/241109_06_AlterSuedfriedhof.jpg\"><img loading=\"lazy\" decoding=\"async\" src=\"https:\/\/www.vorspeisenplatte.de\/speisen\/archiv\/241109_06_AlterSuedfriedhof.jpg\" alt=\"Schlichter Grabstein vor Ziegelwand, darauf ein stilisiertes Fernrohr und die Schrift &quot;Josef Fraunhofer&quot;\" width=\"365\" height=\"538\" class=\"alignnone size-full wp-image-103189\" \/><\/a><\/p>\n<p>Mal wieder bei Joseph von Fraunhofer vorbeigeschaut. Die Schreibung seines Namens variiert, und das ist nicht der urspr\u00fcngliche Grabstein, der wurde wie so viele andere in der Bombennacht  2.\/3. Oktober 1943 zerst\u00f6rt. Die Stadt M\u00fcnchen hatte Fraunhofer zu Allerheiligen mit einem Kranz geehrt.<\/p>\n<p><a href=\"https:\/\/www.vorspeisenplatte.de\/speisen\/archiv\/241109_09_Westermuehlbach.jpg\"><img loading=\"lazy\" decoding=\"async\" src=\"https:\/\/www.vorspeisenplatte.de\/speisen\/archiv\/241109_09_Westermuehlbach.jpg\" alt=\"Ausblick aus einer Fu\u00dfg\u00e4ngerunterf\u00fchrung mit Graffiti ins Gr\u00fcne\" width=\"573\" height=\"403\" class=\"alignnone size-full \" \/><\/a><\/p>\n<p>Unter der Kapuzinerstra\u00dfe.<\/p>\n<p><a href=\"https:\/\/www.vorspeisenplatte.de\/speisen\/archiv\/241109_11_Flaucher.jpg\"><img loading=\"lazy\" decoding=\"async\" src=\"https:\/\/www.vorspeisenplatte.de\/speisen\/archiv\/241109_11_Flaucher.jpg\" alt=\"Breiter Weg in Park mit Herbstlaub-lichten B\u00e4umen, im Vordergrund von hinten ein Jogger mit roter kurzer Hose und ein blaues Leih-Fahrrad\" width=\"413\" height=\"575\" class=\"alignnone size-full wp-image-103191\" \/><\/a><\/p>\n<p><a href=\"https:\/\/www.vorspeisenplatte.de\/speisen\/archiv\/241109_15_MariaEinsiedel.jpg\"><img loading=\"lazy\" decoding=\"async\" src=\"https:\/\/www.vorspeisenplatte.de\/speisen\/archiv\/241109_15_MariaEinsiedel.jpg\" alt=\"Neblige Flusslandschaft mit kahlen B\u00e4umen, im Vordergrund Br\u00fcckengel\u00e4nder, rechts eine Frau in hellgr\u00fcner Laufjacke von hinten\" width=\"536\" height=\"364\" class=\"alignnone size-full \" \/><\/a><\/p>\n<p>Nebel in Thalkirchen&#8230;<\/p>\n<p><a href=\"https:\/\/www.vorspeisenplatte.de\/speisen\/archiv\/241109_16_MariaEinsiedel.jpg\"><img loading=\"lazy\" decoding=\"async\" src=\"https:\/\/www.vorspeisenplatte.de\/speisen\/archiv\/241109_16_MariaEinsiedel.jpg\" alt=\"Drei berittene Pferde hinter B\u00e4umen vor Fluss\" width=\"550\" height=\"369\" class=\"alignnone size-full \" \/><\/a><\/p>\n<p>&#8230; aber auch Reiter*innen<\/p>\n<p><a href=\"https:\/\/www.vorspeisenplatte.de\/speisen\/archiv\/241109_17_MariaEinsiedel.jpg\"><img loading=\"lazy\" decoding=\"async\" src=\"https:\/\/www.vorspeisenplatte.de\/speisen\/archiv\/241109_17_MariaEinsiedel.jpg\" alt=\"Zum Teil von B\u00e4umen verdeckt: Bunte Kajaks, die von einzelnen Menschen auf einem Weg getragen werden, dahinter Fluss\" width=\"555\" height=\"353\" class=\"alignnone size-full \" \/><\/a><\/p>\n<p>und Kajak*innen auf dem Weg ins Wasser.<\/p>\n<p><a href=\"https:\/\/www.vorspeisenplatte.de\/speisen\/archiv\/241109_20_Brudermuehlbr.jpg\"><img loading=\"lazy\" decoding=\"async\" src=\"https:\/\/www.vorspeisenplatte.de\/speisen\/archiv\/241109_20_Brudermuehlbr.jpg\" alt=\"Pfeiler einer modernen Br\u00fccke von der Seite, darauf und auf der Br\u00fccke gemalt ein m\u00e4chtiger bunter Greifvogel, der in seinen Krallen Werkzeug h\u00e4lt, unten beschritet mit &quot;Bakunin&quot;\" width=\"613\" height=\"425\" class=\"alignnone size-full \" \/><\/a><\/p>\n<p>An der Bruderm\u00fchlbr\u00fccke entdeckte ich, dass der untere Teil des Bakunin-Gem\u00e4ldes erneuert worden war: Ich sehe es es seit vielen Jahren un\u00fcbermalt (soweit ich wei\u00df, ist das eine deutliche Respekt-Geste), <a href=\"https:\/\/www.vorspeisenplatte.de\/speisen\/archiv\/181101_12_Brudermuehlbruecke.jpg\" rel=\"noopener\" target=\"_blank\">hier eine Aufnahme von 2018<\/a>, dieses Jahr im Mai entstand aber unten ein neues Gem\u00e4lde &#8211; das wurde r\u00fcckkg\u00e4ngig gemacht.<\/p>\n<p><a href=\"https:\/\/www.vorspeisenplatte.de\/speisen\/archiv\/241109_21_Brudermuehlbr.jpg\"><img loading=\"lazy\" decoding=\"async\" src=\"https:\/\/www.vorspeisenplatte.de\/speisen\/archiv\/241109_21_Brudermuehlbr.jpg\" alt=\"Breitseite eine Betonbr\u00fcckenpfeilers, bemalt mit abstrahierter Raumfahrtszene, im Vordergrund der Helm einer Astronautin\" width=\"639\" height=\"321\" class=\"alignnone size-full \" \/><\/a><\/p>\n<p>Au\u00dferdem ein ganz neues Streetart-Gem\u00e4lde.<\/p>\n<p><a href=\"https:\/\/www.vorspeisenplatte.de\/speisen\/archiv\/241109_24_Wittelsbacherbr.jpg\"><img loading=\"lazy\" decoding=\"async\" src=\"https:\/\/www.vorspeisenplatte.de\/speisen\/archiv\/241109_24_Wittelsbacherbr.jpg\" alt=\"Breiter Kiesweg mit Spazierg\u00e4nger*innen, links Fluss, im Hintergrund alte Br\u00fccke und Kircht\u00fcrme\" width=\"581\" height=\"363\" class=\"alignnone size-full \" \/><\/a><\/p>\n<p>Mit der Wittelsbacherbr\u00fccke im Blick wurde es sonnig. Ich machte einen kurzen Abstecher in den Biosupermarkt f\u00fcr einen letzten Einkauf.<\/p>\n<p><a href=\"https:\/\/www.vorspeisenplatte.de\/speisen\/archiv\/241109_29_AlterSuedfriedhof.jpg\"><img loading=\"lazy\" decoding=\"async\" src=\"https:\/\/www.vorspeisenplatte.de\/speisen\/archiv\/241109_29_AlterSuedfriedhof.jpg\" alt=\"Blauer Himmel mit senkrechten Federwolken, darunter kleiner Kirchturm \u00fcber altem, park\u00e4hnlichen Friedhof\" width=\"426\" height=\"566\" class=\"alignnone size-full wp-image-103199\" \/><\/a><\/p>\n<p>Sonne \u00fcberm Alten S\u00fcdfriedhof.<\/p>\n<p><a href=\"https:\/\/www.vorspeisenplatte.de\/speisen\/archiv\/241109_30_Reisingerstr.jpg\"><img loading=\"lazy\" decoding=\"async\" src=\"https:\/\/www.vorspeisenplatte.de\/speisen\/archiv\/241109_30_Reisingerstr.jpg\" alt=\"Seitlich an Trafokasten kleine Malerei eines M\u00e4nnchens mit Farbrolle und Lackeimer\" width=\"297\" height=\"469\" class=\"alignnone size-full wp-image-103200\" \/><\/a><\/p>\n<p>In der Reisingerstra\u00dfe: Marvin hat einen neuen Job.<\/p>\n<p><a href=\"https:\/\/www.vorspeisenplatte.de\/speisen\/archiv\/241109_32_Balkon.jpg\"><img loading=\"lazy\" decoding=\"async\" src=\"https:\/\/www.vorspeisenplatte.de\/speisen\/archiv\/241109_32_Balkon.jpg\" alt=\"Sonniger Balkon, davor kahle B\u00e4ume, darauf unter anderem zwei gro\u00dfe Pflanzent\u00f6pfe mit Palmen, die jeweils drei wei\u00dfe Bl\u00fctenst\u00e4nde haben\" width=\"523\" height=\"419\" class=\"alignnone size-full \" \/><\/a><\/p>\n<p>Die Hakenlilie auf dem Balkon l\u00e4sst es nochmal so richtig krachen.<\/p>\n<p>Zum Fr\u00fchst\u00fcck gab&#8217;s einen Apfel sowie Roggenvollkornbrot mit Butter und Zwetschgenmus \/ mit Nocilla. Wir pr\u00e4parierten die Wohnung f\u00fcrs Filmschauen (B\u00fcgelw\u00e4sche und Papiernester verstecken, Sofa und Sessel um den Fernsehbildschirm gruppieren).<\/p>\n<p>Als die Bruderfamilie kam, verz\u00f6gerte sich der Filmstart nat\u00fcrlich um die Zeit, die wir f\u00fcr den Austausch von Informationen ben\u00f6tigten, untern anderem hatten einige <a href=\"https:\/\/www.donaukurier.de\/lokales\/ingolstadt\/trauer-um-alt-ob-hunderte-ingolstaedter-nehmen-abschied-von-peter-schnell-17381738\" rel=\"noopener\" target=\"_blank\">auf dem gestrigen Requiem von Altb\u00fcrgermeister Peter Schnell<\/a> gesungen: Er hatte sich von Anfang an f\u00fcr den Jugendkammerchor Ingolstadt eingesetzt, dessen Mits\u00e4ngerin auch ich ein paar Jahre lang war.<\/p>\n<p>Jetzt aber Bildung: <i>Sound of Music<\/i> aus dem Jahr 1965, die Generation der Nifften (der mittlere war durch Studienveranstaltung verhindert) sollte die Chance bekommen, die zahllosen Anspielungen im englischsprachigen Raum bis heute zu erkennen. Herr Kaltmamsell und ich disziplinierten uns und sangen an keiner Stelle mit.<\/p>\n<p>Pause nach zwei Stunden. Herr Kaltmamsell hatte viel Apfelstrudel nach Familienrezept gebacken, lediglich veganisiert, den gab es aufgew\u00e4rmt mit Sahne und zweierlei Vanilleeis (vegan und nicht) &#8211; sehr gut. So lie\u00df sich auch das Drama der letzte Filmstunde durchstehen.<\/p>\n<p>Die n\u00e4chste Generation erkl\u00e4rte sich f\u00fcr informiert und beteuerte, die Erfahrung sei gar nicht so schlimm gewesen. Die G\u00e4ste brachen bald auf, es gab eine besonders passende Zugverbindung zur\u00fcck nach Ingolstadt.<\/p>\n<p>Wir r\u00e4umten auf, zum sp\u00e4ten Abendessen gab es die weitere \u00f6sterreichische Spezialit\u00e4t, die Herr Kaltmamsell vorbereitet hatte: Krautfleckerl mit Kraut aus Ernteanteil und Farfalle. Dazu Schnaps: Neben einem wundervollen Blumenstrau\u00df hatten die G\u00e4ste uns ein Flascherl Enzian mitgebracht. Wurde nach meiner Erinnerung in meiner Kindheit noch regelm\u00e4\u00dfig angeboten, war mir aber schon ewig nicht mehr begegnet &#8211; unverst\u00e4ndlich, denn wir fanden ihn beide besonders und aromatisch.<\/p>\n<p>\u00a7<\/p>\n<p>Die Bundeswahlleiterin Ruth Brand tut ihren Job und weist auf die Folgen und Risiken eines Hauptsache baldigen Wahltermins hin, <a href=\"https:\/\/x.com\/moritz_roedle\/status\/1854914069972550036\/photo\/1\" rel=\"noopener\" target=\"_blank\">hier ihr Original-Brief<\/a>.<\/p>\n<p>Daraufhin las ich Stimmen, die ihr Projektleitungskompetenz absprachen, wenn nicht sogar stereotypische Beh\u00f6rdentr\u00e4gheit unterstellten. Ich bin verdutzt, denn wer sonst sollte sich bitte mit den zahllosen Orga-Details und Bestimmungen f\u00fcr eine Bundestagswahl auskennen? Ich halte es sogar f\u00fcr ihre Pflicht, sich zu Wort zu melden. Und welch ungeheurer Aufwand eine Bundestagswahl ist, ahnt zumindest jede, die mal wahlgeholfen hat. Kleinere Gemeinden haben nicht wie St\u00e4dte st\u00e4ndige Wahl\u00e4mter mit entsprechender personeller Ausstattung, dort machen Gemeinde-Angestellte das alle paar Jahre als zus\u00e4tzliche Belastung mit (<a href=\"https:\/\/bruellen.blogspot.com\/2017\/08\/perspektivenwechsel.html\" rel=\"noopener\" target=\"_blank\">Frau Br\u00fcllen hat mal eine sehr erleuchtende Leserinnenzuschrift dazu ver\u00f6ffentlicht<\/a>).<\/p>\n<p>Tagesschau.de hat sich die Bestimmungen wenigstens zum Teil genauer angeschaut und nachgerechnet:<br \/>\n<a href=\"https:\/\/www.tagesschau.de\/inland\/innenpolitik\/termin-bundestagswahl-100.html\" rel=\"noopener\" target=\"_blank\">&#8220;Fr\u00fcher Wahltermin? Das k\u00f6nnte zu Problemen f\u00fchren&#8221;.<\/a><\/p>\n<blockquote><p>Wahlvorschl\u00e4ge f\u00fcr die Wahlkreise und Landeslisten der Parteien sind sp\u00e4testens am 69. Tag vor der Wahl schriftlich einzureichen. Im Anschluss muss der Bundeswahlausschuss \u00fcber die Zulassung der Wahlvorschl\u00e4ge entscheiden. W\u00fcrde Scholz also schon n\u00e4chste Woche die Vertrauensfrage stellen, h\u00e4tten die Parteien nur etwa eine Woche Zeit, ihre Erststimmen-Kandidaten und ihre Wahllisten in allen Bundesl\u00e4ndern aufzustellen. F\u00fcr kleinere Parteien k\u00f6nnten die Probleme noch gr\u00f6\u00dfer sein, da sie Unterst\u00fctzerunterschriften sammeln m\u00fcssen.<\/p><\/blockquote>\n<p>Eine solche Situation w\u00fcrde das Vertrauen in die Demokratie wohl kaum st\u00e4rken. <img loading=\"lazy\" decoding=\"async\" src=\"https:\/\/vg04.met.vgwort.de\/na\/42be1a5e2fb24f0ea6daf13a07c34fd9\" width=\"1\" height=\"1\" alt=\"\"\/><\/p>\n","protected":false},"excerpt":{"rendered":"<p>Sch\u00f6n lang geschlafen. Ein weiterer Nebeltag. Gleich nach Milchkaffee und Bloggen leistete ich meinen Beitrag zum gestrigen Event und schnippelte zwei Kilo Glocken\u00e4pfel f\u00fcr Apfelstrudel. Wenn es stimmt, dass langsames Verf\u00e4rben des Fruchtfleisches auf einen hohen Gehalt von Ascorbins\u00e4ure deutet, dann waren das Vitamin-C-Bomben. Dann hackte ich noch auf Bitte des Strudelb\u00e4ckers Herr Kaltmamsell zwei [&hellip;]<\/p>\n","protected":false},"author":2,"featured_media":0,"comment_status":"open","ping_status":"closed","sticky":false,"template":"","format":"standard","meta":{"footnotes":""},"categories":[6,4,2,1],"tags":[],"class_list":["post-103174","post","type-post","status-publish","format-standard","hentry","category-essen","category-filme","category-fotos","category-general"],"_links":{"self":[{"href":"https:\/\/www.vorspeisenplatte.de\/speisen\/wp-json\/wp\/v2\/posts\/103174","targetHints":{"allow":["GET"]}}],"collection":[{"href":"https:\/\/www.vorspeisenplatte.de\/speisen\/wp-json\/wp\/v2\/posts"}],"about":[{"href":"https:\/\/www.vorspeisenplatte.de\/speisen\/wp-json\/wp\/v2\/types\/post"}],"author":[{"embeddable":true,"href":"https:\/\/www.vorspeisenplatte.de\/speisen\/wp-json\/wp\/v2\/users\/2"}],"replies":[{"embeddable":true,"href":"https:\/\/www.vorspeisenplatte.de\/speisen\/wp-json\/wp\/v2\/comments?post=103174"}],"version-history":[{"count":3,"href":"https:\/\/www.vorspeisenplatte.de\/speisen\/wp-json\/wp\/v2\/posts\/103174\/revisions"}],"predecessor-version":[{"id":103208,"href":"https:\/\/www.vorspeisenplatte.de\/speisen\/wp-json\/wp\/v2\/posts\/103174\/revisions\/103208"}],"wp:attachment":[{"href":"https:\/\/www.vorspeisenplatte.de\/speisen\/wp-json\/wp\/v2\/media?parent=103174"}],"wp:term":[{"taxonomy":"category","embeddable":true,"href":"https:\/\/www.vorspeisenplatte.de\/speisen\/wp-json\/wp\/v2\/categories?post=103174"},{"taxonomy":"post_tag","embeddable":true,"href":"https:\/\/www.vorspeisenplatte.de\/speisen\/wp-json\/wp\/v2\/tags?post=103174"}],"curies":[{"name":"wp","href":"https:\/\/api.w.org\/{rel}","templated":true}]}}