{"id":103266,"date":"2024-11-14T06:21:56","date_gmt":"2024-11-14T05:21:56","guid":{"rendered":"https:\/\/www.vorspeisenplatte.de\/speisen\/?p=103266"},"modified":"2025-11-03T16:05:28","modified_gmt":"2025-11-03T15:05:28","slug":"journal-mittwoch-13-november-2024-erster-schnee","status":"publish","type":"post","link":"https:\/\/www.vorspeisenplatte.de\/speisen\/2024\/11\/journal-mittwoch-13-november-2024-erster-schnee.htm","title":{"rendered":"Journal Mittwoch, 13. November 2024 &#8211; Erster Schnee"},"content":{"rendered":"<p>Nach zu wenig (Konzertbesuch am Vorabend mit anschlie\u00dfender U-Bahn-Verz\u00f6gerung), aber gutem Schlaf vom Wecker wachgerissen worden &#8211; aber einmal alle heiligen Zeiten geht eine k\u00fcrzere Nacht schon.<\/p>\n<p>Meine Erk\u00e4ltung verlief weiter mit nur wenigen Symptomen, auf dem Weg in die Arbeit (nasskalt, neblig) litt ich lediglich unter br\u00fcllenden Nebenh\u00f6hlen. Dagegen warf ich im B\u00fcro gleich mal eine Ibu ein, sie wirkte.<\/p>\n<p>Vormittag mit Assistenz-Wirbeln, dazwischem mein Grippe-Impftermin (ich hatte sogar an meinen Impfpass gedacht, ein weiteres Wapperl). Ein besonders dunkeld\u00fcsterer Tag, Kunstlicht war von morgens bis abends n\u00f6tig. Dennoch raus auf einen Mittagscappuccino ins Westend, f\u00fcr Bewegung war es mir nicht zu kalt.<\/p>\n<p>Sp\u00e4tes Mittagessen, weil links und rechts dies und das reingeschossen kam: Apfel, Rest Roggenvollkornbrot, H\u00fcttenk\u00e4se.<\/p>\n<p>Ab halb drei wurde es dann noch dunkler &#8211; eine Stunde sp\u00e4ter langsam Nacht.<\/p>\n<p>Nach Feierabend hatte ich einen Termin zum Beine-Enthaaren. Schon auf dem Weg dorthin bekam ich ein wenig N\u00e4sse ins Gesicht &#8211; und danach war&#8217;s eindeutig: Die ersten Schneeflocken dieses Winters, klein und nass, auf manchen Autoscheiben blieben sie sogar liegen.<\/p>\n<p>Kurze Lebensmitteleink\u00e4ufe, daheim eine Runde H\u00e4uslichkeiten &#8211; auf Gymnastik hatte ich keine Lust.<\/p>\n<p><a href=\"https:\/\/www.vorspeisenplatte.de\/speisen\/archiv\/241113_02_Nachtmahl.jpg\"><img loading=\"lazy\" decoding=\"async\" src=\"https:\/\/www.vorspeisenplatte.de\/speisen\/archiv\/241113_02_Nachtmahl.jpg\" alt=\"Tiefer Glasteller auf hellem Platzset, darin klare Br\u00fche mit Fleischst\u00fccken und Fadennudeln\" width=\"444\" height=\"333\" class=\"alignnone size-full wp-image-103283\" \/><\/a><\/p>\n<p>Herr Kaltmamsell hatte aus einem echten Suppenhuhn H\u00fchnereintopf mit Suppennudeln gekocht: Damit soll der Erk\u00e4ltung die Stirn geboten werden &#8211; Sie glauben vielleicht an Zink oder Vitamin C, ich glaube an Hienebriehe. Nachtisch S\u00fc\u00dfigkeiten, der leichte Schneefall war schon wieder vorbei.<\/p>\n<p>Fr\u00fch ins Bett zum Lesen, Ian McEwan, <i>Nutshell<\/i>, ich war bis zum Schluss am\u00fcsiert und angeregt durch dieses Kabinettst\u00fcckchen.<\/p>\n<p>\u00a7<\/p>\n<p>Der Ursprung unserer heutigen Vorstellung von K\u00fcche ist dominiert von einer klar benennbaren Erfindung: Der &#8220;Frankfurter K\u00fcche&#8221; von Architektin Margarete Sch\u00fctte-Lihotzky. Im <i>Guardian<\/i> ein Artikel zum Hintergrund anl\u00e4sslich der k\u00fcrzlich abgeschlossenen Restaurierung von Sch\u00fctte-Lihotzkys eigener Wohnung in Wien:<br \/>\n<a href=\"https:\/\/www.theguardian.com\/artanddesign\/2024\/nov\/12\/damned-kitchen-inventor-fitted-frankfurt-margarete-schutte-lihotzky\" target=\"_blank\">&#8220;\u2018That damned kitchen!\u2019 How the inventor of the fitted kitchen came to see it as a curse&#8221;.<\/a><\/p>\n<p>Mir gef\u00e4llt besonders, dass Sch\u00fctte-Lihotzky vor Entwicklung der Frankfurter K\u00fcche selbst nie kochte oder einen Haushalt f\u00fchrte: Sie verlie\u00df sich nicht auf ihre eigenen Gewohnheiten, sondern befragte und beobachtete Menschen, die das taten &#8211; eine erheblich n\u00fctzlichere Methode.<\/p>\n<blockquote><p>Instead she interviewed housewives, conducted time-motion studies and drew inspiration from kitchen galleys on trains. The result was a narrow space where a woman could turn from sink to stove without taking a step, and every utensil and ingredient had a designated space.<\/p><\/blockquote>\n<p><a href=\"https:\/\/www.falstaff.com\/living\/news\/kueche-von-margarete-schuette-lihotzky-reskonstruiert\" target=\"_blank\">Hier gibt&#8217;s mehr Fotos.<\/a><\/p>\n<p>F\u00fcr mich am attraktivsten: Die M\u00fcll-Luke seitlich in der Arbeitsfl\u00e4che, durch die man Reste in eine rausziehbare Lade schieben kann. <img loading=\"lazy\" decoding=\"async\" src=\"https:\/\/vg04.met.vgwort.de\/na\/928a29a4080644c7b53756315d60cbac\" width=\"1\" height=\"1\" alt=\"\"\/><\/p>\n","protected":false},"excerpt":{"rendered":"<p>Nach zu wenig (Konzertbesuch am Vorabend mit anschlie\u00dfender U-Bahn-Verz\u00f6gerung), aber gutem Schlaf vom Wecker wachgerissen worden &#8211; aber einmal alle heiligen Zeiten geht eine k\u00fcrzere Nacht schon. Meine Erk\u00e4ltung verlief weiter mit nur wenigen Symptomen, auf dem Weg in die Arbeit (nasskalt, neblig) litt ich lediglich unter br\u00fcllenden Nebenh\u00f6hlen. Dagegen warf ich im B\u00fcro gleich [&hellip;]<\/p>\n","protected":false},"author":2,"featured_media":0,"comment_status":"open","ping_status":"closed","sticky":false,"template":"","format":"standard","meta":{"footnotes":""},"categories":[6,1],"tags":[],"class_list":["post-103266","post","type-post","status-publish","format-standard","hentry","category-essen","category-general"],"_links":{"self":[{"href":"https:\/\/www.vorspeisenplatte.de\/speisen\/wp-json\/wp\/v2\/posts\/103266","targetHints":{"allow":["GET"]}}],"collection":[{"href":"https:\/\/www.vorspeisenplatte.de\/speisen\/wp-json\/wp\/v2\/posts"}],"about":[{"href":"https:\/\/www.vorspeisenplatte.de\/speisen\/wp-json\/wp\/v2\/types\/post"}],"author":[{"embeddable":true,"href":"https:\/\/www.vorspeisenplatte.de\/speisen\/wp-json\/wp\/v2\/users\/2"}],"replies":[{"embeddable":true,"href":"https:\/\/www.vorspeisenplatte.de\/speisen\/wp-json\/wp\/v2\/comments?post=103266"}],"version-history":[{"count":3,"href":"https:\/\/www.vorspeisenplatte.de\/speisen\/wp-json\/wp\/v2\/posts\/103266\/revisions"}],"predecessor-version":[{"id":113904,"href":"https:\/\/www.vorspeisenplatte.de\/speisen\/wp-json\/wp\/v2\/posts\/103266\/revisions\/113904"}],"wp:attachment":[{"href":"https:\/\/www.vorspeisenplatte.de\/speisen\/wp-json\/wp\/v2\/media?parent=103266"}],"wp:term":[{"taxonomy":"category","embeddable":true,"href":"https:\/\/www.vorspeisenplatte.de\/speisen\/wp-json\/wp\/v2\/categories?post=103266"},{"taxonomy":"post_tag","embeddable":true,"href":"https:\/\/www.vorspeisenplatte.de\/speisen\/wp-json\/wp\/v2\/tags?post=103266"}],"curies":[{"name":"wp","href":"https:\/\/api.w.org\/{rel}","templated":true}]}}