{"id":103764,"date":"2024-11-30T09:00:31","date_gmt":"2024-11-30T08:00:31","guid":{"rendered":"https:\/\/www.vorspeisenplatte.de\/speisen\/?p=103764"},"modified":"2024-11-30T10:01:44","modified_gmt":"2024-11-30T09:01:44","slug":"journal-freitag-29-november-2024-dysmorphie","status":"publish","type":"post","link":"https:\/\/www.vorspeisenplatte.de\/speisen\/2024\/11\/journal-freitag-29-november-2024-dysmorphie.htm","title":{"rendered":"Journal Freitag, 29. November 2024 &#8211; Dysmorphie"},"content":{"rendered":"<p>Diese Woche hatte sich derart lang gezogen, dass ich mich gestern Morgen erinnern musste, dass echt ehrlich wirklich Freitag war.<\/p>\n<p>Marsch in die Arbeit in kalter, angenehmer Luft unter d\u00fcsterem Himmel, ich trug dicke Winterjacke.<\/p>\n<p>Es wurde sogar hell, um 9 Uhr versuchte ich es erstmals ohne Deckenlicht.<\/p>\n<p>Gesch\u00e4ftiger Vormittag. Mittags raus ins Westend auf meinen Cappuccino, ich f\u00fchlte mich wackelig.<\/p>\n<p><a href=\"https:\/\/www.vorspeisenplatte.de\/speisen\/archiv\/241129_05_Stray.jpg\"><img loading=\"lazy\" decoding=\"async\" src=\"https:\/\/www.vorspeisenplatte.de\/speisen\/archiv\/241129_05_Stray.jpg\" alt=\"Volle Cappuccinotasse im Vordergrund auf einer h\u00f6zernen Fensterbank, durchs Fesnter sieht man d\u00fcsteren Himmel \u00fcber einer Altstadtstra\u00dfenszene\" width=\"363\" height=\"484\" class=\"alignnone size-full wp-image-103807\" \/><\/a><\/p>\n<p>Weitere Gesch\u00e4ftigkeit, dann Mittagessen: Banane, gelbe Kiwi (sehr gut), H\u00fcttenk\u00e4se.<\/p>\n<p>Higlight des Arbeitsnachmittags: Ich sah <a href=\"https:\/\/www.bayerisches-eisenbahnmuseum.de\/index.php?option=com_easyblog&#038;view=entry&#038;id=168&#038;Itemid=103&#038;lang=de\" target=\"_blank\">die Christkindl-Dampflok<\/a> vom B\u00fcrofenster aus, inklusive markantem Schu-Schu-Schu-Ger\u00e4usch und Dampf-Fahne.<\/p>\n<p>Auch sch\u00f6n am Winter: Vorm B\u00fcrofenster wurden auf den D\u00e4chern die Rabenkr\u00e4hen wieder von den gravit\u00e4tischen Saatkr\u00e4hen abgel\u00f6st.<\/p>\n<p><a href=\"https:\/\/www.vorspeisenplatte.de\/speisen\/archiv\/241129_07_Bueroblick.jpg\"><img loading=\"lazy\" decoding=\"async\" src=\"https:\/\/www.vorspeisenplatte.de\/speisen\/archiv\/241129_07_Bueroblick.jpg\" alt=\"Hohes, modernes B\u00fcrohochhaus mit Fensterrahmen in verschiedenen Gelb-t\u00f6nen, in der Fassade spiegeln sich blauer Himmel und sonnenbeschienene Wolken\" width=\"363\" height=\"484\" class=\"alignnone size-full wp-image-103808\" \/><\/a><\/p>\n<p>Wie angek\u00fcndigt wurde der Himmel immer klarer, f\u00fcrs Wochenende sind zwei Sonnentage angek\u00fcndigt (wenn der Nebel sie l\u00e4sst).<\/p>\n<p>Beim Verlassen des B\u00fcrohauses zu Feierabend h\u00f6rte ich laut einen revierfl\u00f6tenden Amslerich, die Jahreszeit passte wirklich gar nicht.<\/p>\n<p>Auf dem Heimweg Wochenendeink\u00e4ufe beim Vollcorner, die gro\u00dfe Wochenenderleichterung wollte sich nicht recht einstellen. Auch nicht daheim bei Yoga-Gymnastik. Ich half also mit einem hochprozentigen Feierabend-Cocktail Cosmopolitan nach.<\/p>\n<p><a href=\"https:\/\/www.vorspeisenplatte.de\/speisen\/archiv\/241129_09_Cosmopolitans.jpg\"><img loading=\"lazy\" decoding=\"async\" src=\"https:\/\/www.vorspeisenplatte.de\/speisen\/archiv\/241129_09_Cosmopolitans.jpg\" alt=\"Aufsicht auf zwei weite G\u00e4ser mit dunkelroter Fl\u00fcssigkeit und einem Fitzel Orangenschale, dahinter Flaschen Contreau, Preiselbeersaft, Cocktail-Shaker\" width=\"446\" height=\"363\" class=\"alignnone size-full wp-image-103809\" \/><\/a><\/p>\n<p>Das funktionierte ein wenig.<\/p>\n<p>Herr Kaltmamsell hatte zum Nachtmahl den m\u00e4chtigen Sellerum aus Ernteanteil <a href=\"https:\/\/magentratzerl.de\/2016\/02\/02\/sellerie-au-gratin\/\" target=\"_blank\">zu Sellerie-Lasagne<\/a> verarbeitet. Dazu gab es das letzte Viertel Zuckerhut aus Ernteanteil mit Haselnussmus-Dressing.<\/p>\n<p><a href=\"https:\/\/www.vorspeisenplatte.de\/speisen\/archiv\/241129_12_Nachtmahl.jpg\"><img loading=\"lazy\" decoding=\"async\" src=\"https:\/\/www.vorspeisenplatte.de\/speisen\/archiv\/241129_12_Nachtmahl.jpg\" alt=\"Gedeckter Tisch mit zwei Glastellern voll Sellerie-Tomaten-Auflauf, dazwischen eine wei\u00dfe Sch\u00fcssel Salat, rechts und links davon gef\u00fcllte Weingl\u00e4ser\" width=\"333\" height=\"444\" class=\"alignnone size-full wp-image-103810\" \/><\/a><\/p>\n<p>Und ein Glas Pittnauer Ros\u00e9 Dogma. Nachtisch Schokolade, zu viel davon.<\/p>\n<p>Fr\u00fch ins Bett zum Lesen.<\/p>\n<p>\u00a7<\/p>\n<p>Wie tief meine \u00fcberwunden geglaubte Dysmorphie sitzt. Zur Erinnerung: Als Jugendliche mit diesem Aussehen (bei dieser Aufnahme 1985 in Hannover zu einem Chorfestival war ich 17, den Overall hatte ich von einer Freundin geliehen, die roten Ballerinas w\u00fcrde ich noch heute tragen, sie waren halt irgendwann durch)<\/p>\n<p><a href=\"https:\/\/www.vorspeisenplatte.de\/speisen\/archiv\/1985_Hannover.jpg\"><img loading=\"lazy\" decoding=\"async\" src=\"https:\/\/www.vorspeisenplatte.de\/speisen\/archiv\/1985_Hannover.jpg\" alt=\"Eine junge Frau mit langen dunkel Haaren gehend, in einem olivfarbenen Overall, aufgekn\u00f6pft, drunter ein wei\u00dfes T-Shirt, um die Taille ein roter G\u00fcrtel, in der Hand ein bunter Pullover\" width=\"270\" height=\"472\" class=\"alignnone size-full wp-image-103806\" \/><\/a><\/p>\n<p>war ich \u00fcberzeugt, in dieselbe K\u00f6rper-Kategorie zu geh\u00f6ren wie Alison Moyet damals (<a href=\"https:\/\/www.rollingstone.de\/alison-moyet-geht-2025-auf-welttournee-2731431\/\" target=\"_blank\">heute sieht sie so aus<\/a>).<\/p>\n<div class=\"video-wrapped\" style=\"width: 500px; height: 375px; background-image: url('https:\/\/www.vorspeisenplatte.de\/speisen\/wp-content\/plugins\/video-embed-privacy\/preview\/3wWi6OrgZe4.jpg')\" data-embed-frame=\"&lt;iframe title=&quot;Alison Moyet - All Cried Out&quot; width=&quot;500&quot; height=&quot;375&quot; src=&quot;https:\/\/www.youtube.com\/embed\/3wWi6OrgZe4?feature=oembed&quot; frameborder=&quot;0&quot; allow=&quot;accelerometer; autoplay; clipboard-write; encrypted-media; gyroscope; picture-in-picture; web-share&quot; referrerpolicy=&quot;strict-origin-when-cross-origin&quot; allowfullscreen&gt;&lt;\/iframe&gt;\" data-embed-play=\"Abspielen&lt;div class=&quot;small&quot;&gt;Das Video wird von Youtube eingebettet abespielt. Es gilt die &lt;a href=&quot;https:\/\/www.google.com\/intl\/de\/policies\/privacy\/&quot; target=&quot;_blank&quot;&gt;Datenschutzerkl\u00e4rung von Google&lt;\/a&gt;&lt;\/div&gt;\">\n<div class=\"video-wrapped-nojs\">Aktivieren Sie JavaScript um das Video zu sehen.<br \/><a href=\"https:\/\/youtu.be\/3wWi6OrgZe4?si=9yVIMYsjhneKGK_9\">https:\/\/youtu.be\/3wWi6OrgZe4?si=9yVIMYsjhneKGK_9<\/a><\/div>\n<\/div>\n<p>Schon bevor es die Konzepte <i>body shaming<\/i> und <i>body positivity<\/i> gab, k\u00e4mpfte ich lauthals daf\u00fcr, dass alle K\u00f6rperformen Anerkennung verdienen, auch meine: &#8220;Mehr Kilos, weniger Scham!&#8221; stand unter anderem auf den Aufklebern der ersten kommerziellen Kampagne ca. 1988 (eines Bekleidungsherstellers?), der ich mich mit Verve anschloss.<\/p>\n<p>Ich kann nur vermuten, dass meine Umwelt au\u00dferhalb der Familie davon ausging, dass ich wie so oft scherzte, denn niemand widersprach mir &#8211; bis zu dem Liebhaber, dessen ehrlich verst\u00e4ndnislose Miene w\u00e4hrend einer meiner aktivistischen Tiraden mich endlich auf die Idee brachte, dass mein \u00e4u\u00dferes Selbstbild nicht real sein k\u00f6nnte. <\/p>\n<p>Doch Jahrzehnte konstruktives Hadern sp\u00e4ter ertappe ich mich dabei, dass eine einzige Bemerkung in Kombination mit einem Blick reicht &#8211; und schon sind jede passende Kleidergr\u00f6\u00dfe, jeder problemlos schlie\u00dfende G\u00fcrtel \u00fcberstimmt.<\/p>\n<p>\u00a7<\/p>\n<p><a href=\"https:\/\/www.youtube.com\/watch?v=gmkht5-iSqg\" target=\"_blank\">&#8220;Wahlkampfhilfe f\u00fcr FDP, Gr\u00fcne und CDU | Bosetti will reden!&#8221;<\/a><\/p>\n<blockquote><p>Ich sage es in jedem Wahlkampf, so auch in diesem: Am liebsten w\u00fcrde ich einfach nicht hingucken. Aber wenn es schon sein muss, dann kann ich ja auch ein bisschen Wahlkampfhilfe leisten! Heute f\u00fcr FDP, Gr\u00fcne und CDU.<\/p><\/blockquote>\n<p>(Die anderen Parteien kommen n\u00e4chste Woche dran.) <img loading=\"lazy\" decoding=\"async\" src=\"https:\/\/vg02.met.vgwort.de\/na\/26d86d2a547e4a00b5853870764a9025\" width=\"1\" height=\"1\" alt=\"\"\/><\/p>\n","protected":false},"excerpt":{"rendered":"<p>Diese Woche hatte sich derart lang gezogen, dass ich mich gestern Morgen erinnern musste, dass echt ehrlich wirklich Freitag war. Marsch in die Arbeit in kalter, angenehmer Luft unter d\u00fcsterem Himmel, ich trug dicke Winterjacke. Es wurde sogar hell, um 9 Uhr versuchte ich es erstmals ohne Deckenlicht. Gesch\u00e4ftiger Vormittag. Mittags raus ins Westend auf [&hellip;]<\/p>\n","protected":false},"author":2,"featured_media":0,"comment_status":"open","ping_status":"closed","sticky":false,"template":"","format":"standard","meta":{"footnotes":""},"categories":[6,2,1],"tags":[],"class_list":["post-103764","post","type-post","status-publish","format-standard","hentry","category-essen","category-fotos","category-general"],"_links":{"self":[{"href":"https:\/\/www.vorspeisenplatte.de\/speisen\/wp-json\/wp\/v2\/posts\/103764","targetHints":{"allow":["GET"]}}],"collection":[{"href":"https:\/\/www.vorspeisenplatte.de\/speisen\/wp-json\/wp\/v2\/posts"}],"about":[{"href":"https:\/\/www.vorspeisenplatte.de\/speisen\/wp-json\/wp\/v2\/types\/post"}],"author":[{"embeddable":true,"href":"https:\/\/www.vorspeisenplatte.de\/speisen\/wp-json\/wp\/v2\/users\/2"}],"replies":[{"embeddable":true,"href":"https:\/\/www.vorspeisenplatte.de\/speisen\/wp-json\/wp\/v2\/comments?post=103764"}],"version-history":[{"count":3,"href":"https:\/\/www.vorspeisenplatte.de\/speisen\/wp-json\/wp\/v2\/posts\/103764\/revisions"}],"predecessor-version":[{"id":103823,"href":"https:\/\/www.vorspeisenplatte.de\/speisen\/wp-json\/wp\/v2\/posts\/103764\/revisions\/103823"}],"wp:attachment":[{"href":"https:\/\/www.vorspeisenplatte.de\/speisen\/wp-json\/wp\/v2\/media?parent=103764"}],"wp:term":[{"taxonomy":"category","embeddable":true,"href":"https:\/\/www.vorspeisenplatte.de\/speisen\/wp-json\/wp\/v2\/categories?post=103764"},{"taxonomy":"post_tag","embeddable":true,"href":"https:\/\/www.vorspeisenplatte.de\/speisen\/wp-json\/wp\/v2\/tags?post=103764"}],"curies":[{"name":"wp","href":"https:\/\/api.w.org\/{rel}","templated":true}]}}