{"id":103921,"date":"2024-12-03T06:22:59","date_gmt":"2024-12-03T05:22:59","guid":{"rendered":"https:\/\/www.vorspeisenplatte.de\/speisen\/?p=103921"},"modified":"2025-12-02T16:57:05","modified_gmt":"2025-12-02T15:57:05","slug":"journal-montag-2-dezember-2024-noch-so-ein-arbeitsmontag","status":"publish","type":"post","link":"https:\/\/www.vorspeisenplatte.de\/speisen\/2024\/12\/journal-montag-2-dezember-2024-noch-so-ein-arbeitsmontag.htm","title":{"rendered":"Journal Montag, 2. Dezember 2024 &#8211; Noch so ein Arbeitsmontag"},"content":{"rendered":"<p>Eigentlich eine gute Nacht, aber mit mehrfachem leichten Aufwachen.<\/p>\n<p>Wetter war kalt mit buntem Sonnenaufgangshimmel, die Temperatur in der Innenstadt lag leicht \u00fcber Null.<\/p>\n<p><a href=\"https:\/\/www.vorspeisenplatte.de\/speisen\/archiv\/241203_03_Theresienwiese.jpg\"><img loading=\"lazy\" decoding=\"async\" src=\"https:\/\/www.vorspeisenplatte.de\/speisen\/archiv\/241203_03_Theresienwiese.jpg\" alt=\"H\u00e4user-Silhouette vor Morgenrosa\" width=\"544\" height=\"456\" class=\"alignnone size-full \" \/><\/a><\/p>\n<p>Blick zur\u00fcck auf der Theresienwiese.<\/p>\n<p>Im B\u00fcro die gewohnte Montagshektik nach \u00d6ffnen des Postfachs, weil andere am Wochenende gearbeitet hatten. Das Wetter verd\u00fcsterte sich, es regnete auch mal, der Rest des Tages war gemischt.<\/p>\n<p>F\u00fcr meinen Mittagscappuccino ging ich nach durchgehender Emsigkeit r\u00fcber zu Nachbars, schloss Eink\u00e4ufe im nahen Lidl an.<\/p>\n<p>Weitere Besprechungen und T\u00e4tigkeiten, bevor ich zu Mittag Rote-Bete-Salat aus Ernteanteil (super) und etwas K\u00f6rnerbrot (ist mir vielleicht schlicht zu salzig) a\u00df.<\/p>\n<p>Arbeitsreicher Nachmittag, musste halt. Der anstrengendste Tag der Woche wird aber Mittwoch, mit Ansage und lange vorbereitet.<\/p>\n<p>Nach Feierabend Eink\u00e4ufe: Granat\u00e4pfel im Obst- und Gem\u00fcseladen, die zweite Crowdfarming-Lieferung f\u00e4llt ja aus (Fachsimpeln mit dem Verk\u00e4ufer \u00fcber das Entkernen, wir waren uns \u00fcber die Methode einig), im Vollcorner Lebensmittel, im Drogeriemarkt Drogeriemarktprodukte.<\/p>\n<p>Daheim H\u00e4uslichkeiten, Yoga-Gymnastik (nur Dehnen und Schnaufen, war gestern aber ok), Brotzeitvorbereitung. Zum Nachtmahl hatte Herr Kaltmamsell aus Ernteanteil-Wirsing und -Kartoffeln Eintopf gekocht, auf meinen Wunsch Wurst (Kabanossi) reingeschnippelt, gut und n\u00e4hrend. Nachtisch die beste Entwicklung auf dem Weihnachtsgeb\u00e4ckmarkt der vergangenen Jahre: Stollen-Konfekt.<\/p>\n<p>Zum ersten Mal wollte ich etwas auf der Second-Hand-Kleidungs-Plattform Vinted kaufen, seit Jahren bekannt \u00fcber die Nifften, einen altmodischen roten Damen-Janker. Doch ich schaffte es nicht, ein Konto mit E-Mail und Passwort anzulegen: In drei Browsern, \u00fcber zwei IPs, an mehreren Tagen wurde ich in dem Prozess gesperrt, &#8220;irgendwas an dem Browser kommt uns komisch vor&#8221;. Aber auch nach drei Tagen wollte ich diesen Janker: Ich bat also Herrn Kaltmamsell, ein Konto anzulegen und den Janker f\u00fcr mich zu kaufen. Er schaffte es mit seinem Google-Konto. (Die Zukunft des Online-Handels hatte ich mir anders vorgestellt.)<\/p>\n<p>\u00a7<\/p>\n<p>Gestern lernte ich den Begriff &#8220;Entsorgungssicherheit&#8221;: Die Garantie, den eigenen M\u00fcll loszuwerden. Das ist \u00fcberhaupt nicht trivial: Stellen Sie sich mal vor, es g\u00e4be keine M\u00fcllabfuhr und Sie m\u00fcssten selbst sehen, wohin mit Ihren Abf\u00e4llen. Ich erinnere mich ans kastilische Dorf meiner spanischen Oma in den fr\u00fchen 70ern: Da gab es halt auf dem Weg zum Bach einen Platz, an den alle ihren M\u00fcll brachten, vor allem Plastik, und hin und wieder fackelte den jemand ab.<\/p>\n<p>Dieser Artikel von Lucretia Gather auf tagesschau.de brachte mich drauf:<br \/>\n<a href=\"https:\/\/www.tagesschau.de\/inland\/mittendrin\/muell-deponie-entsorgungssicherheit-100.html\" target=\"_blank\">&#8220;Zahl der Deponien geht zur\u00fcck<br \/>\nWohin mit den Bauabf\u00e4llen?&#8221;<\/a> <img loading=\"lazy\" decoding=\"async\" src=\"https:\/\/vg02.met.vgwort.de\/na\/6e94c8ad5a3e453fa2db34c13f9e6b1a\" width=\"1\" height=\"1\" alt=\"\"\/><\/p>\n","protected":false},"excerpt":{"rendered":"<p>Eigentlich eine gute Nacht, aber mit mehrfachem leichten Aufwachen. Wetter war kalt mit buntem Sonnenaufgangshimmel, die Temperatur in der Innenstadt lag leicht \u00fcber Null. Blick zur\u00fcck auf der Theresienwiese. Im B\u00fcro die gewohnte Montagshektik nach \u00d6ffnen des Postfachs, weil andere am Wochenende gearbeitet hatten. Das Wetter verd\u00fcsterte sich, es regnete auch mal, der Rest des [&hellip;]<\/p>\n","protected":false},"author":2,"featured_media":0,"comment_status":"open","ping_status":"closed","sticky":false,"template":"","format":"standard","meta":{"footnotes":""},"categories":[2,1],"tags":[],"class_list":["post-103921","post","type-post","status-publish","format-standard","hentry","category-fotos","category-general"],"_links":{"self":[{"href":"https:\/\/www.vorspeisenplatte.de\/speisen\/wp-json\/wp\/v2\/posts\/103921","targetHints":{"allow":["GET"]}}],"collection":[{"href":"https:\/\/www.vorspeisenplatte.de\/speisen\/wp-json\/wp\/v2\/posts"}],"about":[{"href":"https:\/\/www.vorspeisenplatte.de\/speisen\/wp-json\/wp\/v2\/types\/post"}],"author":[{"embeddable":true,"href":"https:\/\/www.vorspeisenplatte.de\/speisen\/wp-json\/wp\/v2\/users\/2"}],"replies":[{"embeddable":true,"href":"https:\/\/www.vorspeisenplatte.de\/speisen\/wp-json\/wp\/v2\/comments?post=103921"}],"version-history":[{"count":3,"href":"https:\/\/www.vorspeisenplatte.de\/speisen\/wp-json\/wp\/v2\/posts\/103921\/revisions"}],"predecessor-version":[{"id":114732,"href":"https:\/\/www.vorspeisenplatte.de\/speisen\/wp-json\/wp\/v2\/posts\/103921\/revisions\/114732"}],"wp:attachment":[{"href":"https:\/\/www.vorspeisenplatte.de\/speisen\/wp-json\/wp\/v2\/media?parent=103921"}],"wp:term":[{"taxonomy":"category","embeddable":true,"href":"https:\/\/www.vorspeisenplatte.de\/speisen\/wp-json\/wp\/v2\/categories?post=103921"},{"taxonomy":"post_tag","embeddable":true,"href":"https:\/\/www.vorspeisenplatte.de\/speisen\/wp-json\/wp\/v2\/tags?post=103921"}],"curies":[{"name":"wp","href":"https:\/\/api.w.org\/{rel}","templated":true}]}}