{"id":103953,"date":"2024-12-04T06:16:35","date_gmt":"2024-12-04T05:16:35","guid":{"rendered":"https:\/\/www.vorspeisenplatte.de\/speisen\/?p=103953"},"modified":"2024-12-04T12:05:57","modified_gmt":"2024-12-04T11:05:57","slug":"journal-dienstag-3-dezember-2024-die-zukunft-des-online-kaufens","status":"publish","type":"post","link":"https:\/\/www.vorspeisenplatte.de\/speisen\/2024\/12\/journal-dienstag-3-dezember-2024-die-zukunft-des-online-kaufens.htm","title":{"rendered":"Journal Dienstag, 3. Dezember 2024 &#8211; Die Zukunft des Online-Kaufens"},"content":{"rendered":"<p>Aufgewacht zu Regenrauschen, Arbeitsweg im Regen unter Schirm und im Finsteren.<\/p>\n<p>Turbulenter Arbeitsvormittag, ich musste Jobs abgeben, die ich eigentlich am liebsten mache, aber sie waren f\u00fcr mich nicht mit dieser Deadline zu schaffen.<\/p>\n<p>Dennoch rannte ich auf einen Mittagscappuccino raus an die Theresienh\u00f6he, der Regen hatte aufgeh\u00f6rt.<\/p>\n<p><a href=\"https:\/\/www.vorspeisenplatte.de\/speisen\/archiv\/241203_04_NottingHill.jpg\"><img loading=\"lazy\" decoding=\"async\" src=\"https:\/\/www.vorspeisenplatte.de\/speisen\/archiv\/241203_04_NottingHill.jpg\" alt=\"Im Vordergrund eine Capuccino-Tasse auf einem Holztisch, dahinter ein kleines goldenes Weihnachtb\u00e4umchen, im Hintergrund Caf\u00e9-Szene, an einem Tisch sitzen zwei Menschen, hinter ihnen die Glasfront mit Blick auf einen gepflasterten Platz\" width=\"355\" height=\"467\" class=\"alignnone size-full wp-image-103959\" \/><\/a><\/p>\n<p>Sp\u00e4tes Mittagessen waren dann der Rest K\u00f6rnerbrot sowie Granatapfelkerne mit Joghurt.<\/p>\n<p>Der Nachmittag wurde sehr arbeitsreich und anstrengend (aber ich sah, dass drau\u00dfen sogar die Sonne herausgekommen war), ich musste am Ende die eigentlich nicht mehr vorhandene Konzentration mit aller Kraft zusammenkratzen.<\/p>\n<p>Da der Arbeitstag am Mittwoch bis in die Nacht dauern w\u00fcrde, hatte ich eigentlich geplant, am n\u00e4chsten Morgen eine Stunde sp\u00e4ter anzutreten &#8211; doch es zeichnete sich ab, dass das schwierig werden k\u00f6nnte.<\/p>\n<p>Irgendwann machte ich mit Gewalt Feierabend: Ich wollte in der Innenstadt eine Click-and-collect-Bestellung abholen &#8211; wenn ich schon in der Innenstadt wohne, konnte ich mir ja das Porto nach Hause sparen.<\/p>\n<p>U-Bahn zum Odeonsplatz, von dort aus ging ich zum Kosmetik-Laden in der Kaufingerstra\u00dfe, ich hatte ein sehr spezielles, kleines Pflegeprodukt bestellt (dass es dieses im Laden selbst nicht gab, sondern nur im Online-Shop der Kette, hatte ich schon vor Monaten herausgefunden). Im mehrgescho\u00dfigen Laden lief ich ein wenig irr, der Click-and-collect-Ort war kaum ausgewiesen.<\/p>\n<p><a href=\"https:\/\/www.vorspeisenplatte.de\/speisen\/archiv\/241203_09_Douglas.jpg\"><img loading=\"lazy\" decoding=\"async\" src=\"https:\/\/www.vorspeisenplatte.de\/speisen\/archiv\/241203_09_Douglas.jpg\" alt=\"In einem Laden, links hinten die Schrift &quot;Click &amp; Collect Abholstation&quot;, davor bis direkt davor hohe Stapel schwarze Paletten in Folie\" width=\"374\" height=\"508\" class=\"alignnone size-full wp-image-103960\" \/><\/a><\/p>\n<p>Als ich ihn gefunden hatte, half mir das allerdings auch nicht. Mehr Herumirren, bis ich eine Angestellte um Hilfe bitten konnte. Sie suchte dann eine Weile an verschiedenen Stellen hinter der Kasse und hinter T\u00fcren, bis ich in einer v\u00f6llig \u00fcberdimensionierten Postverpackung meine Bestellung bekam und zahlen konnte. So hatte ich mir die Zukunft des Online-Kaufens auch nicht vorgestellt.<\/p>\n<p>Schnelle Lebensmittel-Vorratseink\u00e4ufe, daheim holte ich lediglich Herrn Kaltmamsell ab, denn Abendessen sollte es auf dem Christkindlmarkt geben. Es wurde f\u00fcr uns beide je eine Rengschburger spezial und eine Portion Pommes.<\/p>\n<p>Nachtischschokolade zu Hause.<\/p>\n<p>Festgestellt, dass nicht alle Menschen mit Freude an deutscher Sprache meine Allergie gegen die Arbeitsweltbegriffe &#8220;zeitnah&#8221; und &#8220;im Nachgang&#8221; nachvollziehen k\u00f6nnen. Die Alterserscheinung Sprach-\u00dcberempfindlichkeit scheint bei mir fr\u00fch und heftig zuzuschlagen. (Daf\u00fcr habe ich kein Problem mit Gluten oder Laktose.) <img loading=\"lazy\" decoding=\"async\" src=\"https:\/\/vg02.met.vgwort.de\/na\/017281b7278c45578f81216e0dac457e\" width=\"1\" height=\"1\" alt=\"\"\/><\/p>\n","protected":false},"excerpt":{"rendered":"<p>Aufgewacht zu Regenrauschen, Arbeitsweg im Regen unter Schirm und im Finsteren. Turbulenter Arbeitsvormittag, ich musste Jobs abgeben, die ich eigentlich am liebsten mache, aber sie waren f\u00fcr mich nicht mit dieser Deadline zu schaffen. Dennoch rannte ich auf einen Mittagscappuccino raus an die Theresienh\u00f6he, der Regen hatte aufgeh\u00f6rt. Sp\u00e4tes Mittagessen waren dann der Rest K\u00f6rnerbrot [&hellip;]<\/p>\n","protected":false},"author":2,"featured_media":0,"comment_status":"open","ping_status":"closed","sticky":false,"template":"","format":"standard","meta":{"footnotes":""},"categories":[2,1],"tags":[],"class_list":["post-103953","post","type-post","status-publish","format-standard","hentry","category-fotos","category-general"],"_links":{"self":[{"href":"https:\/\/www.vorspeisenplatte.de\/speisen\/wp-json\/wp\/v2\/posts\/103953","targetHints":{"allow":["GET"]}}],"collection":[{"href":"https:\/\/www.vorspeisenplatte.de\/speisen\/wp-json\/wp\/v2\/posts"}],"about":[{"href":"https:\/\/www.vorspeisenplatte.de\/speisen\/wp-json\/wp\/v2\/types\/post"}],"author":[{"embeddable":true,"href":"https:\/\/www.vorspeisenplatte.de\/speisen\/wp-json\/wp\/v2\/users\/2"}],"replies":[{"embeddable":true,"href":"https:\/\/www.vorspeisenplatte.de\/speisen\/wp-json\/wp\/v2\/comments?post=103953"}],"version-history":[{"count":3,"href":"https:\/\/www.vorspeisenplatte.de\/speisen\/wp-json\/wp\/v2\/posts\/103953\/revisions"}],"predecessor-version":[{"id":103976,"href":"https:\/\/www.vorspeisenplatte.de\/speisen\/wp-json\/wp\/v2\/posts\/103953\/revisions\/103976"}],"wp:attachment":[{"href":"https:\/\/www.vorspeisenplatte.de\/speisen\/wp-json\/wp\/v2\/media?parent=103953"}],"wp:term":[{"taxonomy":"category","embeddable":true,"href":"https:\/\/www.vorspeisenplatte.de\/speisen\/wp-json\/wp\/v2\/categories?post=103953"},{"taxonomy":"post_tag","embeddable":true,"href":"https:\/\/www.vorspeisenplatte.de\/speisen\/wp-json\/wp\/v2\/tags?post=103953"}],"curies":[{"name":"wp","href":"https:\/\/api.w.org\/{rel}","templated":true}]}}