{"id":10400,"date":"2010-12-26T08:47:00","date_gmt":"2010-12-26T07:47:00","guid":{"rendered":"https:\/\/www.vorspeisenplatte.de\/speisen\/?p=10400"},"modified":"2015-02-23T07:09:05","modified_gmt":"2015-02-23T06:09:05","slug":"wo-ich-herkomme","status":"publish","type":"post","link":"https:\/\/www.vorspeisenplatte.de\/speisen\/2010\/12\/wo-ich-herkomme.htm","title":{"rendered":"Wo ich herkomme"},"content":{"rendered":"<p>Gestern Vormittag besuchte ich nach Jahren mal wieder die Innenstadt meiner Geburtsstadt. Ich bekam trotz aller (v\u00f6llig anlassloser) Abneigung Mitleid mit ihr: So vernachl\u00e4ssigt wie die fr\u00fcheren Prachtstra\u00dfen aussehen, scheint die Innenstadt den Einheimischen recht egal zu sein. Viele leer stehende Gesch\u00e4fte, kaum Caf\u00e9s oder Restaurants, fr\u00fchere Ausgehm\u00f6glichkeiten leer und verbarrikadiert, kein einziges Kino mehr, heruntergekommene H\u00e4user, abgebrochene Leuchtreklame, Schrammen und Kratzer unausgebessert, aus Traditionsgesch\u00e4ften und -wirtschaften sind B\u00fcros geworden. Die Einheimischen erledigen Eink\u00e4ufe lieber in den Malls und Schn\u00e4ppchenpal\u00e4sten am Stadtrand, au\u00dfer Wochen- oder Christkindlmarkt gibt es kaum mehr etwas, was in die Altstadt lockt.<\/p>\n<p><img loading=\"lazy\" decoding=\"async\" src=\"https:\/\/www.vorspeisenplatte.de\/speisen\/archiv\/101225_Ingolstadt_Union.jpg\" alt=\"\" title=\"101225_Ingolstadt_Union\" width=\"306\" height=\"399\" class=\"alignnone size-full wp-image-10406\" \/><\/p>\n<p><img loading=\"lazy\" decoding=\"async\" src=\"https:\/\/www.vorspeisenplatte.de\/speisen\/archiv\/101225_Ingolstadt_Cinema.jpg\" alt=\"\" title=\"101225_Ingolstadt_Cinema\" width=\"326\" height=\"494\" class=\"alignnone size-full wp-image-10407\" \/><\/p>\n<p>Doch selbst als es noch Vergn\u00fcgungsangebote gab, wurden sie nicht genutzt: Von den zwei kleinen Kinos stehen noch die leeren H\u00fcllen. Die beiden gro\u00dfen sind l\u00e4ngst abgerissen; an ihrer Stelle stehen Wohn- und Gesch\u00e4ftskl\u00f6tze.<\/p>\n<p>Eine gro\u00dfe Freude war mir, dass ein kleines B\u00e4ckerchen meiner Kindheit \u00fcberlebt zu haben scheint (da gab es die besten Brezen), gleich gegen\u00fcber dem Geb\u00e4ude, in dem ich zur Welt kam (immer noch ohne Gedenkplakette &#8211; ich werde mich ein wenig anstrengen m\u00fcssen).<\/p>\n<p><img loading=\"lazy\" decoding=\"async\" src=\"https:\/\/www.vorspeisenplatte.de\/speisen\/archiv\/101225_Ingolstadt_Baeckerei.jpg\" alt=\"\" title=\"101225_Ingolstadt_Baeckerei\" width=\"352\" height=\"531\" class=\"alignnone size-full wp-image-10404\" \/><\/p>\n<p>F\u00fcr sch\u00f6ne Anblicke und Verzauberung sorgten die Geschichte der Stadt und dicker Schnee.<\/p>\n<p><img loading=\"lazy\" decoding=\"async\" src=\"https:\/\/www.vorspeisenplatte.de\/speisen\/archiv\/101225_Ingolstadt_1.jpg\" alt=\"\" title=\"101225_Ingolstadt_1\" width=\"577\" height=\"463\" class=\"alignnone size-full wp-image-10408\" \/><\/p>\n<p><img loading=\"lazy\" decoding=\"async\" src=\"https:\/\/www.vorspeisenplatte.de\/speisen\/archiv\/101225_Ingolstadt_2.jpg\" alt=\"\" title=\"101225_Ingolstadt_2\" width=\"392\" height=\"529\" class=\"alignnone size-full wp-image-10409\" \/><\/p>\n","protected":false},"excerpt":{"rendered":"<p>Gestern Vormittag besuchte ich nach Jahren mal wieder die Innenstadt meiner Geburtsstadt. Ich bekam trotz aller (v\u00f6llig anlassloser) Abneigung Mitleid mit ihr: So vernachl\u00e4ssigt wie die fr\u00fcheren Prachtstra\u00dfen aussehen, scheint die Innenstadt den Einheimischen recht egal zu sein. Viele leer stehende Gesch\u00e4fte, kaum Caf\u00e9s oder Restaurants, fr\u00fchere Ausgehm\u00f6glichkeiten leer und verbarrikadiert, kein einziges Kino mehr, [&hellip;]<\/p>\n","protected":false},"author":2,"featured_media":0,"comment_status":"open","ping_status":"closed","sticky":false,"template":"","format":"standard","meta":{"footnotes":""},"categories":[2,1],"tags":[],"class_list":["post-10400","post","type-post","status-publish","format-standard","hentry","category-fotos","category-general"],"_links":{"self":[{"href":"https:\/\/www.vorspeisenplatte.de\/speisen\/wp-json\/wp\/v2\/posts\/10400","targetHints":{"allow":["GET"]}}],"collection":[{"href":"https:\/\/www.vorspeisenplatte.de\/speisen\/wp-json\/wp\/v2\/posts"}],"about":[{"href":"https:\/\/www.vorspeisenplatte.de\/speisen\/wp-json\/wp\/v2\/types\/post"}],"author":[{"embeddable":true,"href":"https:\/\/www.vorspeisenplatte.de\/speisen\/wp-json\/wp\/v2\/users\/2"}],"replies":[{"embeddable":true,"href":"https:\/\/www.vorspeisenplatte.de\/speisen\/wp-json\/wp\/v2\/comments?post=10400"}],"version-history":[{"count":1,"href":"https:\/\/www.vorspeisenplatte.de\/speisen\/wp-json\/wp\/v2\/posts\/10400\/revisions"}],"predecessor-version":[{"id":25418,"href":"https:\/\/www.vorspeisenplatte.de\/speisen\/wp-json\/wp\/v2\/posts\/10400\/revisions\/25418"}],"wp:attachment":[{"href":"https:\/\/www.vorspeisenplatte.de\/speisen\/wp-json\/wp\/v2\/media?parent=10400"}],"wp:term":[{"taxonomy":"category","embeddable":true,"href":"https:\/\/www.vorspeisenplatte.de\/speisen\/wp-json\/wp\/v2\/categories?post=10400"},{"taxonomy":"post_tag","embeddable":true,"href":"https:\/\/www.vorspeisenplatte.de\/speisen\/wp-json\/wp\/v2\/tags?post=10400"}],"curies":[{"name":"wp","href":"https:\/\/api.w.org\/{rel}","templated":true}]}}