{"id":104540,"date":"2024-12-29T09:05:50","date_gmt":"2024-12-29T08:05:50","guid":{"rendered":"https:\/\/www.vorspeisenplatte.de\/speisen\/?p=104540"},"modified":"2024-12-29T09:05:50","modified_gmt":"2024-12-29T08:05:50","slug":"journal-samstag-28-dezember-2024-berlin-tag-2-mit-museum-fuer-fotografie-und-kabarettistischem-jahresrueckblick","status":"publish","type":"post","link":"https:\/\/www.vorspeisenplatte.de\/speisen\/2024\/12\/journal-samstag-28-dezember-2024-berlin-tag-2-mit-museum-fuer-fotografie-und-kabarettistischem-jahresrueckblick.htm","title":{"rendered":"Journal Samstag, 28. Dezember 2024 &#8211; Berlin Tag 2 mit Museum f\u00fcr Fotografie und Kabarettistischem Jahresr\u00fcckblick"},"content":{"rendered":"<p>Der Nachtschlaf begann m\u00fchsam, da jemand direkt neben mir oft trocken husten musste. Als ich bereits meinen Umzug auf den Boden des ger\u00e4umigen Badezimmers plante (Unterlage Yogamatte und die beiden gro\u00dfen Badet\u00fccher), h\u00f6rte der Husten lang genug auf, dass ich einschlafen konnte.<\/p>\n<p>Der Himmel tagte deutlich heller als am Freitag, manchmal sah man fast sowas wie Blau, schien fast sowas wie Sonne.<\/p>\n<p>Nach Ausschlafen, Morgenmilchkaffee, Bloggen und Tr\u00f6deln gingen wir in einen nahegelegenen Supermarkt und besorgten Fr\u00fchst\u00fcck (f\u00fcr Herrn Kaltmamsell f\u00fcr gleich). Die erste Tagesh\u00e4lfte nutzten wir f\u00fcr einen ersten Besuch des nahegelegenen <a href=\"https:\/\/www.smb.museum\/museen-einrichtungen\/museum-fuer-fotografie\/home\/\" target=\"_blank\">Museums f\u00fcr Fotografie<\/a>, den ich mir bei jedem Vorbeifahren mit der S-Bahn vorgenommen hatte.<\/p>\n<p>Dominiert wird das Muesum von dem Werk Helmut Newtons und der Dauerausstellung &#8220;Helmut Newton&#8217;s Private Property&#8221;, im Treppenhaus prangen riesig seine ikonischen weiblichen Ganzk\u00f6rper-Nackten in Absatz-Pumps. Dass dazu neben Newtons Fotos auch einige Vitrinen mit Devotionalien geh\u00f6ren (Kleidung, Fotoapparate, ein Nachbau seines Arbeitszimmers), hatte etwas Niedliches.<\/p>\n<p>Vor allem aber wurde mir bewusst, wie sich mein Blick auf Newtons Werk \u00fcber die Jahrzehnte ver\u00e4ndert hatte. Als Tochter der 1980er bin ich ja praktisch gro\u00df geworden mit seinen Fotos, sie pr\u00e4gten meine 80er \u00e4hnlich wie die \u00c4sthetik von Robert Mapplethorpe und Keith Haring.<\/p>\n<p>Doch mittlerweile verursacht mir dieses spezifisch Gestellte vor allem seiner nackten jungen normsch\u00f6nen Frauen frontal von vorne Unbehagen: Viel vordergr\u00fcndiger als fr\u00fcher springt mich an, dass sie selbst nie im Leben auf die Idee gekommen w\u00e4ren, so zu posieren &#8211; mit angespannten Muskeln, starrem Blick, Ganzk\u00f6rper-geschminkt und mit diesem Hohlkreuz, das die Br\u00fcste auf die Rippen wie auf ein Tablett legt. Heute strahlen diese Aufnahmen f\u00fcr mich in erster Linie Fremdbestimmtheit aus.<\/p>\n<p>Herr Kaltmamsell beobachtete, dass Newtons klassische Bilder extrem statisch sind, nie eine Geschichte erz\u00e4hlen. Das ist wohl dem Genre Modefotografie inh\u00e4rent &#8211; und dass mir journalistische Fotografie, die per Definition eine Geschichte erz\u00e4hlt, deutlich besser gef\u00e4llt, ist nun wirklich individuelle Geschmacksache. Auch solche eher dokumentarische Fotos sahen wir von Helmut Newton, n\u00e4mlich in der Ausstellung &#8220;Berlin Berlin&#8221;. Ein weiterer Teil dieser Ausstellung zeigte Berlin-Fotos anderer Fotograf*innen \u00fcber Jahrzehnte: Vielsagend in Perspektive, Stil, Ver\u00f6ffentlichungsgeschichte.<\/p>\n<p><a href=\"https:\/\/www.vorspeisenplatte.de\/speisen\/archiv\/241228_03_MuseumfuerFotografie.jpg\"><img loading=\"lazy\" decoding=\"async\" src=\"https:\/\/www.vorspeisenplatte.de\/speisen\/archiv\/241228_03_MuseumfuerFotografie.jpg\" alt=\"Graue Museumswand, daran neun wei\u00df gerahmte Schwarz-wei\u00df-Fotos, dar\u00fcber der Schriftzug &quot;Maria Sewcz&quot;\" width=\"449\" height=\"538\" class=\"alignnone size-full wp-image-104557\" \/><\/a><\/p>\n<p>Das Werk von Maria Sewcz sprach mich meisten an.<\/p>\n<p>Ebenfalls interessant: Im Obergescho\u00df die derzeitige Ausstellung <a href=\"https:\/\/www.smb.museum\/museen-einrichtungen\/museum-fuer-fotografie\/ausstellungen\/detail\/fotogaga-max-ernst-und-die-fotografie\/\" target=\"_blank\">&#8220;FOTOGAGA. Max Ernst und die Fotografie&#8221;<\/a>. Sch\u00f6nste \u00dcberraschung hier: Ich begegnete <a href=\"https:\/\/fnordon.de\/@ronsens\" target=\"_blank\">Herrn ronsens<\/a>, einem Blogger aus der Ursuppe des Webs, den ich online in seinen Antville-Zeiten kennengelernt hatte, also vor \u00fcber 20 Jahren. (Beim Familienweihnachtsfeiern hatte ich noch mit den Nifften \u00fcber die Einmaligkeit und Best\u00e4ndigkeit von Nicks der Web-Anfangsphase gesprochen: Selbstverst\u00e4ndlich erkenne ich mich in der Anprache &#8220;Kaltmamsell?&#8221;.)<\/p>\n<p><a href=\"https:\/\/www.vorspeisenplatte.de\/speisen\/archiv\/241228_08_BahnhofZoo.jpg\"><img loading=\"lazy\" decoding=\"async\" src=\"https:\/\/www.vorspeisenplatte.de\/speisen\/archiv\/241228_08_BahnhofZoo.jpg\" alt=\"Vor einer Mauer steht die gr\u00fcngespante Bronze-Statue eines Kriegers mit Schwert und Schild, umgeben von Baustellen-M\u00fcll, fotografiert durch ein sichbares Baustellen-Gitter\" width=\"419\" height=\"571\" class=\"alignnone size-full wp-image-104558\" \/><\/a><\/p>\n<p>Wenn ich aus Klagenfurt komme, habe ich immer Ideen f\u00fcr eigene Geschichten; wenn ich aus einer Foto-Ausstellung komme, habe ich einen gesch\u00e4rften Fotomotiv-Blick.<\/p>\n<p>Zur\u00fcck im Hotelzimmer fr\u00fchst\u00fcckte ich Apfel, Orangen, H\u00fcttenk\u00e4se. Bald brachen wir zu Fu\u00df Richtung Kreuzberg und zur Nachmittagsvorstellung des Kabarettistischen Jahresr\u00fcckblicks auf &#8211; ein sch\u00f6ne Stunde Bewegung in kalter, klarer Luft mit ein wenig Sonne.<\/p>\n<p><a href=\"https:\/\/www.vorspeisenplatte.de\/speisen\/archiv\/241228_10_Breitscheidpl.jpg\"><img loading=\"lazy\" decoding=\"async\" src=\"https:\/\/www.vorspeisenplatte.de\/speisen\/archiv\/241228_10_Breitscheidpl.jpg\" alt=\"Sonnige Berliner Stadtansicht mit rechts Ged\u00e4chtniskirche und links Bikinihaus, auf den Wegen Passant*innen\" width=\"618\" height=\"468\" class=\"alignnone size-full \" \/><\/a><\/p>\n<p>Breitscheidplatz.<\/p>\n<p>Diesmal waren wir rechtzeitig am Mehringhof-Theater, damit wir nicht wieder nach Sitzpl\u00e4tzen nebeneinander jagen mussten &#8211; doch unsere Verabredung vor Ort hatte ohnehin welche gesichert. Erste ausf\u00fchrliche Gespr\u00e4che mit diesem weiteren jahrelangen Internet-Kontakt, bevor zweieinhalb Stunden klassisches politisches Kabarett begannen, mit Songs, nachgestellten Politiker*innen\/Ber\u00fchmtheiten, darunter: Robert Habeck moderierte, versuchte sich im Duell mit Markus S\u00f6der, Dr. Angela Merkel erz\u00e4hlte und spielte aus ihrer Autobiografie (u.a. wie das damals mit der Kanzlerkandidatur von Edmund Stoiber wirklich war), Jogi L\u00f6w verglich seine Amtszeit als M\u00e4nnerfu\u00dfball-Bundestrainer mit Merkels Kanzlerinnenschaft, Sahra Wagenknecht wurde K\u00f6nigin von Deutschland. <\/p>\n<p><a href=\"https:\/\/www.vorspeisenplatte.de\/speisen\/archiv\/241228_13_Mehringhoftheater.jpg\"><img loading=\"lazy\" decoding=\"async\" src=\"https:\/\/www.vorspeisenplatte.de\/speisen\/archiv\/241228_13_Mehringhoftheater.jpg\" alt=\"F\u00fcnf beleuchtete Personen auf einer Kleinkunstb\u00fchne vor schwarzem Hintergrund, links vier davon stehend hinter Mikrofonen mit Bl\u00e4ttern in der Hand, rechts einer an einem Fl\u00fcgel sitzend, vor ihnen die K\u00f6pfe von Publikum\" width=\"504\" height=\"362\" class=\"alignnone size-full \" \/><\/a><\/p>\n<p>Eine vergn\u00fcgliche Show, auch wenn ich nicht so viel \u00fcber Berliner Stadtpolitik mitbekam wie im Vorjahr (den informativen Teil bekam ich aber von der lokalen Verabredung angereicht). Auch sprach mich eine Leserin dieses Blogs an (huhu!) &#8211; das Internet wohnt halt doch in Berlin.<\/p>\n<p>Anschlie\u00dfend a\u00dfen wir mit der Verabredung zu dritt zu Abend <a href=\"https:\/\/www.instagram.com\/bergmanns.berlin\/\" target=\"_blank\">im nahegelegenen Restaurant Bergmanns<\/a>.<\/p>\n<p>Mein Men\u00fc:<\/p>\n<p><a href=\"https:\/\/www.vorspeisenplatte.de\/speisen\/archiv\/241228_15_Bergmanns.jpg\"><img loading=\"lazy\" decoding=\"async\" src=\"https:\/\/www.vorspeisenplatte.de\/speisen\/archiv\/241228_15_Bergmanns.jpg\" alt=\"Aufsicht auf einen gedeckten Restauranttisch, im Vordergrund ein Teller mit gebackenen Teigstreifen, Salat, einer Burrata\" width=\"333\" height=\"444\" class=\"alignnone size-full wp-image-104561\" \/><\/a><\/p>\n<p>Kichererbsen-Sokka mit Oliven-P\u00fcree, Aprikose, Fris\u00e9e-Salat, Burrata. Dazu ein kr\u00e4ftiger Grauburgunder.<\/p>\n<p><a href=\"https:\/\/www.vorspeisenplatte.de\/speisen\/archiv\/241228_17_Bergmanns.jpg\"><img loading=\"lazy\" decoding=\"async\" src=\"https:\/\/www.vorspeisenplatte.de\/speisen\/archiv\/241228_17_Bergmanns.jpg\" alt=\"Aufsicht auf einen gedeckten Restauranttisch, im Vordergrund auf einem kleinen Teller aufgeh\u00e4uft helles Gem\u00fcse\" width=\"333\" height=\"444\" class=\"alignnone size-full wp-image-104562\" \/><\/a><\/p>\n<p>Sellerie aus dem Salzteig mit Miso-Cashew-Jus, Walnussbutter, Salbei. Jetzt lie\u00df ich mir einen vielschichten Riesling bringen.<\/p>\n<p><a href=\"https:\/\/www.vorspeisenplatte.de\/speisen\/archiv\/241228_19_Bergmanns.jpg\"><img loading=\"lazy\" decoding=\"async\" src=\"https:\/\/www.vorspeisenplatte.de\/speisen\/archiv\/241228_19_Bergmanns.jpg\" alt=\"Nahaufnahme: Auf einem Holztisch ein kleiner gr\u00e4serner Pokal mt einer Kugel Eis, darauf Knusper, rechts davon dunkles Geb\u00e4ck\" width=\"333\" height=\"377\" class=\"alignnone size-full wp-image-104563\" \/><\/a><\/p>\n<p>Nachtisch: Blaubeeren, Schokolade, Zitronen-Ricotta Eis, Schoko-Muffin. Mir schmeckte alles davon.<\/p>\n<p>Abschied drau\u00dfen in jetzt strengerem Frost, aber mit Aussicht auf ein Wiedersehen in wenigen Monaten. Zur\u00fcck nach Charlottenburg lie\u00dfen wir uns mit U-Bahnen bringen.<\/p>\n<p>\u00a7<\/p>\n<p>Geschlechter-inklusive deutsche Sprache ist ja leider ein Kriegsschauplatz geworden, auf dem sich Menschen in erster Linie angegriffen f\u00fchlen und auf dem \u00fcberhaupt in erster Linie gef\u00fchlt wird. Schon lange meide ich dieses Thema in Diskussionen, weil ich mit den umgehend aufflammenden Affekten nicht umgehen kann. In der Arbeit verweise ich auf die offiziellen Schreibregeln meines Arbeitgebers: Wie bei vielen anderen Details (z.B. Gro\u00df- und Kleinschreibung bestimmter Begriffe) muss ich hier gar nichts entscheiden, sondern nur abgleichen und auf Konsistenz achten.<\/p>\n<p>Doch es gibt auch weiterhin Forschung zur Verwendung von generischem Maskulinum im Gegensatz zur Verwendung von mehreren Formen, hier ein aktueller \u00dcberblick aus dem Psychologie-Medium <i>The Inquisitive Mind<\/i>:<br \/>\n<a href=\"https:\/\/de.in-mind.org\/blog\/post\/frauen-werden-doch-mitgedacht-an-wen-denken-menschen-bei-formulierungen-im-generischen\" target=\"_blank\">&#8220;&#8216;Frauen werden doch mitgedacht!&#8217; \u2013 An wen denken Menschen bei Formulierungen im generischen Maskulinum wirklich?&#8221;<\/a> <img loading=\"lazy\" decoding=\"async\" src=\"https:\/\/vg02.met.vgwort.de\/na\/8b671a36caa34645aa6235f5713204f0\" width=\"1\" height=\"1\" alt=\"\"\/><\/p>\n","protected":false},"excerpt":{"rendered":"<p>Der Nachtschlaf begann m\u00fchsam, da jemand direkt neben mir oft trocken husten musste. Als ich bereits meinen Umzug auf den Boden des ger\u00e4umigen Badezimmers plante (Unterlage Yogamatte und die beiden gro\u00dfen Badet\u00fccher), h\u00f6rte der Husten lang genug auf, dass ich einschlafen konnte. Der Himmel tagte deutlich heller als am Freitag, manchmal sah man fast sowas [&hellip;]<\/p>\n","protected":false},"author":2,"featured_media":0,"comment_status":"open","ping_status":"closed","sticky":false,"template":"","format":"standard","meta":{"footnotes":""},"categories":[6,2,1],"tags":[],"class_list":["post-104540","post","type-post","status-publish","format-standard","hentry","category-essen","category-fotos","category-general"],"_links":{"self":[{"href":"https:\/\/www.vorspeisenplatte.de\/speisen\/wp-json\/wp\/v2\/posts\/104540","targetHints":{"allow":["GET"]}}],"collection":[{"href":"https:\/\/www.vorspeisenplatte.de\/speisen\/wp-json\/wp\/v2\/posts"}],"about":[{"href":"https:\/\/www.vorspeisenplatte.de\/speisen\/wp-json\/wp\/v2\/types\/post"}],"author":[{"embeddable":true,"href":"https:\/\/www.vorspeisenplatte.de\/speisen\/wp-json\/wp\/v2\/users\/2"}],"replies":[{"embeddable":true,"href":"https:\/\/www.vorspeisenplatte.de\/speisen\/wp-json\/wp\/v2\/comments?post=104540"}],"version-history":[{"count":3,"href":"https:\/\/www.vorspeisenplatte.de\/speisen\/wp-json\/wp\/v2\/posts\/104540\/revisions"}],"predecessor-version":[{"id":104569,"href":"https:\/\/www.vorspeisenplatte.de\/speisen\/wp-json\/wp\/v2\/posts\/104540\/revisions\/104569"}],"wp:attachment":[{"href":"https:\/\/www.vorspeisenplatte.de\/speisen\/wp-json\/wp\/v2\/media?parent=104540"}],"wp:term":[{"taxonomy":"category","embeddable":true,"href":"https:\/\/www.vorspeisenplatte.de\/speisen\/wp-json\/wp\/v2\/categories?post=104540"},{"taxonomy":"post_tag","embeddable":true,"href":"https:\/\/www.vorspeisenplatte.de\/speisen\/wp-json\/wp\/v2\/tags?post=104540"}],"curies":[{"name":"wp","href":"https:\/\/api.w.org\/{rel}","templated":true}]}}