{"id":104570,"date":"2024-12-30T08:42:03","date_gmt":"2024-12-30T07:42:03","guid":{"rendered":"https:\/\/www.vorspeisenplatte.de\/speisen\/?p=104570"},"modified":"2024-12-30T08:44:58","modified_gmt":"2024-12-30T07:44:58","slug":"journal-sonntag-29-dezember-2024-berlin-tag-3-mit-gemaeldegalerie-und-lokalgriechen","status":"publish","type":"post","link":"https:\/\/www.vorspeisenplatte.de\/speisen\/2024\/12\/journal-sonntag-29-dezember-2024-berlin-tag-3-mit-gemaeldegalerie-und-lokalgriechen.htm","title":{"rendered":"Journal Sonntag, 29. Dezember 2024 &#8211; Berlin Tag 3 mit Gem\u00e4ldegalerie und Lokalgriechen"},"content":{"rendered":"<p>Gut geschlafen, ausgeschlafen &#8211; Ferien!<\/p>\n<p>Es tagte ohne Wolken, wir \u00f6ffneten die Vorh\u00e4nge der Fensterwand beim Rumgammeln, Milchkaffeetrinken, Bloggen, Lesen, um etwas vom Himmel mitzubekommen.<\/p>\n<p>Aus den keinen Pl\u00e4nen f\u00fcr den gestrigen Sonntag formierte sich: <a href=\"https:\/\/www.smb.museum\/museen-einrichtungen\/gemaeldegalerie\/home\/\" target=\"_blank\">&#8220;Gem\u00e4ldegalerie geht immer.&#8221;<\/a> Zumal unser letzter Tag in Berlin ein Montag sein w\u00fcrde mit geschlossenen Museen. Am sp\u00e4ten Vormittag zogen wir zu Fu\u00df los, unter jetzt wieder hochnebligem Himmel.<\/p>\n<p><a href=\"https:\/\/www.vorspeisenplatte.de\/speisen\/archiv\/241229_04_ZoologischerGarten.jpg\"><img loading=\"lazy\" decoding=\"async\" src=\"https:\/\/www.vorspeisenplatte.de\/speisen\/archiv\/241229_04_ZoologischerGarten.jpg\" alt=\"Spiegelung in einem Aquariumglas, dahinter gro\u00dfe gelbe Fische, gespiegelt zwei Menschen in dicken Winterjacken mit hochgezogenen Kapuzen,hinter ihnen Gro\u00dfstadtstra\u00dfe und Gro\u00dfstadtgeb\u00e4ude\" width=\"516\" height=\"391\" class=\"alignnone size-full \" \/><\/a><\/p>\n<p>Das Aquarium des zoologischen Gartens lockt mit einem kostenlosen Einblick.<\/p>\n<p>In der Cafeteria der Gem\u00e4ldegalerie gab es erstmal Mittagscappuccino, dann gingen wir in die bereits etwas vertrauten R\u00e4ume. Trotz gegenteiligem Vorsatz blieben wir wieder zu lang in den ersten h\u00e4ngen, bei der Deutschen Malerei des 13. bis 16. Jahrhunderts, und so reichte unsere Aufmerksamkeit wieder nur bis zur H\u00e4lfte &#8211; schlie\u00dflich hielt uns auch die fl\u00e4mische und holl\u00e4ndische Malerei fest. Das n\u00e4chste Mal, nahmen wir uns diesmal aber wirklich echt ehrlich fest vor, w\u00fcrden wir erst nach dieser H\u00e4lfte einsteigen.<\/p>\n<p>Ich fotografierte Details:<\/p>\n<p><a href=\"https:\/\/www.vorspeisenplatte.de\/speisen\/archiv\/241229_05_Gemaeldegalerie.jpg\"><img loading=\"lazy\" decoding=\"async\" src=\"https:\/\/www.vorspeisenplatte.de\/speisen\/archiv\/241229_05_Gemaeldegalerie.jpg\" alt=\"Auf einem alten Gem\u00e4lde fein gemalt ein Kopf mit Kapuze, darunter nur F\u00fc\u00dfe\" width=\"444\" height=\"325\" class=\"alignnone size-full wp-image-104592\" \/><\/a><\/p>\n<p><a href=\"https:\/\/www.vorspeisenplatte.de\/speisen\/archiv\/241229_10_Gemaeldegalerie.jpg\"><img loading=\"lazy\" decoding=\"async\" src=\"https:\/\/www.vorspeisenplatte.de\/speisen\/archiv\/241229_10_Gemaeldegalerie.jpg\" alt=\"Auf einem alten Gem\u00e4lde fein gemalt ein stehendes dunkles Insekt mit Menschenkopf, der eine Brille tr\u00e4gt\" width=\"276\" height=\"445\" class=\"alignnone size-full wp-image-104593\" \/><\/a><\/p>\n<p><a href=\"https:\/\/www.vorspeisenplatte.de\/speisen\/archiv\/241229_11_Gemaeldegalerie.jpg\"><img loading=\"lazy\" decoding=\"async\" src=\"https:\/\/www.vorspeisenplatte.de\/speisen\/archiv\/241229_11_Gemaeldegalerie.jpg\" alt=\"Rechte obere Ecke eines Gem\u00e4ldes, Halbprofil einer jungen Frau mit elaborierter Haube, die mit einem silbernen Reif ihr Gesicht einrahmt und ihre Ohren bedeckt. Sie hat ein aufgeschlagenes Buch in den H\u00e4nden\" width=\"363\" height=\"484\" class=\"alignnone size-full wp-image-104594\" \/><\/a><\/p>\n<p><a href=\"https:\/\/www.vorspeisenplatte.de\/speisen\/archiv\/241229_12_Gemaeldegalerie.jpg\"><img loading=\"lazy\" decoding=\"async\" src=\"https:\/\/www.vorspeisenplatte.de\/speisen\/archiv\/241229_12_Gemaeldegalerie.jpg\" alt=\"Winziges Detail auf einem alten Gem\u00e4lde: Auf einem Fisch reiten ein Mann, der \u00fcber der Schulter eine Laterne tr\u00e4gt, und im Damensitz eine Frau mit wei\u00dfer Haube, in einem hellroten, hoch geg\u00fcrteten Kleid\" width=\"444\" height=\"247\" class=\"alignnone size-full wp-image-104595\" \/><\/a><\/p>\n<p><a href=\"https:\/\/www.vorspeisenplatte.de\/speisen\/archiv\/241229_14_Gemaeldegalerie.jpg\"><img loading=\"lazy\" decoding=\"async\" src=\"https:\/\/www.vorspeisenplatte.de\/speisen\/archiv\/241229_14_Gemaeldegalerie.jpg\" alt=\"Ausschnitt aus einem Renaissance-Gem\u00e4lde: Nackter Mann frontal, sein Geschlecht von einer passgenauen Meeresschnecke verdeckt\" width=\"374\" height=\"309\" class=\"alignnone size-full wp-image-104596\" \/><\/a><\/p>\n<p><a href=\"https:\/\/www.vorspeisenplatte.de\/speisen\/archiv\/241229_19_Gemaeldegalerie.jpg\"><img loading=\"lazy\" decoding=\"async\" src=\"https:\/\/www.vorspeisenplatte.de\/speisen\/archiv\/241229_19_Gemaeldegalerie.jpg\" alt=\"An die Wand gebaute massive Holzb\u00e4nke mit massiven, schlichten Formen\" width=\"416\" height=\"534\" class=\"alignnone size-full \" \/><\/a><\/p>\n<p>Die wundersch\u00f6nen Sitzgelegenheiten der Gem\u00e4ldegalerie: Holzfarbe, Form und Lack faszinieren mich jedes Mal.<\/p>\n<p>Nach zwei Stunden war ich voll (und ich fror), also verlie\u00dfen wir das Museum und marschierten im Feuchtkalten zur\u00fcck zum Hotel. In einem gro\u00dfen Supermarkt am Bahnhof Zoo (auch am gestrigen Sonntag ge\u00f6ffnet, gro\u00dfartig) besorgte ich dann doch etwas f\u00fcr mich zu essen: Im Hotelzimmer fr\u00fchst\u00fcckte ich kurz nach drei Orangen und H\u00fcttenk\u00e4se.<\/p>\n<p>Nachmittag mit Zeitunglesen und Vorbereitung der verschiedenen Jahresabschlussposts im Blog: Foto-R\u00fcckblick, B\u00fccher 2024, Fragebogen. Dazu kommt ja am 31. noch zum Monatsabschluss der Lieblings-Microbloggingpost.<\/p>\n<p>Ich kam sogar zu einer angenehmen Einheit Yoga-Gymnastik: Zwar hatte ich meine Reise-Yogamatte eingesteckt, doch beim Betreten des Hotelzimmers hatte uns dies hier begr\u00fc\u00dft.<\/p>\n<p><a href=\"https:\/\/www.vorspeisenplatte.de\/speisen\/archiv\/241229_21_TownhowseYogamatte.jpg\"><img loading=\"lazy\" decoding=\"async\" src=\"https:\/\/www.vorspeisenplatte.de\/speisen\/archiv\/241229_21_TownhowseYogamatte.jpg\" alt=\"An einem von drei Garderobenhaken an der Wand h\u00e4ngt eine Yogamatte\" width=\"297\" height=\"424\" class=\"alignnone size-full wp-image-104598\" \/><\/a><\/p>\n<p>Eine richtige Yogamatte war deutlich griffiger auf dem Boden als meine mitgebrachte, diese nutzte ich f\u00fcr meine halbe Stunde. Es gibt hier sogar das Angebot eines Fitnessstudios, doch als Cardio-Ger\u00e4t steht darin kein Crosstrainer, der mich gelockt h\u00e4tte (statt dessen Laufband und Radl-Heimtrainer).<\/p>\n<p>F\u00fcrs Abendessen hatten wir uns (online) in der Gegend umgesehen und uns f\u00fcr ein griechisches Lokal entschieden &#8211; im Geb\u00e4ude einer ehemaligen Tankstelle.<\/p>\n<p>Wir wurden herzlich willkommen gehei\u00dfen, sa\u00dfen an einem Tisch mit Tischdecke und Stoffservietten (wie hier schonmal angemerkt selbst in hochklassigen Lokalen eine Rarit\u00e4t geworden), teilten uns einen Bauernsalat, a\u00dfen Bifketi (ich), Lammkeule mit Kritharaki (Herr Kaltmamsell), tranken dazu einen griechischen Chardonnay, schlossen das Mahl mit einer geteilten Portion Galaktoboureko ab &#8211; und waren rundum zufrieden. Auch mit der einheimischen Gesellschaft um uns, offensichtlich ein Querschnitt des Viertels.<\/p>\n<p>Sch\u00f6ner Ferientag.<\/p>\n<p>\u00a7<\/p>\n<p>Andrea Diener erkl\u00e4rt in einem Substack-Post, aus welchem Workshop sie vergangenes Jahr viel f\u00fcr ihr Fotografieren gelernt hat:<br \/>\n<a href=\"https:\/\/streetletter.substack.com\/p\/streetletter-17\" target=\"_blank\">&#8220;StreetLetter #17&#8221;.<\/a><\/p>\n<p>\u00dcber die vergangenen Monate hat sich bei mir das Verlangen nach Tipps geformt &#8211; doch mir ist immer klarer geworden, dass ich andere brauche als Street-Fotograf*innen. Denn: Will ich bessere Fotos machen? Jein, das ist f\u00fcr ganz speziell mich nicht die richtige Frage. Ich habe ja eben erst begriffen, dass Street Photography bedeutet, nach Motiven zu suchen. Was ich eben gerade <i>nicht<\/i> tue: Ich bin viel unterwegs und nehme sehr viel wahr, unter anderem visuell; davon finde ich immer wieder Ansichten (Licht, Stimmung, Rhythmus, Proportion) bemerkenswert &#8211; und das m\u00f6chte ich so nah wie m\u00f6glich an meiner Wahrnehmung festhalten. Fast immer kann ich recht genau sagen, welche visuellen Details mich innehalten lie\u00dfen und ich auf einem Foto wiederfinden will. <i>Daf\u00fcr<\/i> h\u00e4tte ich gerne anhand von Beispielaufnahmen Tipps. <img loading=\"lazy\" decoding=\"async\" src=\"https:\/\/vg02.met.vgwort.de\/na\/a45498ac410c4bc0934c1b9cb0c0d114\" width=\"1\" height=\"1\" alt=\"\"\/><\/p>\n","protected":false},"excerpt":{"rendered":"<p>Gut geschlafen, ausgeschlafen &#8211; Ferien! Es tagte ohne Wolken, wir \u00f6ffneten die Vorh\u00e4nge der Fensterwand beim Rumgammeln, Milchkaffeetrinken, Bloggen, Lesen, um etwas vom Himmel mitzubekommen. Aus den keinen Pl\u00e4nen f\u00fcr den gestrigen Sonntag formierte sich: &#8220;Gem\u00e4ldegalerie geht immer.&#8221; Zumal unser letzter Tag in Berlin ein Montag sein w\u00fcrde mit geschlossenen Museen. Am sp\u00e4ten Vormittag zogen [&hellip;]<\/p>\n","protected":false},"author":2,"featured_media":0,"comment_status":"open","ping_status":"closed","sticky":false,"template":"","format":"standard","meta":{"footnotes":""},"categories":[2,1],"tags":[],"class_list":["post-104570","post","type-post","status-publish","format-standard","hentry","category-fotos","category-general"],"_links":{"self":[{"href":"https:\/\/www.vorspeisenplatte.de\/speisen\/wp-json\/wp\/v2\/posts\/104570","targetHints":{"allow":["GET"]}}],"collection":[{"href":"https:\/\/www.vorspeisenplatte.de\/speisen\/wp-json\/wp\/v2\/posts"}],"about":[{"href":"https:\/\/www.vorspeisenplatte.de\/speisen\/wp-json\/wp\/v2\/types\/post"}],"author":[{"embeddable":true,"href":"https:\/\/www.vorspeisenplatte.de\/speisen\/wp-json\/wp\/v2\/users\/2"}],"replies":[{"embeddable":true,"href":"https:\/\/www.vorspeisenplatte.de\/speisen\/wp-json\/wp\/v2\/comments?post=104570"}],"version-history":[{"count":3,"href":"https:\/\/www.vorspeisenplatte.de\/speisen\/wp-json\/wp\/v2\/posts\/104570\/revisions"}],"predecessor-version":[{"id":104605,"href":"https:\/\/www.vorspeisenplatte.de\/speisen\/wp-json\/wp\/v2\/posts\/104570\/revisions\/104605"}],"wp:attachment":[{"href":"https:\/\/www.vorspeisenplatte.de\/speisen\/wp-json\/wp\/v2\/media?parent=104570"}],"wp:term":[{"taxonomy":"category","embeddable":true,"href":"https:\/\/www.vorspeisenplatte.de\/speisen\/wp-json\/wp\/v2\/categories?post=104570"},{"taxonomy":"post_tag","embeddable":true,"href":"https:\/\/www.vorspeisenplatte.de\/speisen\/wp-json\/wp\/v2\/tags?post=104570"}],"curies":[{"name":"wp","href":"https:\/\/api.w.org\/{rel}","templated":true}]}}