{"id":104578,"date":"2024-12-30T16:34:43","date_gmt":"2024-12-30T15:34:43","guid":{"rendered":"https:\/\/www.vorspeisenplatte.de\/speisen\/?p=104578"},"modified":"2024-12-31T11:17:18","modified_gmt":"2024-12-31T10:17:18","slug":"fotorueckblick-2024","status":"publish","type":"post","link":"https:\/\/www.vorspeisenplatte.de\/speisen\/2024\/12\/fotorueckblick-2024.htm","title":{"rendered":"Fotor\u00fcckblick 2024"},"content":{"rendered":"<p><a href=\"https:\/\/joel.lu\/der-fotorueckblick\/\" target=\"_blank\" rel=\"noopener\">Angeregt von Jo\u00ebl<\/a>: R\u00fcckblick auf das vergangene Jahr mit Fotos, pro Monat zwei Bilder. Ungef\u00e4hr.<\/p>\n<p><strong>Januar<\/strong><\/p>\n<p><a href=\"https:\/\/www.vorspeisenplatte.de\/speisen\/archiv\/240110_28_Westfriedhof.jpg\"><img loading=\"lazy\" decoding=\"async\" class=\"alignnone size-full \" src=\"https:\/\/www.vorspeisenplatte.de\/speisen\/archiv\/240110_28_Westfriedhof.jpg\" alt=\"\" width=\"516\" height=\"424\" \/><\/a><\/p>\n<p>Abschied von einer verstorbenen Freundin der Familie auf dem Ingolst\u00e4dter Westfriedhof.<\/p>\n<p><a href=\"https:\/\/www.vorspeisenplatte.de\/speisen\/archiv\/240119_03_Theresienwiese.jpg\"><img loading=\"lazy\" decoding=\"async\" class=\"alignnone size-full wp-image-94566\" src=\"https:\/\/www.vorspeisenplatte.de\/speisen\/archiv\/240119_03_Theresienwiese.jpg\" alt=\"\" width=\"378\" height=\"519\" \/><\/a><\/p>\n<p>Sch\u00f6ner Schnappschuss auf der Theresienwiese unterwegs in die Arbeit.<\/p>\n<p><strong>Februar<\/strong><\/p>\n<p><a href=\"https:\/\/www.vorspeisenplatte.de\/speisen\/archiv\/240202_07_OhrringePizzini.jpg\"><img loading=\"lazy\" decoding=\"async\" class=\"alignnone size-full wp-image-94939\" src=\"https:\/\/www.vorspeisenplatte.de\/speisen\/archiv\/240202_07_OhrringePizzini.jpg\" alt=\"\" width=\"332\" height=\"476\" \/><\/a><\/p>\n<p>Ich leiste mir goldene Ohrringe <a href=\"https:\/\/www.instagram.com\/pizzini.alessandra\/\" target=\"_blank\" rel=\"noopener\">der K\u00fcnstlerin Alessandra Pizzini<\/a>.<\/p>\n<p><a href=\"https:\/\/www.vorspeisenplatte.de\/speisen\/archiv\/240204_03_SendlingerTorUBahn.jpg\"><img loading=\"lazy\" decoding=\"async\" class=\"alignnone size-full \" src=\"https:\/\/www.vorspeisenplatte.de\/speisen\/archiv\/240204_03_SendlingerTorUBahn.jpg\" alt=\"\" width=\"539\" height=\"396\" \/><\/a><\/p>\n<p>Mal wieder ist der Umbau des U-Bahnhofs Sendlinger Tor angeblich beendet.<\/p>\n<p><strong>M\u00e4rz<\/strong><\/p>\n<p><a href=\"https:\/\/www.vorspeisenplatte.de\/speisen\/archiv\/240309_06_Luitpoldbr.jpg\"><img loading=\"lazy\" decoding=\"async\" class=\"alignnone size-full wp-image-95892\" src=\"https:\/\/www.vorspeisenplatte.de\/speisen\/archiv\/240309_06_Luitpoldbr.jpg\" alt=\"\" width=\"451\" height=\"520\" \/><\/a><\/p>\n<p>Spaziergang mit Besuch aus Oldenburg.<\/p>\n<p><a href=\"https:\/\/www.vorspeisenplatte.de\/speisen\/archiv\/240317_21_Baggersee.jpg\"><img loading=\"lazy\" decoding=\"async\" class=\"alignnone size-full wp-image-96130\" src=\"https:\/\/www.vorspeisenplatte.de\/speisen\/archiv\/240317_21_Baggersee.jpg\" alt=\"\" width=\"363\" height=\"484\" \/><\/a><\/p>\n<p>Besuch bei Eltern in Ingolstadt mit Spaziergang.<\/p>\n<p><a href=\"https:\/\/www.vorspeisenplatte.de\/speisen\/archiv\/240328_05_Volkstheater.jpg\"><img loading=\"lazy\" decoding=\"async\" class=\"alignnone size-full wp-image-96459\" src=\"https:\/\/www.vorspeisenplatte.de\/speisen\/archiv\/240328_05_Volkstheater.jpg\" alt=\"\" width=\"362\" height=\"442\" \/><\/a><\/p>\n<p>Erstes Mal im neuen Volkstheater, ich bin sehr beeindruckt von der \u00c4sthetik und der Qualit\u00e4t des Baus.<\/p>\n<p><strong>April<\/strong><\/p>\n<p><a href=\"https:\/\/www.vorspeisenplatte.de\/speisen\/archiv\/240401_03_Osterfruehstueck.jpg\"><img loading=\"lazy\" decoding=\"async\" class=\"alignnone size-full wp-image-96580\" src=\"https:\/\/www.vorspeisenplatte.de\/speisen\/archiv\/240401_03_Osterfruehstueck.jpg\" alt=\"\" width=\"378\" height=\"456\" \/><\/a><\/p>\n<p>Osterfr\u00fchst\u00fcck mit Eltern- und Bruderfamilie.<\/p>\n<p><a href=\"https:\/\/www.vorspeisenplatte.de\/speisen\/archiv\/240412_02_Spiegelsefie.jpg\"><img loading=\"lazy\" decoding=\"async\" class=\"alignnone size-full wp-image-96896\" src=\"https:\/\/www.vorspeisenplatte.de\/speisen\/archiv\/240412_02_Spiegelsefie.jpg\" alt=\"Frau fotografiert sich im Ganzk\u00f6rperspiegel eines Wohnungsflurs, kurze wei\u00dfe Haare, Brille, dunkelblaues Shirt, dunkle, enge Jeans, an den F\u00fc\u00dfen glitzernde rote Schuhe.\" width=\"214\" height=\"476\" \/><\/a><\/p>\n<p>Neue rote Glitzerschuhe (Team Wicked Witch!).<\/p>\n<p><a href=\"https:\/\/www.vorspeisenplatte.de\/speisen\/archiv\/240418_06a_Theresienwiese.jpg\"><img loading=\"lazy\" decoding=\"async\" class=\"alignnone size-full wp-image-97109\" src=\"https:\/\/www.vorspeisenplatte.de\/speisen\/archiv\/240418_06a_Theresienwiese.jpg\" alt=\"Gro\u00dfe freie Fl\u00e4che im grauen Regen, im Hintergrund B\u00e4ume und die Ruhmeshalle, im Vordergrund ein Stockenetenpaar schlafend auf einer Pf\u00fctze\" width=\"470\" height=\"470\" srcset=\"https:\/\/www.vorspeisenplatte.de\/speisen\/archiv\/240418_06a_Theresienwiese.jpg 470w, https:\/\/www.vorspeisenplatte.de\/speisen\/archiv\/240418_06a_Theresienwiese-150x150.jpg 150w, https:\/\/www.vorspeisenplatte.de\/speisen\/archiv\/240418_06a_Theresienwiese-144x144.jpg 144w\" sizes=\"auto, (max-width: 470px) 100vw, 470px\" \/><\/a><\/p>\n<p>Ungewohnter Besuch auf der verregneten Theresienwiese.<\/p>\n<p><strong>Mai<\/strong><\/p>\n<p><a href=\"https:\/\/www.vorspeisenplatte.de\/speisen\/archiv\/240512_10_Andechs.jpg\"><img loading=\"lazy\" decoding=\"async\" class=\"alignnone size-full wp-image-97834\" src=\"https:\/\/www.vorspeisenplatte.de\/speisen\/archiv\/240512_10_Andechs.jpg\" alt=\"Frau mit Brille und Kappe vor Voralpenlandschaft\" width=\"444\" height=\"333\" \/><\/a><\/p>\n<p>Neue Wanderstrecke zwischen Ammersee und Starnberger See.<\/p>\n<p><a href=\"https:\/\/www.vorspeisenplatte.de\/speisen\/archiv\/240526_31_republica_Anhaenger.jpg\"><img loading=\"lazy\" decoding=\"async\" class=\"alignnone size-full wp-image-98195\" src=\"https:\/\/www.vorspeisenplatte.de\/speisen\/archiv\/240526_31_republica_Anhaenger.jpg\" alt=\"Schild an Lanyard mit Aufschrift \u201ere:publica 24 In\u00e9s Guti\u00e9rrez\u201c und handgeschrieben \u201edie Kaltmamsell&quot;\" width=\"307\" height=\"396\" \/><\/a><\/p>\n<p>Bereichernde Teilnahme an der re:publica in Berlin.<\/p>\n<p><strong>Juni<\/strong><\/p>\n<p><a href=\"https:\/\/www.vorspeisenplatte.de\/speisen\/archiv\/240601_05_Brunnenhof.jpg\"><img loading=\"lazy\" decoding=\"async\" class=\"alignnone size-full wp-image-104612\" src=\"https:\/\/www.vorspeisenplatte.de\/speisen\/archiv\/240601_05_Brunnenhof.jpg\" alt=\"\" width=\"382\" height=\"538\" \/><\/a><\/p>\n<p>Hochwasser in M\u00fcnchen, sichtbar an der Isar und leider auch im seltenen zweiten Untergescho\u00df, das ausgerechnet zum Hotel geh\u00f6rt, das ein Freund f\u00fchrt. Doch viel schlimmer erwischt es das Umland: Eine Kollegin konnte bis heute nicht zur\u00fcck in ihre \u00fcberflutete Wohnung zur\u00fcckziehen.<\/p>\n<p><a href=\"https:\/\/www.vorspeisenplatte.de\/speisen\/archiv\/240608_03_KoenigsplatzDemo.jpg\"><img loading=\"lazy\" decoding=\"async\" class=\"alignnone size-full wp-image-98582\" src=\"https:\/\/www.vorspeisenplatte.de\/speisen\/archiv\/240608_03_KoenigsplatzDemo.jpg\" alt=\"Neklassizistisches Geb\u00e4ude, daf\u00fcr demonstrierende Menschen\" width=\"498\" height=\"323\" \/><\/a><\/p>\n<p>Ich demonstriere ein weiteres Mal gegen antidemokratische Kr\u00e4fte &#8211; wie Hundertausende weitere B\u00fcrgerinnen und B\u00fcrger in Deutschland in der ersten H\u00e4lfte des Jahres. Was deutlich weniger ausl\u00f6st als jeder einzelne geifernde Wutb\u00fcrger, als jeder Hass-Terror.<\/p>\n<p><a href=\"https:\/\/www.vorspeisenplatte.de\/speisen\/archiv\/240609_04_Turnhalle.jpg\"><img loading=\"lazy\" decoding=\"async\" class=\"alignnone size-full wp-image-98599\" src=\"https:\/\/www.vorspeisenplatte.de\/speisen\/archiv\/240609_04_Turnhalle.jpg\" alt=\"Turnhallenwand mit T\u00fcr, links davon ein Basketball-Korb, dar\u00fcber eine Uhr mit Zeigern auf 19:46 Uhr, rechts davon eine gelbe Tonne mit dem Wappen von M\u00fcnchen\" width=\"359\" height=\"471\" \/><\/a><\/p>\n<p>Zum Beispiel bei den Europawahlen, die ich als Wahlhelferin unterst\u00fctze.<\/p>\n<p><a href=\"https:\/\/www.vorspeisenplatte.de\/speisen\/archiv\/240626_11_ORFTheater.jpg\"><img loading=\"lazy\" decoding=\"async\" class=\"alignnone size-full wp-image-99141\" src=\"https:\/\/www.vorspeisenplatte.de\/speisen\/archiv\/240626_11_ORFTheater.jpg\" alt=\"Die linke Seite des Bilds wird gef\u00fcllt von einer hellen Tasche mit skizziertem Frauenkipf und Aufschrift \u201e\u201a24 48. Tage der deutschen Literatur\u201c, rechts Rasen, auf dem Bierb\u00e4nke stehen, im Hintergrund ein riesiger Bildschirm, darauf die \u00dcbertragung eines Fernsehstudios mit Tischen und B\u00e4nken\" width=\"326\" height=\"456\" \/><\/a><\/p>\n<p>Ich gucke Bachmannpreislesen in Klagenfurt &#8211; und falle mit meiner AirBnB-Unterkunft so richtig rein, in ungeahnte Tiefen.<\/p>\n<p><strong>Juli<\/strong><\/p>\n<p><a href=\"https:\/\/www.vorspeisenplatte.de\/speisen\/archiv\/240707_14_Pullach.jpg\"><img loading=\"lazy\" decoding=\"async\" class=\"alignnone size-full wp-image-99452\" src=\"https:\/\/www.vorspeisenplatte.de\/speisen\/archiv\/240707_14_Pullach.jpg\" alt=\"Dunstiger Blick ins Tal, im Vordergrund eine nasse Sitzbank, umgeben von B\u00e4umen, im Hintergrund H\u00fcgel\" width=\"407\" height=\"516\" \/><\/a><\/p>\n<p>Einer der vielen Regenl\u00e4ufe des Jahres.<\/p>\n<p><a href=\"https:\/\/www.vorspeisenplatte.de\/speisen\/archiv\/240709_09_Wittelsbacherbr.jpg\"><img loading=\"lazy\" decoding=\"async\" class=\"alignnone size-full wp-image-99483\" src=\"https:\/\/www.vorspeisenplatte.de\/speisen\/archiv\/240709_09_Wittelsbacherbr.jpg\" alt=\"Blick durch eine alte gemauerte Br\u00fccke auf Fluss und Flussauen, im Hintergrund Kircht\u00fcrme\" width=\"436\" height=\"574\" \/><\/a><\/p>\n<p>Aber ich komme auch zu besonders vielen Morgenl\u00e4ufen vor der Arbeit.<\/p>\n<p><strong>August<\/strong><\/p>\n<p><a href=\"https:\/\/www.vorspeisenplatte.de\/speisen\/archiv\/240807_46_ZecheZollverein.jpg\"><img loading=\"lazy\" decoding=\"async\" class=\"alignnone size-full \" src=\"https:\/\/www.vorspeisenplatte.de\/speisen\/archiv\/240807_46_ZecheZollverein.jpg\" alt=\"Renovierte Backstein- und Glasgeb\u00e4ude einer alten Zeche\" width=\"540\" height=\"400\" \/><\/a><\/p>\n<p>Jahrhunderthochzeit in Essen, Kaltmamsell lernt Ruhrgebiet.<\/p>\n<p><a href=\"https:\/\/www.vorspeisenplatte.de\/speisen\/archiv\/240816_07_CetnroEspanol.jpg\"><img loading=\"lazy\" decoding=\"async\" class=\"alignnone size-full wp-image-100594\" src=\"https:\/\/www.vorspeisenplatte.de\/speisen\/archiv\/240816_07_CetnroEspanol.jpg\" alt=\"Restauranttisch ohne Tischdecke mit den unten aufgef\u00fchrten Speisen und Getr\u00e4nken\" width=\"484\" height=\"363\" \/><\/a><\/p>\n<p>Endlich abgehakt: Essen im M\u00fcnchner Centro Espa\u00f1ol.<\/p>\n<p><a href=\"https:\/\/www.vorspeisenplatte.de\/speisen\/archiv\/240823_08_Balkonaperitif.jpg\"><img loading=\"lazy\" decoding=\"async\" class=\"alignnone size-full \" src=\"https:\/\/www.vorspeisenplatte.de\/speisen\/archiv\/240823_08_Balkonaperitif.jpg\" alt=\"Zwei Menschen auf dem Balkon nebeneinander auf einer Bank sitzend, vor sich ein Tisch mit zwei gef\u00fcllten Gl\u00e4sern und zwei Sch\u00e4lchen, Abendsonne\" width=\"605\" height=\"454\" \/><\/a><\/p>\n<p>P\u00e4rchenfoto des Jahres.<\/p>\n<p><a href=\"https:\/\/www.vorspeisenplatte.de\/speisen\/archiv\/240828_02_Sockensandalen.jpg\"><img loading=\"lazy\" decoding=\"async\" class=\"alignnone size-full wp-image-100923\" src=\"https:\/\/www.vorspeisenplatte.de\/speisen\/archiv\/240828_02_Sockensandalen.jpg\" alt=\"F\u00fc\u00dfe mit gestrickten Wollsocken in hellen Sandalen auf grauem B\u00fcroteppich\" width=\"337\" height=\"395\" \/><\/a><\/p>\n<p>Am meisten B\u00fcrofrieren ist an den hei\u00dfesten Tagen.<\/p>\n<p><strong>September<\/strong><\/p>\n<p><a href=\"https:\/\/www.vorspeisenplatte.de\/speisen\/archiv\/240907_16_FoehringerRing.jpg\"><img loading=\"lazy\" decoding=\"async\" class=\"alignnone size-full wp-image-101198\" src=\"https:\/\/www.vorspeisenplatte.de\/speisen\/archiv\/240907_16_FoehringerRing.jpg\" alt=\"Markanter Graffiti-Kopf auf einem gr\u00fcnen Metallkasten im Park\" width=\"393\" height=\"524\" \/><\/a><\/p>\n<p>Eine Baustellen-Sperrung am F\u00f6hringer Ring bringt mich zu einer neuen Laufroute.<\/p>\n<p><a href=\"https:\/\/www.vorspeisenplatte.de\/speisen\/archiv\/240919_28_Barcelona_Montjuic.jpg\"><img loading=\"lazy\" decoding=\"async\" class=\"alignnone size-full \" src=\"https:\/\/www.vorspeisenplatte.de\/speisen\/archiv\/240919_28_Barcelona_Montjuic.jpg\" alt=\"Blick von oben auf die Gro\u00dfstadt Barcelona, umgeben von H\u00fcgeln, links dunkle Wolken am Himmel\" width=\"641\" height=\"412\" \/><\/a><\/p>\n<p>Auf dem Weg in den Wanderurlaub auf Mallorca lerne ich Barcelona kennen.<\/p>\n<p><a href=\"https:\/\/www.vorspeisenplatte.de\/speisen\/archiv\/240921_62_ValldemossaHotel.jpg\"><img loading=\"lazy\" decoding=\"async\" class=\"alignnone size-full \" src=\"https:\/\/www.vorspeisenplatte.de\/speisen\/archiv\/240921_62_ValldemossaHotel.jpg\" alt=\"Blick von einem erh\u00f6hten Fenster auf ein mallorquiner \u00d6rtchen aus Sandstein, umgeben von felsigen Bergen\" width=\"543\" height=\"420\" \/><\/a><\/p>\n<p>Entz\u00fcckender Ausblick aus meiner Unterkunft im mallorquinischen Valldemosa.<\/p>\n<p><a href=\"https:\/\/www.vorspeisenplatte.de\/speisen\/archiv\/240922_55_Valldemossa_Deja.jpg\"><img loading=\"lazy\" decoding=\"async\" class=\"alignnone size-full wp-image-101727\" src=\"https:\/\/www.vorspeisenplatte.de\/speisen\/archiv\/240922_55_Valldemossa_Deja.jpg\" alt=\"Blick von weit oben einen Berg hinunter, der ins Meer ausl\u00e4uft, darauf Yachten\" width=\"442\" height=\"628\" srcset=\"https:\/\/www.vorspeisenplatte.de\/speisen\/archiv\/240922_55_Valldemossa_Deja.jpg 442w, https:\/\/www.vorspeisenplatte.de\/speisen\/archiv\/240922_55_Valldemossa_Deja-422x600.jpg 422w\" sizes=\"auto, (max-width: 442px) 100vw, 442px\" \/><\/a><\/p>\n<p><a href=\"https:\/\/www.vorspeisenplatte.de\/speisen\/archiv\/240927_45_Cuber_Lluc.jpg\"><img loading=\"lazy\" decoding=\"async\" class=\"alignnone size-full wp-image-101952\" src=\"https:\/\/www.vorspeisenplatte.de\/speisen\/archiv\/240927_45_Cuber_Lluc.jpg\" alt=\"Blick von weit oben auf ein gr\u00fcnes Tal zwischen Bergen, ganz klein ein Sandstein-Kloster im Sonnenlicht, im Vordergrund die Knie der Fotografin\" width=\"454\" height=\"605\" srcset=\"https:\/\/www.vorspeisenplatte.de\/speisen\/archiv\/240927_45_Cuber_Lluc.jpg 454w, https:\/\/www.vorspeisenplatte.de\/speisen\/archiv\/240927_45_Cuber_Lluc-450x600.jpg 450w\" sizes=\"auto, (max-width: 454px) 100vw, 454px\" \/><\/a><\/p>\n<p>R\u00fcckblickend wei\u00df ich: Das war ein wirklich sch\u00f6ner Urlaub (w\u00e4hrenddessen konnte ich das noch nicht beurteilen).<\/p>\n<p><strong>Oktober<\/strong><\/p>\n<p><a href=\"https:\/\/www.vorspeisenplatte.de\/speisen\/archiv\/241010_14a_Nussbaumstr.jpg\"><img loading=\"lazy\" decoding=\"async\" class=\"alignnone size-full wp-image-102306\" src=\"https:\/\/www.vorspeisenplatte.de\/speisen\/archiv\/241010_14a_Nussbaumstr.jpg\" alt=\"Blick von unten auf Wohnblockbalkone, auf einem Sims sitzt ein Falke\" width=\"304\" height=\"385\" \/><\/a><\/p>\n<p>Eine Falke auf unserem Balkon.<\/p>\n<p><a href=\"https:\/\/www.vorspeisenplatte.de\/speisen\/archiv\/241016_02_Gollierstr.jpg\"><img loading=\"lazy\" decoding=\"async\" class=\"alignnone size-full wp-image-102448\" src=\"https:\/\/www.vorspeisenplatte.de\/speisen\/archiv\/241016_02_Gollierstr.jpg\" alt=\"Nebelmorgen-d\u00fcstere Wohnstra\u00dfe mit alten Geb\u00e4uden, im Vordergrund eine beleuchtete B\u00e4ckerei, von der zwei Radler ihre R\u00e4der aufschlie\u00dfen\" width=\"394\" height=\"523\" \/><\/a><\/p>\n<p><a href=\"https:\/\/www.vorspeisenplatte.de\/speisen\/archiv\/241021_02_Theresienwiese.jpg\"><img loading=\"lazy\" decoding=\"async\" class=\"alignnone size-full \" src=\"https:\/\/www.vorspeisenplatte.de\/speisen\/archiv\/241021_02_Theresienwiese.jpg\" alt=\"In morgendunklem Nebel: Vordergrund die Silhouetten der Figuren, mit denen der Anschlag aufs Oktoberfest 1983 dokumentiert wird, Hintrgrund ein Oktoberfestzelt\" width=\"624\" height=\"428\" \/><\/a><\/p>\n<p>D\u00fcsternovember begann dieses Jahr als D\u00fcsteroktober &#8211; und zog sich durch mit wenigen Ausnahmen bis Jahresende.<\/p>\n<p><strong>November<\/strong><\/p>\n<p><a href=\"https:\/\/www.vorspeisenplatte.de\/speisen\/archiv\/241101_25_EgglburgerSee.jpg\"><img loading=\"lazy\" decoding=\"async\" class=\"alignnone size-full \" src=\"https:\/\/www.vorspeisenplatte.de\/speisen\/archiv\/241101_25_EgglburgerSee.jpg\" alt=\"Feldweg, rechts von riesigen alten B\u00e4umen ges\u00e4umt, im Hintergrund sonnenbeschienene Wiesen\" width=\"645\" height=\"484\" \/><\/a><\/p>\n<p>Einer der Ausnahmetage von der Winterd\u00fcsternis: Allerheiligenwanderung an den Egglburger See.<\/p>\n<p><a href=\"https:\/\/www.vorspeisenplatte.de\/speisen\/archiv\/241106_04_Vase.jpg\"><img loading=\"lazy\" decoding=\"async\" class=\"alignnone size-full wp-image-103107\" src=\"https:\/\/www.vorspeisenplatte.de\/speisen\/archiv\/241106_04_Vase.jpg\" alt=\"Auf einem Holztisch eine helle Hortensienbl\u00fcte und eine flaschenf\u00f6rmige Vase mit sehr schmaler \u00d6ffnung, schlicht dunkelrot und golden auf Creme glasiert\" width=\"334\" height=\"475\" \/><\/a><\/p>\n<p>Sch\u00f6nheit gekauft gegen Wahlsieg von Trump und \u00fcbles Zerbrechen der deutschen Regierungskoalition.<\/p>\n<p><a href=\"https:\/\/www.vorspeisenplatte.de\/speisen\/archiv\/241112_07_Prinzregententheater.jpg\"><img loading=\"lazy\" decoding=\"async\" class=\"alignnone size-full wp-image-103260\" src=\"https:\/\/www.vorspeisenplatte.de\/speisen\/archiv\/241112_07_Prinzregententheater.jpg\" alt=\"Pr\u00e4chtig verzierter Eingang zu einem Konzertsaal, aus dem Foyer mit klassizistischer Malerei in Blau- und Graut\u00f6nen durch einen Rundbogen fotografiert\" width=\"452\" height=\"574\" \/><\/a><\/p>\n<p>Mein erstes j\u00fcdisches Neujahrskonzert im Prinzregentheater.<\/p>\n<p><strong>Dezember<\/strong><\/p>\n<p><a href=\"https:\/\/www.vorspeisenplatte.de\/speisen\/archiv\/241201_22_Grosshesseloherbr.jpg\"><img loading=\"lazy\" decoding=\"async\" class=\"alignnone size-full wp-image-103904\" src=\"https:\/\/www.vorspeisenplatte.de\/speisen\/archiv\/241201_22_Grosshesseloherbr.jpg\" alt=\"Erh\u00f6hter Blick auf einen Raureif-wei\u00dfen bewaldeten Abhang, durch den eine grobe Treppe nach unten f\u00fchrt\" width=\"394\" height=\"582\" \/><\/a><\/p>\n<p>Raureif ist das Mit-K\u00e4se-\u00fcberbacken der Winterfotografie.<\/p>\n<p><a href=\"https:\/\/www.vorspeisenplatte.de\/speisen\/archiv\/241207_07_Kaiseraugst.jpg\"><img loading=\"lazy\" decoding=\"async\" class=\"alignnone size-full wp-image-104045\" src=\"https:\/\/www.vorspeisenplatte.de\/speisen\/archiv\/241207_07_Kaiseraugst.jpg\" alt=\"Werbeplakat mit Bild eines flachen Burgers mit viel K\u00e4se und Schrift \u201eLook who\u2018s back. Der McRaclette\u201c\" width=\"312\" height=\"394\" \/><\/a><\/p>\n<p>Party-Ausflug in die Schweiz.<\/p>\n<p><a href=\"https:\/\/www.vorspeisenplatte.de\/speisen\/archiv\/241228_08_BahnhofZoo.jpg\"><img loading=\"lazy\" decoding=\"async\" class=\"alignnone size-full wp-image-104558\" src=\"https:\/\/www.vorspeisenplatte.de\/speisen\/archiv\/241228_08_BahnhofZoo.jpg\" alt=\"Vor einer Mauer steht die gr\u00fcngespante Bronze-Statue eines Kriegers mit Schwert und Schild, umgeben von Baustellen-M\u00fcll, fotografiert durch ein sichbares Baustellen-Gitter\" width=\"419\" height=\"571\" \/><\/a><\/p>\n<p>Zwischen-den-Jahren-Ausflug nach Berlin. Mit toter Ratte am unteren Bildrand. <img loading=\"lazy\" decoding=\"async\" src=\"https:\/\/vg02.met.vgwort.de\/na\/779c2edc6356452f9597bab90cf09328\" width=\"1\" height=\"1\" alt=\"\"\/><\/p>\n","protected":false},"excerpt":{"rendered":"<p>Angeregt von Jo\u00ebl: R\u00fcckblick auf das vergangene Jahr mit Fotos, pro Monat zwei Bilder. Ungef\u00e4hr. Januar Abschied von einer verstorbenen Freundin der Familie auf dem Ingolst\u00e4dter Westfriedhof. Sch\u00f6ner Schnappschuss auf der Theresienwiese unterwegs in die Arbeit. Februar Ich leiste mir goldene Ohrringe der K\u00fcnstlerin Alessandra Pizzini. Mal wieder ist der Umbau des U-Bahnhofs Sendlinger Tor [&hellip;]<\/p>\n","protected":false},"author":2,"featured_media":0,"comment_status":"open","ping_status":"closed","sticky":false,"template":"","format":"standard","meta":{"footnotes":""},"categories":[2],"tags":[],"class_list":["post-104578","post","type-post","status-publish","format-standard","hentry","category-fotos"],"_links":{"self":[{"href":"https:\/\/www.vorspeisenplatte.de\/speisen\/wp-json\/wp\/v2\/posts\/104578","targetHints":{"allow":["GET"]}}],"collection":[{"href":"https:\/\/www.vorspeisenplatte.de\/speisen\/wp-json\/wp\/v2\/posts"}],"about":[{"href":"https:\/\/www.vorspeisenplatte.de\/speisen\/wp-json\/wp\/v2\/types\/post"}],"author":[{"embeddable":true,"href":"https:\/\/www.vorspeisenplatte.de\/speisen\/wp-json\/wp\/v2\/users\/2"}],"replies":[{"embeddable":true,"href":"https:\/\/www.vorspeisenplatte.de\/speisen\/wp-json\/wp\/v2\/comments?post=104578"}],"version-history":[{"count":3,"href":"https:\/\/www.vorspeisenplatte.de\/speisen\/wp-json\/wp\/v2\/posts\/104578\/revisions"}],"predecessor-version":[{"id":104671,"href":"https:\/\/www.vorspeisenplatte.de\/speisen\/wp-json\/wp\/v2\/posts\/104578\/revisions\/104671"}],"wp:attachment":[{"href":"https:\/\/www.vorspeisenplatte.de\/speisen\/wp-json\/wp\/v2\/media?parent=104578"}],"wp:term":[{"taxonomy":"category","embeddable":true,"href":"https:\/\/www.vorspeisenplatte.de\/speisen\/wp-json\/wp\/v2\/categories?post=104578"},{"taxonomy":"post_tag","embeddable":true,"href":"https:\/\/www.vorspeisenplatte.de\/speisen\/wp-json\/wp\/v2\/tags?post=104578"}],"curies":[{"name":"wp","href":"https:\/\/api.w.org\/{rel}","templated":true}]}}