{"id":1049,"date":"2005-10-14T11:21:56","date_gmt":"2005-10-14T09:21:56","guid":{"rendered":"https:\/\/www.vorspeisenplatte.de\/speisen\/?p=1049"},"modified":"2006-10-30T17:37:22","modified_gmt":"2006-10-30T15:37:22","slug":"lachen-das-nebel-vertreibt","status":"publish","type":"post","link":"https:\/\/www.vorspeisenplatte.de\/speisen\/2005\/10\/lachen-das-nebel-vertreibt.htm","title":{"rendered":"Lachen, das Nebel vertreibt"},"content":{"rendered":"<p>Gegen mich spricht, dass ich <a href=\"http:\/\/www.wulffmorgenthaler.com\/strip.aspx?id=31cf1d5f-314c-4326-8430-391a2e645450\" target=_new>hier\u00fcber<\/a> sehr gelacht habe.<\/p>\n<p>F\u00fcr mich spricht, dass ich den Link nur hier setze und ihn nicht etwa an unser B\u00fcro auf Manhattan schicke.<\/p>\n","protected":false},"excerpt":{"rendered":"<p>Gegen mich spricht, dass ich hier\u00fcber sehr gelacht habe. F\u00fcr mich spricht, dass ich den Link nur hier setze und ihn nicht etwa an unser B\u00fcro auf Manhattan schicke.<\/p>\n","protected":false},"author":2,"featured_media":0,"comment_status":"open","ping_status":"closed","sticky":false,"template":"","format":"standard","meta":{"footnotes":""},"categories":[1],"tags":[],"class_list":["post-1049","post","type-post","status-publish","format-standard","hentry","category-general"],"_links":{"self":[{"href":"https:\/\/www.vorspeisenplatte.de\/speisen\/wp-json\/wp\/v2\/posts\/1049","targetHints":{"allow":["GET"]}}],"collection":[{"href":"https:\/\/www.vorspeisenplatte.de\/speisen\/wp-json\/wp\/v2\/posts"}],"about":[{"href":"https:\/\/www.vorspeisenplatte.de\/speisen\/wp-json\/wp\/v2\/types\/post"}],"author":[{"embeddable":true,"href":"https:\/\/www.vorspeisenplatte.de\/speisen\/wp-json\/wp\/v2\/users\/2"}],"replies":[{"embeddable":true,"href":"https:\/\/www.vorspeisenplatte.de\/speisen\/wp-json\/wp\/v2\/comments?post=1049"}],"version-history":[{"count":0,"href":"https:\/\/www.vorspeisenplatte.de\/speisen\/wp-json\/wp\/v2\/posts\/1049\/revisions"}],"wp:attachment":[{"href":"https:\/\/www.vorspeisenplatte.de\/speisen\/wp-json\/wp\/v2\/media?parent=1049"}],"wp:term":[{"taxonomy":"category","embeddable":true,"href":"https:\/\/www.vorspeisenplatte.de\/speisen\/wp-json\/wp\/v2\/categories?post=1049"},{"taxonomy":"post_tag","embeddable":true,"href":"https:\/\/www.vorspeisenplatte.de\/speisen\/wp-json\/wp\/v2\/tags?post=1049"}],"curies":[{"name":"wp","href":"https:\/\/api.w.org\/{rel}","templated":true}]}}