{"id":104997,"date":"2025-01-11T08:21:51","date_gmt":"2025-01-11T07:21:51","guid":{"rendered":"https:\/\/www.vorspeisenplatte.de\/speisen\/?p=104997"},"modified":"2026-01-09T16:24:09","modified_gmt":"2026-01-09T15:24:09","slug":"journal-freitag-10-januar-2025-ins-wochenende-gerettet","status":"publish","type":"post","link":"https:\/\/www.vorspeisenplatte.de\/speisen\/2025\/01\/journal-freitag-10-januar-2025-ins-wochenende-gerettet.htm","title":{"rendered":"Journal Freitag, 10. Januar 2025 &#8211; Ins Wochenende gerettet"},"content":{"rendered":"<p>Guter Schlaf bis fast Weckerklingeln.<\/p>\n<p>Ich stand auf zu hellem Himmel, doch schon auf meinem Weg in die Arbeit zog er zu. <\/p>\n<p><a href=\"https:\/\/www.vorspeisenplatte.de\/speisen\/archiv\/250110_03_Theresienwiese.jpg\"><img loading=\"lazy\" decoding=\"async\" src=\"https:\/\/www.vorspeisenplatte.de\/speisen\/archiv\/250110_03_Theresienwiese.jpg\" alt=\"\" width=\"466\" height=\"465\" class=\"alignnone size-full wp-image-105008\" srcset=\"https:\/\/www.vorspeisenplatte.de\/speisen\/archiv\/250110_03_Theresienwiese.jpg 466w, https:\/\/www.vorspeisenplatte.de\/speisen\/archiv\/250110_03_Theresienwiese-150x150.jpg 150w, https:\/\/www.vorspeisenplatte.de\/speisen\/archiv\/250110_03_Theresienwiese-144x144.jpg 144w\" sizes=\"auto, (max-width: 466px) 100vw, 466px\" \/><\/a><\/p>\n<p>Tollwood-Reste auf der Theresienwiese. Die vorhergehenden drei Tage dieser eh nur Vier-Tage-Woche waren so voll gewesen, dass ich mir aktiv ins Ged\u00e4chtnis rufen musste, dass ich immer noch in der ersten Arbeitswoche des Jahres steckte, nicht bereits in der zweiten.<\/p>\n<p>W\u00e4hrend meines sehr gesch\u00e4ftigen Vormittags h\u00f6rte ich auch mal Regen ans Fenster prasseln, gestern hatte es einmal alles. \u00dcbergabe einer Verantwortlichkeit, die mir derzeit besonders im Magen lag &#8211; und auf deren Abgebbarkeit ich von selbst gar nicht gekommen war.<\/p>\n<p>Mittags huschte ich auf einen Cappuccino und einen B\u00e4ckerei-Einkauf raus, blieb dabei trocken.<\/p>\n<p>Sp\u00e4tes Mittagessen (eh kein Appetit, dann konnte ich diesen einen Job auch erstmal fertigmachen): Viele Orangen, eben geholtes frisches Roggenvollkornbrot.<\/p>\n<p>Vielf\u00e4ltiger Arbeitsnachmittag umgeben von freitagsleeren B\u00fcros, zuletzt mit Querschuss, der komplette Umplanung erforderte.<\/p>\n<p><a href=\"https:\/\/www.vorspeisenplatte.de\/speisen\/archiv\/250110_08_Bueroblick.jpg\"><img loading=\"lazy\" decoding=\"async\" src=\"https:\/\/www.vorspeisenplatte.de\/speisen\/archiv\/250110_08_Bueroblick.jpg\" alt=\"Modernes B\u00fcrohochhaus vor blauem Himmel mit wei\u00dfen Wolken, in den Fenstern des Hochhauses spiegeln sich Wolken\" width=\"389\" height=\"461\" class=\"alignnone size-full wp-image-105009\" \/><\/a><\/p>\n<p>Den p\u00fcnktlichen Freitagfeierabend verfolgte ich nicht mit dem sonstigen Druck, weil Herr Kaltmamsell gestern und das restliche Wochenende aush\u00e4usig verbringen w\u00fcrde &#8211; ohne Aussicht auf gemeinsames Wochenendfeiern zog es mich nicht so sehr nach Hause.<\/p>\n<p>Auf dem trockenen, kalten Heimweg Lebensmitteleink\u00e4ufe beim Vollcorner f\u00fcrs Wochenende, das mich auch ohne Herrn Kaltmamsell mit Erleichterung erf\u00fcllte. Zu Hause zerkleinerte ich den Ernteanteil-Wirsing f\u00fcr mein Nachtmahl und briet ihn an, w\u00e4hrend das Gem\u00fcse garte, turnte ich Yoga-Gymnastik. Dann Ernteanteil-Kart\u00f6ffelchen geputzt (zum Teil wegen Stellen bis auf unter die H\u00e4lfte der eh geringen Gr\u00f6\u00dfe) und gekocht, dann gab es Wirsinggem\u00fcse mit Salzkartoffeln. Nachtisch Hutzelbrot und Schokolade.<\/p>\n<p>Zur Abendunterhaltung folgte ich <a href=\"https:\/\/joel.lu\/2025\/01\/10\/ein-sehr-lange-aera-geht-zu-ende\/\" target=\"_blank\">einem Link-Tipp von Jo\u00ebl<\/a> zum Actress Roundtable mit den Schauspielerinnen Angelina Jolie, Demi Moore, Zendaya, Zoe Salda\u00f1a, Mikey Madison und Tilda Swinton &#8211; superspannendes Erz\u00e4hlen aus ihren j\u00fcngsten Arbeiten, mit sehr unterschiedlichen Herangehensweisen und individuellem Erleben der Schauspielerei. Mehrfach betonen die Frauen, dass sie praktisch nie Gelegenheit haben, sich dar\u00fcber auszutauschen und wie wertvoll das f\u00fcr sie ist. Und jetzt verstehe ich auch, warum Tilda Swinton immer sagt, sie sei keine Schauspielerin.<\/p>\n<div class=\"video-wrapped\" style=\"width: 500px; height: 281px; background-image: url('https:\/\/www.vorspeisenplatte.de\/speisen\/wp-content\/plugins\/video-embed-privacy\/preview\/yG9KMfYfgEo.jpg')\" data-embed-frame=\"&lt;iframe title=&quot;Actress Roundtable: Angelina Jolie, Demi Moore, Zendaya, Zoe Salda\u00f1a, Mikey Madison &amp;amp; Tilda Swinton&quot; width=&quot;500&quot; height=&quot;281&quot; src=&quot;https:\/\/www.youtube.com\/embed\/yG9KMfYfgEo?start=4&amp;feature=oembed&quot; frameborder=&quot;0&quot; allow=&quot;accelerometer; autoplay; clipboard-write; encrypted-media; gyroscope; picture-in-picture; web-share&quot; referrerpolicy=&quot;strict-origin-when-cross-origin&quot; allowfullscreen&gt;&lt;\/iframe&gt;\" data-embed-play=\"Abspielen&lt;div class=&quot;small&quot;&gt;Das Video wird von Youtube eingebettet abespielt. Es gilt die &lt;a href=&quot;https:\/\/www.google.com\/intl\/de\/policies\/privacy\/&quot; target=&quot;_blank&quot;&gt;Datenschutzerkl\u00e4rung von Google&lt;\/a&gt;&lt;\/div&gt;\">\n<div class=\"video-wrapped-nojs\">Aktivieren Sie JavaScript um das Video zu sehen.<br \/><a href=\"https:\/\/www.youtube.com\/watch?v=yG9KMfYfgEo&amp;t=4s\">https:\/\/www.youtube.com\/watch?v=yG9KMfYfgEo&#038;t=4s<\/a><\/div>\n<\/div>\n<p>\u00a7<\/p>\n<p>Vergangene Woche B\u00fcroflurgespr\u00e4che \u00fcber Gru\u00dfvarianten im s\u00fcddeutschen Arbeitsleben, und mir fiel ein, wie in den 1980ern die Sport-Redakteure der Lokalzeitung mit &#8220;Habedjehre&#8221; gr\u00fc\u00dften, was ich als 19\/20-j\u00e4hrige Volont\u00e4rin (die das doof fand) konsequent mit &#8220;K\u00fcss die Hand&#8221; erwiderte. &#8220;Habedjehre&#8221; war zumindest zu dieser Zeit auch au\u00dferdhalb des Arbeitslebens noch h\u00e4ufig genug f\u00fcr den Otto-Waalkes-Scherz &#8220;Habedjehre&#8221; &#8211; &#8220;Habe die Masern&#8221;. Ich verband ihn damals mit den Mitsch\u00fclern, die sich in Freistunden zum Schafkopf-Spiel zusammensetzten und auf die ich wegen ihrer angenommenen Eindimensionalit\u00e4t herabschaute. Doch ich h\u00f6re diesen Gru\u00df bis heute von einer Sorte oberbayrischer M\u00e4nner (quer durch die Altersschichten), die das irgendwie kumpelig witzig findet.<\/p>\n<p>Richtete einer ihn an mich, w\u00fcrde ich auch heute noch &#8220;K\u00fcss die Hand&#8221; antworten. <img loading=\"lazy\" decoding=\"async\" src=\"https:\/\/vg02.met.vgwort.de\/na\/2da9a4cc077f43dfa16acfa01ad98333\" width=\"1\" height=\"1\" alt=\"\"\/><\/p>\n","protected":false},"excerpt":{"rendered":"<p>Guter Schlaf bis fast Weckerklingeln. Ich stand auf zu hellem Himmel, doch schon auf meinem Weg in die Arbeit zog er zu. Tollwood-Reste auf der Theresienwiese. Die vorhergehenden drei Tage dieser eh nur Vier-Tage-Woche waren so voll gewesen, dass ich mir aktiv ins Ged\u00e4chtnis rufen musste, dass ich immer noch in der ersten Arbeitswoche des [&hellip;]<\/p>\n","protected":false},"author":2,"featured_media":0,"comment_status":"open","ping_status":"closed","sticky":false,"template":"","format":"standard","meta":{"footnotes":""},"categories":[2,1],"tags":[],"class_list":["post-104997","post","type-post","status-publish","format-standard","hentry","category-fotos","category-general"],"_links":{"self":[{"href":"https:\/\/www.vorspeisenplatte.de\/speisen\/wp-json\/wp\/v2\/posts\/104997","targetHints":{"allow":["GET"]}}],"collection":[{"href":"https:\/\/www.vorspeisenplatte.de\/speisen\/wp-json\/wp\/v2\/posts"}],"about":[{"href":"https:\/\/www.vorspeisenplatte.de\/speisen\/wp-json\/wp\/v2\/types\/post"}],"author":[{"embeddable":true,"href":"https:\/\/www.vorspeisenplatte.de\/speisen\/wp-json\/wp\/v2\/users\/2"}],"replies":[{"embeddable":true,"href":"https:\/\/www.vorspeisenplatte.de\/speisen\/wp-json\/wp\/v2\/comments?post=104997"}],"version-history":[{"count":3,"href":"https:\/\/www.vorspeisenplatte.de\/speisen\/wp-json\/wp\/v2\/posts\/104997\/revisions"}],"predecessor-version":[{"id":115857,"href":"https:\/\/www.vorspeisenplatte.de\/speisen\/wp-json\/wp\/v2\/posts\/104997\/revisions\/115857"}],"wp:attachment":[{"href":"https:\/\/www.vorspeisenplatte.de\/speisen\/wp-json\/wp\/v2\/media?parent=104997"}],"wp:term":[{"taxonomy":"category","embeddable":true,"href":"https:\/\/www.vorspeisenplatte.de\/speisen\/wp-json\/wp\/v2\/categories?post=104997"},{"taxonomy":"post_tag","embeddable":true,"href":"https:\/\/www.vorspeisenplatte.de\/speisen\/wp-json\/wp\/v2\/tags?post=104997"}],"curies":[{"name":"wp","href":"https:\/\/api.w.org\/{rel}","templated":true}]}}