{"id":1050,"date":"2005-10-14T16:39:51","date_gmt":"2005-10-14T14:39:51","guid":{"rendered":"https:\/\/www.vorspeisenplatte.de\/speisen\/?p=1050"},"modified":"2005-10-14T16:40:22","modified_gmt":"2005-10-14T14:40:22","slug":"chefinnen-weinen-nicht","status":"publish","type":"post","link":"https:\/\/www.vorspeisenplatte.de\/speisen\/2005\/10\/chefinnen-weinen-nicht.htm","title":{"rendered":"Chefinnen weinen nicht"},"content":{"rendered":"<p>Hochspannende Geschichte in der <i>New York Times<\/i> \u00fcber geschlechtsspezifisches Verhalten in F\u00fchrungspositionen: \u201e<a href=\"http:\/\/www.nytimes.com\/2005\/10\/13\/fashion\/thursdaystyles\/13crying.html?ex=1286856000&#038;en=076479fea26af419&#038;ei=5090&#038;partner=rssuserland&#038;emc=rss\" target=_new>Big Girls Don\u2019t Cry<\/a>\u201c.<\/p>\n<p>Ich stimme zu: Eine Frau mit beruflichem Ehrgeiz kann es sich in unserer Gesellschaft nicht leisten, am Arbeitsplatz zu weinen. Sie g\u00e4lte als labil, w\u00fcrde Respekt einb\u00fc\u00dfen. Interessant daran ist, dass das Tabu nicht etwa das Zeigen von Emotionen betrifft, sondern ganz konkret die Tr\u00e4nen: Ein Wutausbruch mit Gebr\u00fcll und Fausth\u00e4mmern auf den Tisch, das der m\u00e4nnlichen Geschlechtsrolle entspricht, geht einem Chef durch. Es macht ihn zwar sicher nicht gesch\u00e4tzter, aber wirft ihn nicht aus dem Rennen.<\/p>\n<p>(Wobei es mir nicht hilft, dass mir selbst der angeblich m\u00e4nnliche Ausbruch viel n\u00e4her liegt als Tr\u00e4nen.)<\/p>\n","protected":false},"excerpt":{"rendered":"<p>Hochspannende Geschichte in der New York Times \u00fcber geschlechtsspezifisches Verhalten in F\u00fchrungspositionen: \u201eBig Girls Don\u2019t Cry\u201c. Ich stimme zu: Eine Frau mit beruflichem Ehrgeiz kann es sich in unserer Gesellschaft nicht leisten, am Arbeitsplatz zu weinen. Sie g\u00e4lte als labil, w\u00fcrde Respekt einb\u00fc\u00dfen. Interessant daran ist, dass das Tabu nicht etwa das Zeigen von Emotionen [&hellip;]<\/p>\n","protected":false},"author":2,"featured_media":0,"comment_status":"open","ping_status":"closed","sticky":false,"template":"","format":"standard","meta":{"footnotes":""},"categories":[1],"tags":[],"class_list":["post-1050","post","type-post","status-publish","format-standard","hentry","category-general"],"_links":{"self":[{"href":"https:\/\/www.vorspeisenplatte.de\/speisen\/wp-json\/wp\/v2\/posts\/1050","targetHints":{"allow":["GET"]}}],"collection":[{"href":"https:\/\/www.vorspeisenplatte.de\/speisen\/wp-json\/wp\/v2\/posts"}],"about":[{"href":"https:\/\/www.vorspeisenplatte.de\/speisen\/wp-json\/wp\/v2\/types\/post"}],"author":[{"embeddable":true,"href":"https:\/\/www.vorspeisenplatte.de\/speisen\/wp-json\/wp\/v2\/users\/2"}],"replies":[{"embeddable":true,"href":"https:\/\/www.vorspeisenplatte.de\/speisen\/wp-json\/wp\/v2\/comments?post=1050"}],"version-history":[{"count":0,"href":"https:\/\/www.vorspeisenplatte.de\/speisen\/wp-json\/wp\/v2\/posts\/1050\/revisions"}],"wp:attachment":[{"href":"https:\/\/www.vorspeisenplatte.de\/speisen\/wp-json\/wp\/v2\/media?parent=1050"}],"wp:term":[{"taxonomy":"category","embeddable":true,"href":"https:\/\/www.vorspeisenplatte.de\/speisen\/wp-json\/wp\/v2\/categories?post=1050"},{"taxonomy":"post_tag","embeddable":true,"href":"https:\/\/www.vorspeisenplatte.de\/speisen\/wp-json\/wp\/v2\/tags?post=1050"}],"curies":[{"name":"wp","href":"https:\/\/api.w.org\/{rel}","templated":true}]}}