{"id":105307,"date":"2025-01-23T06:24:14","date_gmt":"2025-01-23T05:24:14","guid":{"rendered":"https:\/\/www.vorspeisenplatte.de\/speisen\/?p=105307"},"modified":"2025-01-23T06:24:14","modified_gmt":"2025-01-23T05:24:14","slug":"journal-mittwoch-22-januar-2025-eigentlich-nichts-zu-erzaehlen","status":"publish","type":"post","link":"https:\/\/www.vorspeisenplatte.de\/speisen\/2025\/01\/journal-mittwoch-22-januar-2025-eigentlich-nichts-zu-erzaehlen.htm","title":{"rendered":"Journal Mittwoch, 22. Januar 2025 &#8211; Eigentlich nichts zu erz\u00e4hlen"},"content":{"rendered":"<p>Der Wecker riss mich aus tiefem Traum, ich wechselte nur unwillig ins Wachsein und einen weiteren Arbeitstag. Der zumindest hell und freundlich d\u00e4mmerte.<\/p>\n<p>Es blieb hell und freundlich, wenn auch nicht richtig sonnig. Dass es nach Winter roch, verifizierte ich beim Spaziergang zur Nachbar-Cafeteria f\u00fcr Mittagscappuccino mit Kollegin.<\/p>\n<p>Mittagessen Apfel, Mango (mittel) mit Sojajoghurt.<\/p>\n<p>Gesch\u00e4ftiger Nachmittag, aber das Drau\u00dfen blieb erfreulich hell. Aussicht auf Turbulenzen in der restlichen Arbeitswoche.<\/p>\n<p>Nach Feierabend direkter Weg nach Hause, es gab nichts einzukaufen. Daheim Yoga-Gymnastik, Brotzeitvorbereitung.<\/p>\n<p><a href=\"https:\/\/www.vorspeisenplatte.de\/speisen\/archiv\/250122_08_Nachtmahl.jpg\"><img loading=\"lazy\" decoding=\"async\" src=\"https:\/\/www.vorspeisenplatte.de\/speisen\/archiv\/250122_08_Nachtmahl.jpg\" alt=\"Eine Glassch\u00fcssel mit Glasnudeln, Garnelen, Korianderbl\u00e4ttern, roten Chilist\u00fcckchen\" width=\"333\" height=\"444\" class=\"alignnone size-full wp-image-105327\" \/><\/a><\/p>\n<p>Herr Kaltmamsell servierte als Nachtmahl Glasnudelsalat mit Garnelen und Soja-Hack, sehr gutes Abendessen. Nachtisch Hutzelbrot und Schokolade. Im Gegensatz zu mir hatte Herr Kaltmamsell einiges aus der Arbeit zu erz\u00e4hlen.<\/p>\n<p>Fr\u00fch ins Bett zum Lesen.<\/p>\n<p>Der bl\u00f6de rechte Zeigefinger ist immer noch nicht verheilt. Die Haut an seiner Spitze war vor \u00fcber einer Woche aufgeplatzt, wie ein Schnitt &#8211; das habe ich an Daumen und Zeigefinger inzwischen regelm\u00e4\u00dfig alle ein, zwei Jahre. Dann tut das h\u00f6llisch weh und behindert die Nutzung des Fingers massiv (Handschreiben, Tastatur-Tippen, Scrollradeln, Zahnseideln &#8211; letzteres am schlimmsten). Und die Wunde heilt extrem langsam, das bin ich Schnellheilerin \u00fcberhaupt nicht gewohnt. Aber ich bin ja auch nicht gewohnt, dass eine Wunde ohne \u00e4u\u00dfere Einwirkung einfach auftaucht wie dieser Schlitz in der Fingerspitze.<\/p>\n<p>\u00a7<\/p>\n<p>Was mit &#8220;Beugen Sie sich nicht der Macht&#8221; gemeint ist, f\u00fchrte Bisch\u00f6fin Mariann Edgar Budde bei der Inauguration am Montag vor: Sie bat Donald Trump ins Gesicht um Gnade f\u00fcr unterdr\u00fcckte Menschen.<\/p>\n<div class=\"video-wrapped\" style=\"width: 500px; height: 281px; background-image: url('https:\/\/www.vorspeisenplatte.de\/speisen\/wp-content\/plugins\/video-embed-privacy\/preview\/5-Z_UAkE-Ss.jpg')\" data-embed-frame=\"&lt;iframe title=&quot;Bishop pleads with Trump on fears from people targeted by his policies&quot; width=&quot;500&quot; height=&quot;281&quot; src=&quot;https:\/\/www.youtube.com\/embed\/5-Z_UAkE-Ss?start=20&amp;feature=oembed&quot; frameborder=&quot;0&quot; allow=&quot;accelerometer; autoplay; clipboard-write; encrypted-media; gyroscope; picture-in-picture; web-share&quot; referrerpolicy=&quot;strict-origin-when-cross-origin&quot; allowfullscreen&gt;&lt;\/iframe&gt;\" data-embed-play=\"Abspielen&lt;div class=&quot;small&quot;&gt;Das Video wird von Youtube eingebettet abespielt. Es gilt die &lt;a href=&quot;https:\/\/www.google.com\/intl\/de\/policies\/privacy\/&quot; target=&quot;_blank&quot;&gt;Datenschutzerkl\u00e4rung von Google&lt;\/a&gt;&lt;\/div&gt;\">\n<div class=\"video-wrapped-nojs\">Aktivieren Sie JavaScript um das Video zu sehen.<br \/><a href=\"https:\/\/youtu.be\/5-Z_UAkE-Ss?si=KIHMUHq4BbsNWIEJ&amp;t=20\">https:\/\/youtu.be\/5-Z_UAkE-Ss?si=KIHMUHq4BbsNWIEJ&#038;t=20<\/a><\/div>\n<\/div>\n<p><a href=\"https:\/\/apnews.com\/article\/trump-inaugural-prayer-service-washington-national-cathedral-interfaith-a95b36f962be93c8647cc5144266da11\" target=\"_blank\">Trump m\u00f6chte jetzt daf\u00fcr eine Entschuldigung<\/a>, doch man muss es doch zumindest versuchen. Und an einem weiteren Gebot festhalten: Nein, sein Verhalten ist in keiner Weise in Ordnung, in meinem Wertesystem ist und bleibt es verwerflich. (Ich erinnere mich mit geradezu Am\u00fcsement daran, wie die <i>S\u00fcddeutsche<\/i> vor acht Jahren zun\u00e4chst versuchte, \u00fcber Trumps Verhalten neutral und mit Respekt vor dem Amt des US-Pr\u00e4sidenten zu schreiben, als sei nichts daran unerh\u00f6rt. Das tut sie zum Gl\u00fcck nicht mehr.)<\/p>\n<p>\u00a7<\/p>\n<p>Es braucht mehr Cary Grant in der Welt. Hier k\u00f6nnen Sie Michael Caine \u00fcber ihn h\u00f6ren, und einen Zusammenschnitt sch\u00f6nster Aufnahmen sehen (<i>endlich<\/i> mal mit welchen aus <i>Arsenic and Old Lace<\/i>).<\/p>\n<div class=\"video-wrapped\" style=\"width: 500px; height: 281px; background-image: url('https:\/\/www.vorspeisenplatte.de\/speisen\/wp-content\/plugins\/video-embed-privacy\/preview\/PDBY0A4JnTs.jpg')\" data-embed-frame=\"&lt;iframe title=&quot;Michael Caine on Cary Grant&quot; width=&quot;500&quot; height=&quot;281&quot; src=&quot;https:\/\/www.youtube.com\/embed\/PDBY0A4JnTs?feature=oembed&quot; frameborder=&quot;0&quot; allow=&quot;accelerometer; autoplay; clipboard-write; encrypted-media; gyroscope; picture-in-picture; web-share&quot; referrerpolicy=&quot;strict-origin-when-cross-origin&quot; allowfullscreen&gt;&lt;\/iframe&gt;\" data-embed-play=\"Abspielen&lt;div class=&quot;small&quot;&gt;Das Video wird von Youtube eingebettet abespielt. Es gilt die &lt;a href=&quot;https:\/\/www.google.com\/intl\/de\/policies\/privacy\/&quot; target=&quot;_blank&quot;&gt;Datenschutzerkl\u00e4rung von Google&lt;\/a&gt;&lt;\/div&gt;\">\n<div class=\"video-wrapped-nojs\">Aktivieren Sie JavaScript um das Video zu sehen.<br \/><a href=\"https:\/\/www.youtube.com\/watch?v=PDBY0A4JnTs\">https:\/\/www.youtube.com\/watch?v=PDBY0A4JnTs<\/a><\/div>\n<\/div>\n<p>\u00a7<\/p>\n<p>Und die Welt braucht mehr Judy Garland, diese Jahrtausend-Begabung mit dem so ungl\u00fccklichen, kurzen Leben.<\/p>\n<div class=\"video-wrapped\" style=\"width: 500px; height: 375px; background-image: url('https:\/\/www.vorspeisenplatte.de\/speisen\/wp-content\/plugins\/video-embed-privacy\/preview\/zFVxX3RtyhQ.jpg')\" data-embed-frame=\"&lt;iframe title=&quot;JUDY GARLAND AND BARBRA STREISAND - Happy Days Are Here Again&quot; width=&quot;500&quot; height=&quot;375&quot; src=&quot;https:\/\/www.youtube.com\/embed\/zFVxX3RtyhQ?feature=oembed&quot; frameborder=&quot;0&quot; allow=&quot;accelerometer; autoplay; clipboard-write; encrypted-media; gyroscope; picture-in-picture; web-share&quot; referrerpolicy=&quot;strict-origin-when-cross-origin&quot; allowfullscreen&gt;&lt;\/iframe&gt;\" data-embed-play=\"Abspielen&lt;div class=&quot;small&quot;&gt;Das Video wird von Youtube eingebettet abespielt. Es gilt die &lt;a href=&quot;https:\/\/www.google.com\/intl\/de\/policies\/privacy\/&quot; target=&quot;_blank&quot;&gt;Datenschutzerkl\u00e4rung von Google&lt;\/a&gt;&lt;\/div&gt;\">\n<div class=\"video-wrapped-nojs\">Aktivieren Sie JavaScript um das Video zu sehen.<br \/><a href=\"https:\/\/www.youtube.com\/watch?v=zFVxX3RtyhQ\">https:\/\/www.youtube.com\/watch?v=zFVxX3RtyhQ<\/a><\/div>\n<\/div>\n<p>Ich empfehle auch die Hintergrunderl\u00e4uterungen unterm Video. (Muss mal wieder <i>Tal der Puppen<\/i> lesen.) <img loading=\"lazy\" decoding=\"async\" src=\"https:\/\/vg02.met.vgwort.de\/na\/c64f962f92854d27ac62e4ed4c2f8a01\" width=\"1\" height=\"1\" alt=\"\"\/><\/p>\n","protected":false},"excerpt":{"rendered":"<p>Der Wecker riss mich aus tiefem Traum, ich wechselte nur unwillig ins Wachsein und einen weiteren Arbeitstag. Der zumindest hell und freundlich d\u00e4mmerte. Es blieb hell und freundlich, wenn auch nicht richtig sonnig. Dass es nach Winter roch, verifizierte ich beim Spaziergang zur Nachbar-Cafeteria f\u00fcr Mittagscappuccino mit Kollegin. Mittagessen Apfel, Mango (mittel) mit Sojajoghurt. Gesch\u00e4ftiger [&hellip;]<\/p>\n","protected":false},"author":2,"featured_media":0,"comment_status":"open","ping_status":"closed","sticky":false,"template":"","format":"standard","meta":{"footnotes":""},"categories":[6,1],"tags":[],"class_list":["post-105307","post","type-post","status-publish","format-standard","hentry","category-essen","category-general"],"_links":{"self":[{"href":"https:\/\/www.vorspeisenplatte.de\/speisen\/wp-json\/wp\/v2\/posts\/105307","targetHints":{"allow":["GET"]}}],"collection":[{"href":"https:\/\/www.vorspeisenplatte.de\/speisen\/wp-json\/wp\/v2\/posts"}],"about":[{"href":"https:\/\/www.vorspeisenplatte.de\/speisen\/wp-json\/wp\/v2\/types\/post"}],"author":[{"embeddable":true,"href":"https:\/\/www.vorspeisenplatte.de\/speisen\/wp-json\/wp\/v2\/users\/2"}],"replies":[{"embeddable":true,"href":"https:\/\/www.vorspeisenplatte.de\/speisen\/wp-json\/wp\/v2\/comments?post=105307"}],"version-history":[{"count":4,"href":"https:\/\/www.vorspeisenplatte.de\/speisen\/wp-json\/wp\/v2\/posts\/105307\/revisions"}],"predecessor-version":[{"id":105600,"href":"https:\/\/www.vorspeisenplatte.de\/speisen\/wp-json\/wp\/v2\/posts\/105307\/revisions\/105600"}],"wp:attachment":[{"href":"https:\/\/www.vorspeisenplatte.de\/speisen\/wp-json\/wp\/v2\/media?parent=105307"}],"wp:term":[{"taxonomy":"category","embeddable":true,"href":"https:\/\/www.vorspeisenplatte.de\/speisen\/wp-json\/wp\/v2\/categories?post=105307"},{"taxonomy":"post_tag","embeddable":true,"href":"https:\/\/www.vorspeisenplatte.de\/speisen\/wp-json\/wp\/v2\/tags?post=105307"}],"curies":[{"name":"wp","href":"https:\/\/api.w.org\/{rel}","templated":true}]}}