{"id":1055,"date":"2005-10-19T08:40:43","date_gmt":"2005-10-19T06:40:43","guid":{"rendered":"https:\/\/www.vorspeisenplatte.de\/speisen\/?p=1055"},"modified":"2005-10-19T08:40:50","modified_gmt":"2005-10-19T06:40:50","slug":"das-habe-ich-jetzt-grade-nicht-im-ernst-gedacht-oder","status":"publish","type":"post","link":"https:\/\/www.vorspeisenplatte.de\/speisen\/2005\/10\/das-habe-ich-jetzt-grade-nicht-im-ernst-gedacht-oder.htm","title":{"rendered":"Das habe ich jetzt grade nicht im Ernst gedacht, oder?"},"content":{"rendered":"<p>Jahrelang war ich Patientin beim Orthop\u00e4den P., der eine vorbildlich organisierte Praxis und damit kurze Wartezeiten hat, von dem ich mich sehr gut behandelt f\u00fchlte und dessen Praxis praktischerweise (daher der Name, sonst w\u00e4r\u2019s ja eine Unpraxis) nur f\u00fcnf Gehminuten von meiner Wohnung entfernt liegt. <\/p>\n<p>Da ich seit einigen Jahren in einer anderen Stadt arbeite, hatte ich mir einen Orthop\u00e4den in der Arbeitsstadt gesucht, doch der kann mir jetzt fr\u00fchestens in vier Wochen einen Termin geben.<br \/>\nUnd eben wurde mir klar, dass ich mich seit einigen schmerzhaften Tagen davor dr\u00fccke, einen Termin bei Dr. P. zu holen, weil ich, seit er mich das letzte Mal gesehen hat, vier Kleidergr\u00f6\u00dfen zugenommen habe und mich vor ihm in Grund und Boden sch\u00e4me. Schnell \u00fcber mich den Kopf gesch\u00fcttelt (autsch!) und angerufen, einen arbeitskompatiblen Termin am Montag vereinbart.<\/p>\n<p>(Vielleicht erinnert er sich ja nicht mehr an mich. Hoffentlich.)<\/p>\n","protected":false},"excerpt":{"rendered":"<p>Jahrelang war ich Patientin beim Orthop\u00e4den P., der eine vorbildlich organisierte Praxis und damit kurze Wartezeiten hat, von dem ich mich sehr gut behandelt f\u00fchlte und dessen Praxis praktischerweise (daher der Name, sonst w\u00e4r\u2019s ja eine Unpraxis) nur f\u00fcnf Gehminuten von meiner Wohnung entfernt liegt. Da ich seit einigen Jahren in einer anderen Stadt arbeite, [&hellip;]<\/p>\n","protected":false},"author":2,"featured_media":0,"comment_status":"open","ping_status":"closed","sticky":false,"template":"","format":"standard","meta":{"footnotes":""},"categories":[1],"tags":[],"class_list":["post-1055","post","type-post","status-publish","format-standard","hentry","category-general"],"_links":{"self":[{"href":"https:\/\/www.vorspeisenplatte.de\/speisen\/wp-json\/wp\/v2\/posts\/1055","targetHints":{"allow":["GET"]}}],"collection":[{"href":"https:\/\/www.vorspeisenplatte.de\/speisen\/wp-json\/wp\/v2\/posts"}],"about":[{"href":"https:\/\/www.vorspeisenplatte.de\/speisen\/wp-json\/wp\/v2\/types\/post"}],"author":[{"embeddable":true,"href":"https:\/\/www.vorspeisenplatte.de\/speisen\/wp-json\/wp\/v2\/users\/2"}],"replies":[{"embeddable":true,"href":"https:\/\/www.vorspeisenplatte.de\/speisen\/wp-json\/wp\/v2\/comments?post=1055"}],"version-history":[{"count":0,"href":"https:\/\/www.vorspeisenplatte.de\/speisen\/wp-json\/wp\/v2\/posts\/1055\/revisions"}],"wp:attachment":[{"href":"https:\/\/www.vorspeisenplatte.de\/speisen\/wp-json\/wp\/v2\/media?parent=1055"}],"wp:term":[{"taxonomy":"category","embeddable":true,"href":"https:\/\/www.vorspeisenplatte.de\/speisen\/wp-json\/wp\/v2\/categories?post=1055"},{"taxonomy":"post_tag","embeddable":true,"href":"https:\/\/www.vorspeisenplatte.de\/speisen\/wp-json\/wp\/v2\/tags?post=1055"}],"curies":[{"name":"wp","href":"https:\/\/api.w.org\/{rel}","templated":true}]}}