{"id":105744,"date":"2025-02-08T09:08:52","date_gmt":"2025-02-08T08:08:52","guid":{"rendered":"https:\/\/www.vorspeisenplatte.de\/speisen\/?p=105744"},"modified":"2025-02-08T13:27:18","modified_gmt":"2025-02-08T12:27:18","slug":"journal-freitag-7-februar-2025-urlaubstag-5-mit-doppelportion-kultur-museum-und-kulinarik","status":"publish","type":"post","link":"https:\/\/www.vorspeisenplatte.de\/speisen\/2025\/02\/journal-freitag-7-februar-2025-urlaubstag-5-mit-doppelportion-kultur-museum-und-kulinarik.htm","title":{"rendered":"Journal Freitag, 7. Februar 2025 &#8211; Urlaubstag 5 mit Doppelportion Kultur: Museum und Kulinarik"},"content":{"rendered":"<p>\u00dcber meinem Morgenkaffee sa\u00df ich mit Brummsch\u00e4del und m\u00fcde &#8211; so schlecht war die Nacht doch auch wieder nicht gewesen? Ich hatte gute Lust, nach dem Bloggen und Teetrinken zur\u00fcck ins Bett zu gehen, doch gleichzeitig hatte ich ja Pl\u00e4ne f\u00fcr den Tag. Und wer in ihrem Zustand arbeitsf\u00e4hig w\u00e4re, ist ja wohl auch vergn\u00fcgungsf\u00e4hig.<\/p>\n<p>Plan war ein besonderer Museumsbesuch: Ein Wochentag f\u00fcr das Kennenlernen der 2024 wiederer\u00f6ffneten <a href=\"https:\/\/www.archaeologie.bayern\/\" target=\"_blank\">Arch\u00e4ologischen Staatssammlung<\/a> als besonderer Luxus.<\/p>\n<p>Bewegung holte ich mir durch einen Fu\u00dfmarsch unter tr\u00fcbem Himmel in klammer K\u00e4lte dorthin (eh nur eine halbe Stunde, ich wohne halt wirklich privilegiert zentral), Sporteinheit war ein bisschen Eisbachwellensurfer-Zugucken.<\/p>\n<p><a href=\"https:\/\/www.vorspeisenplatte.de\/speisen\/archiv\/250207_01_Eisbachwelle.jpg\"><img loading=\"lazy\" decoding=\"async\" src=\"https:\/\/www.vorspeisenplatte.de\/speisen\/archiv\/250207_01_Eisbachwelle.jpg\" alt=\"Auf einem sch\u00e4umenden Bach ein Surfer in Neopren und mit Helm, hinter ihm Stufen zu kahlen B\u00e4umen, ein Mensch in Nepren mit Surfboard unterm Arm\" width=\"547\" height=\"381\" class=\"alignnone size-full \" \/><\/a><\/p>\n<p>Bei Ankunft am Museum zur \u00d6ffnung um 10 Uhr hatte ich erstmal riesigen Gieper auf einen Cappuccino. Also besichtigte ich als Allererstes das Museumscaf\u00e9 gleich beim Eingang. Guter Cappuccino.<\/p>\n<p><a href=\"https:\/\/www.vorspeisenplatte.de\/speisen\/archiv\/250207_06_ArchaeologischeStaatssammlung.jpg\"><img loading=\"lazy\" decoding=\"async\" src=\"https:\/\/www.vorspeisenplatte.de\/speisen\/archiv\/250207_06_ArchaeologischeStaatssammlung.jpg\" alt=\"Im Vordergrund Caf\u00e9-Tischchen mit einer Tasse Cappuccino, im Hintergrund weitere Caf\u00e9tischchen, Menschen\" width=\"311\" height=\"419\" class=\"alignnone size-full wp-image-105769\" \/><\/a><\/p>\n<p>Jetzt aber los.<\/p>\n<p>Diesmal bekam ich Online-Audio-Informationen vom Feinsten: <a href=\"https:\/\/www.archaeologie.bayern\/\" target=\"_blank\">Auf der Website<\/a> &#8211; auch die in meinen Augen hervorragend, \u00fcbersichtlich unter anderem durch eine altmodische Sitemap, wie ich sie bereits ausgestorben w\u00e4hnte &#8211; hatte ich mich bereits orientiert, <a href=\"https:\/\/www.archaeologie.bayern\/erleben\/medienguide\/\" target=\"_blank\">dass es eine Highlight-Tour gab und eine Schmankerl-Tour<\/a>, auf der die M\u00fcnchner Kabarettistin Luise Kinseher speziell M\u00fcnchnerische Exponate erkl\u00e4rt. Diesmal hatte ich meine Hardware im Griff: Kopfh\u00f6rer waren dabei, aufgeladen und rechtzeitig mit meinem Handy gekoppelt. Und die Software lie\u00df mich \u00fcber QR-Codes an Exponaten zwischen den beiden Touren und davon unabh\u00e4ngigen Informationen zu weiteren Exponaten springen, ein Traum!<sup><a href=\"#footnote_1_105744\" id=\"identifier_1_105744\" class=\"footnote-link footnote-identifier-link\" title=\"Gerade nach dem ausgesprochen unerfreulichen Erlebnis in der Alten Pinakothek frage ich mich, ob sich die jeweiligen Kurator*innen\/Digital-Leute vielleicht mal treffen k&ouml;nnten? Auch wenn wahrscheinlich unterschiedlichen Ministerien\/Beh&ouml;rden unterstellt?\">1<\/a><\/sup> Als Verbesserungsm\u00f6glichkeit sehe ich die Lichtverh\u00e4ltnisse in den R\u00e4umen: Abseits von den Schauk\u00e4sten war es oft so d\u00fcster, dass ich das Kennzeichen f\u00fcr die Highlight-Exponate nur schwer fand.<\/p>\n<p>ABER! In den Schlie\u00dff\u00e4chern gibt es USB-Steckdosen zum Ger\u00e4taufladen.<\/p>\n<p>Die Ausstellung mit Exponaten ausschlie\u00dflich aus Bayern (das warf mich immer wieder um &#8211; ich kannte praktisch jede Fundstelle) ist durchaus im weitesten Sinn chronologisch aufgebaut &#8211; aber das wirkt sich lediglich auf die grunds\u00e4tzliche Reihenfolge aus. Denn viel wichtiger ist, dass jeder Raum ein Thema hat und dass mit den Exponaten arch\u00e4ologische Techniken und Gedankeng\u00e4nge dargelegt werden. Das gelingt hervorragend. Dazu kommt ein immer wieder \u00fcberraschender und bereichernder Multimedia-Einsatz &#8211; der sich unter anderem den Umstand zunutze macht, dass die R\u00e4ume eher d\u00e4mmerlich sind.<\/p>\n<p>Eine solche Multimedia-Station spielte ich durch, weil mich eine der Aufsichts-Angestellten begeistert hingeschickt hatte: Das sei super, man bekomme zwar Hunger, ich solle aber unbedingt alles bis zu Ende anschauen. Begeisterte Museums-Angestellte? Viel vertrauensw\u00fcrdiger wird eine Empfehlung in meinen Augen nicht.<\/p>\n<p><a href=\"https:\/\/www.vorspeisenplatte.de\/speisen\/archiv\/250207_08_ArchaeologischeStaatssammlung.jpg\"><img loading=\"lazy\" decoding=\"async\" src=\"https:\/\/www.vorspeisenplatte.de\/speisen\/archiv\/250207_08_ArchaeologischeStaatssammlung.jpg\" alt=\"Abgedunkelter Museumsraum mit hochformatigen Vitrinen, rechts steht eine Aufseherin\" width=\"503\" height=\"348\" class=\"alignnone size-full \" \/><\/a><\/p>\n<p>Der erste Ausstellungsraum &#8220;Der Mensch&#8221; (ich wartete, bis ich auch einen aktuellen Menschen mit auf dem Foto hatte).<\/p>\n<p><a href=\"https:\/\/www.vorspeisenplatte.de\/speisen\/archiv\/250207_12_ArchaeologischeStaatssammlung.jpg\"><img loading=\"lazy\" decoding=\"async\" src=\"https:\/\/www.vorspeisenplatte.de\/speisen\/archiv\/250207_12_ArchaeologischeStaatssammlung.jpg\" alt=\"Kleine angeleuchtete Exponate in Museumsvitrine, links daneben in einer Wand ein Bildschirm, auf dem eines als Simulation gezeigt wird\" width=\"345\" height=\"433\" class=\"alignnone size-full wp-image-105771\" \/><\/a><\/p>\n<p>Neben dem Schaukasten erkl\u00e4rt eine durchklickbare Animation die verschiedenen Sichtweisen auf das nur 7 Zentimenter gro\u00dfe Exponat links im Kasten.<\/p>\n<p><a href=\"https:\/\/www.vorspeisenplatte.de\/speisen\/archiv\/250207_10_ArchaeologischeStaatssammlung.jpg\"><img loading=\"lazy\" decoding=\"async\" src=\"https:\/\/www.vorspeisenplatte.de\/speisen\/archiv\/250207_10_ArchaeologischeStaatssammlung.jpg\" alt=\"Der Bildschirm von eben mit einer anderen Ansicht des Objekts\" width=\"287\" height=\"367\" class=\"alignnone size-full wp-image-105772\" \/><\/a><\/p>\n<p><a href=\"https:\/\/www.vorspeisenplatte.de\/speisen\/archiv\/250207_14_ArchaeologischeStaatssammlung.jpg\"><img loading=\"lazy\" decoding=\"async\" src=\"https:\/\/www.vorspeisenplatte.de\/speisen\/archiv\/250207_14_ArchaeologischeStaatssammlung.jpg\" alt=\"Hochformatige Museumsvitrine rechts mit zwei gr\u00fcnspanigen Bronzemaseken, links neben der Vitrine an einer Wand ein gl\u00e4nzendes Duplikat der Maske, das man sich aufsetzen kann\" width=\"382\" height=\"504\" class=\"alignnone size-full wp-image-105773\" \/><\/a><\/p>\n<p>Neben dem Schaukasten mit Masken h\u00e4ngt eine, die man selbst aufsetzen kann &#8211; wie auch sonst \u00fcber die ganze Ausstellung Objekte verteilt sind mit der Aufforderung &#8220;Fass mich an!&#8221;, z.B. ein Axtblatt, ein Faustkeil, verschiedene Lederarten eines Stiefels.<\/p>\n<p><a href=\"https:\/\/www.vorspeisenplatte.de\/speisen\/archiv\/250207_16_ArchaeologischeStaatssammlung.jpg\"><img loading=\"lazy\" decoding=\"async\" src=\"https:\/\/www.vorspeisenplatte.de\/speisen\/archiv\/250207_16_ArchaeologischeStaatssammlung.jpg\" alt=\"Museumsvitrinen in abgedunkeltem Raum,im Vordergrund zeigte eine eine wei\u00dfe Steintrommel mit Keilschrift\" width=\"419\" height=\"503\" class=\"alignnone size-full wp-image-105774\" \/><\/a><\/p>\n<p><a href=\"https:\/\/www.vorspeisenplatte.de\/speisen\/archiv\/250207_19_ArchaeologischeStaatssammlung.jpg\"><img loading=\"lazy\" decoding=\"async\" src=\"https:\/\/www.vorspeisenplatte.de\/speisen\/archiv\/250207_19_ArchaeologischeStaatssammlung.jpg\" alt=\"Abgedunkelter Museumsraum, im Boden Schauk\u00e4sten mit Exponaten\" width=\"363\" height=\"484\" class=\"alignnone size-full wp-image-105775\" \/><\/a><\/p>\n<p>Ausgrabungsfunde verschiedenster Art in Boden-Schauk\u00e4sten zu pr\u00e4sentieren und damit inklusive der Bodenart, in der sie gefunden wurden, fand ich genial.<\/p>\n<p><a href=\"https:\/\/www.vorspeisenplatte.de\/speisen\/archiv\/250207_20_ArchaeologischeStaatssammlung.jpg\"><img loading=\"lazy\" decoding=\"async\" src=\"https:\/\/www.vorspeisenplatte.de\/speisen\/archiv\/250207_20_ArchaeologischeStaatssammlung.jpg\" alt=\"Glasplatten im Boden, durch die man Kies sieht, links ein altes Bronzeschwert, rechts ein schlichter Bronzehelm\" width=\"356\" height=\"252\" class=\"alignnone size-full wp-image-105776\" \/><\/a><\/p>\n<p>Das Bronzeschwert hier links wurde zum Beispiel in der Isar in der N\u00e4he <a href=\"https:\/\/www.vorspeisenplatte.de\/speisen\/archiv\/250205_06_Weideninsel.jpg\" target=\"_blank\">der Weideninsel<\/a> gefunden und ist 3.200 Jahre alt.<\/p>\n<p>Im n\u00e4chsten Raum leuchtete neben dem Erkl\u00e4rtext eines Boden-Exponats ein Knopf mit roten Licht auf &#8211; da muss man doch draufdr\u00fccken, oder?<\/p>\n<p><a href=\"https:\/\/www.vorspeisenplatte.de\/speisen\/archiv\/250207_21_ArchaeologischeStaatssammlung.jpg\"><img loading=\"lazy\" decoding=\"async\" src=\"https:\/\/www.vorspeisenplatte.de\/speisen\/archiv\/250207_21_ArchaeologischeStaatssammlung.jpg\" alt=\"Ebenerdige Vitrinen an der Wand, dahinter hochformatige Bildschirme. In der Vitrine im Vordergrund Sch\u00e4del, auf dem Bildschirm dahinter leuchtet ein Comic-Panel einer Grab-Situation\" width=\"393\" height=\"509\" class=\"alignnone size-full wp-image-105777\" \/><\/a><\/p>\n<p>Die Fl\u00e4che hinter dem Exponat im Boden stellte sich als Bildschirm heraus, auf dem ein Bild des Comic-K\u00fcnstlers Frank Schmolke erschien &#8211; <a href=\"https:\/\/museen-in-bayern.de\/comic-style-in-der-neuen-dauerausstellung-der-archaeologischen-staatssammlung\" target=\"_blank\">der hinter den gesamten, vielen Illustrationen in der Ausstellung steht<\/a>, eine ausgezeichnete Idee.<\/p>\n<p><a href=\"https:\/\/www.vorspeisenplatte.de\/speisen\/archiv\/250207_39_ArchaeologischeStaatssammlung.jpg\"><img loading=\"lazy\" decoding=\"async\" src=\"https:\/\/www.vorspeisenplatte.de\/speisen\/archiv\/250207_39_ArchaeologischeStaatssammlung.jpg\" alt=\"Wei\u00dfer Rand eines Comics mit Signatur\" width=\"326\" height=\"358\" class=\"alignnone size-full wp-image-105778\" \/><\/a><\/p>\n<p><a href=\"https:\/\/www.vorspeisenplatte.de\/speisen\/archiv\/250207_23_ArchaeologischeStaatssammlung.jpg\"><img loading=\"lazy\" decoding=\"async\" src=\"https:\/\/www.vorspeisenplatte.de\/speisen\/archiv\/250207_23_ArchaeologischeStaatssammlung.jpg\" alt=\"Blick von oben in eine Museumsvitrine,darin viel Tongeschirr, Gef\u00e4\u00dfe aus Bronze, ein gro\u00dfes aus Glas\" width=\"393\" height=\"487\" class=\"alignnone size-full wp-image-105779\" \/><\/a><\/p>\n<p>Grabbeigaben einer reichen Dame R\u00f6mischer Zeit um 200 n. Chr., gefunden in Wehringen (Landkreis Augsburg). Der Audio-Guide informierte mich, dass auch ein umfangreiches Glas-Service zu diesen Beigaben geh\u00f6rt habe, aber auf dem Scheiterhaufen geschmolzen sei &#8211; nehmt dies, Feinde meiner traditionellen Glasteller!<\/p>\n<p><a href=\"https:\/\/www.vorspeisenplatte.de\/speisen\/archiv\/250207_24_ArchaeologischeStaatssammlung.jpg\"><img loading=\"lazy\" decoding=\"async\" src=\"https:\/\/www.vorspeisenplatte.de\/speisen\/archiv\/250207_24_ArchaeologischeStaatssammlung.jpg\" alt=\"In der Mitte unter Glas eine wunderbar konservierte Moorleiche mit Kleidung, im Vordergrund ein Bildschirm mit &quot;Welche Person verbrigt sich hinter der Moorleiche?&quot;, im Hintergrund ein Bildschirm, das als Zeichnung eine Figur in Kapuzenmantel zeigt\" width=\"423\" height=\"564\" class=\"alignnone size-full wp-image-105780\" \/><\/a><\/p>\n<p>Zu dieser Mooreleiche bot der Bildschirm unten interaktive Zusatzinfos.<\/p>\n<p><a href=\"https:\/\/www.vorspeisenplatte.de\/speisen\/archiv\/250207_27_ArchaeologischeStaatssammlung.jpg\"><img loading=\"lazy\" decoding=\"async\" src=\"https:\/\/www.vorspeisenplatte.de\/speisen\/archiv\/250207_27_ArchaeologischeStaatssammlung.jpg\" alt=\"In einem Museumsraum ein gro\u00dfer, runder Tisch, auf den ein offenes Feuer projiziert wird, am Rand Schrift und Kn\u00f6pfe zum Draufdr\u00fccken; im Hintergrund beleuchtete Wand-Vitrinen, vor einer zwei Personen\" width=\"393\" height=\"524\" class=\"alignnone size-full wp-image-105781\" \/><\/a><\/p>\n<p>Das hier war die Station, zu der mich die Museums-Angestellte energisch geschickt hatte: &#8220;Bis zum Ende anschaun!&#8221; Hier wurden die Zutaten und Zubereitung von Speisen vorgef\u00fchrt, die man bei Ausgrabungen identifizieren konnte. Ich klickte sie Anweisungs-gem\u00e4\u00df alle durch &#8211; tats\u00e4chlich interessant, ich lernte unter anderem die Zubereitung der Brotzeit, die \u00d6tzi dabei hatte.<\/p>\n<p><a href=\"https:\/\/www.vorspeisenplatte.de\/speisen\/archiv\/250207_29_ArchaeologischeStaatssammlung.jpg\"><img loading=\"lazy\" decoding=\"async\" src=\"https:\/\/www.vorspeisenplatte.de\/speisen\/archiv\/250207_29_ArchaeologischeStaatssammlung.jpg\" alt=\"Aufsicht auf die Tischfl\u00e4che, projiziert sind gegrillte Fleischst\u00fccke und Wurzeln\" width=\"333\" height=\"444\" class=\"alignnone size-full wp-image-105782\" \/><\/a><\/p>\n<p><a href=\"https:\/\/www.vorspeisenplatte.de\/speisen\/archiv\/250207_35_ArchaeologischeStaatssammlung.jpg\"><img loading=\"lazy\" decoding=\"async\" src=\"https:\/\/www.vorspeisenplatte.de\/speisen\/archiv\/250207_35_ArchaeologischeStaatssammlung.jpg\" alt=\"Eine Zeichnung mit r\u00f6mischem Wandbrunnen, drumherum Personen, die Wasser daraus holen, in der Mitte eingelassen eine kleine Vitrine mit dem bronzenen Wasserspeier\" width=\"507\" height=\"362\" class=\"alignnone size-full \" \/><\/a><\/p>\n<p>Fundst\u00fccke aus der R\u00f6merzeit: Die Vitrine ist in eine Zeichung mit ihrem Gebrauch eingebettet.<\/p>\n<p><a href=\"https:\/\/www.vorspeisenplatte.de\/speisen\/archiv\/250207_36_ArchaeologischeStaatssammlung.jpg\"><img loading=\"lazy\" decoding=\"async\" src=\"https:\/\/www.vorspeisenplatte.de\/speisen\/archiv\/250207_36_ArchaeologischeStaatssammlung.jpg\" alt=\"Nahaufnahme des Wasserspenders, ein flaches Gesicht mit offenem Mund und sehr wildem Haupt- sowie Barthaar\" width=\"356\" height=\"407\" class=\"alignnone size-full wp-image-105784\" \/><\/a><\/p>\n<p><a href=\"https:\/\/www.vorspeisenplatte.de\/speisen\/archiv\/250207_37_ArchaeologischeStaatssammlung.jpg\"><img loading=\"lazy\" decoding=\"async\" src=\"https:\/\/www.vorspeisenplatte.de\/speisen\/archiv\/250207_37_ArchaeologischeStaatssammlung.jpg\" alt=\"Museumsraum, rechts eine Reihe r\u00e4mischer Grabsteine und Figuren\" width=\"467\" height=\"357\" class=\"alignnone size-full wp-image-105785\" \/><\/a><\/p>\n<p><a href=\"https:\/\/www.vorspeisenplatte.de\/speisen\/archiv\/250207_38_ArchaeologischeStaatssammlung.jpg\"><img loading=\"lazy\" decoding=\"async\" src=\"https:\/\/www.vorspeisenplatte.de\/speisen\/archiv\/250207_38_ArchaeologischeStaatssammlung.jpg\" alt=\"Museumsvitrine mit Exponaten und einem gro\u00dfen Foto eines Glasgef\u00e4\u00dfes, davor ein Schild &quot;Objekt zur Bearbeitung entnommen&quot;\" width=\"328\" height=\"455\" class=\"alignnone size-full wp-image-105786\" \/><\/a><\/p>\n<p>404-Meldung, Exponat ist gerade in der Werkstatt und wurde durch ein gutes Foto ersetzt.<\/p>\n<p><a href=\"https:\/\/www.vorspeisenplatte.de\/speisen\/archiv\/250207_41_ArchaeologischeStaatssammlung.jpg\"><img loading=\"lazy\" decoding=\"async\" src=\"https:\/\/www.vorspeisenplatte.de\/speisen\/archiv\/250207_41_ArchaeologischeStaatssammlung.jpg\" alt=\"Abgedunkelter Museumsraum mit wenigen, frei stehenden Exponaten, auf dem Boden die Schatten eines Bl\u00e4tterdachs\" width=\"363\" height=\"484\" class=\"alignnone size-full wp-image-105787\" \/><\/a><\/p>\n<p>Liebevolle Details \u00fcberall &#8211; hier zum Beispiel Lichtprojektionen auf dem Boden.<\/p>\n<p>Und schlie\u00dflich war die Highlight-Tour (inklusive <i>side quests<\/i> zur Schmankerl-Tour und zu weiteren Exponaten) genau richtig f\u00fcr meine Aufmerksamkeitsspanne: Exakt als ich nach gut zwei Stunden begann zu hadern, weil alles so spannend war, ich aber eigentlich nicht mehr konnte &#8211; prangte das Schild &#8220;Ausgang&#8221;.<\/p>\n<p><a href=\"https:\/\/www.vorspeisenplatte.de\/speisen\/archiv\/250207_42_ArchaeologischeStaatssammlung.jpg\"><img loading=\"lazy\" decoding=\"async\" src=\"https:\/\/www.vorspeisenplatte.de\/speisen\/archiv\/250207_42_ArchaeologischeStaatssammlung.jpg\" alt=\"Treppenhaus von der obersten Stufe aus: Wei\u00dfe W\u00e4nde, dunkles Holz, eingelassenes Lichtband\" width=\"484\" height=\"363\" class=\"alignnone size-full wp-image-105788\" \/><\/a><\/p>\n<p>Als ich sp\u00e4ter Herrn Kaltmamsell von dem Ausstellungsbesuch erz\u00e4hlte, wurde mir schnell klar: Ich muss bald nochmal hin, allein schon um alle Multimedia-Stationen durchzuklicken.<\/p>\n<p>N\u00e4chster Programmpunkt: Auf Mastodon hatte ich gelesen, dass ganz in der N\u00e4he im Lehel eine Pumuckl-Fu\u00dfg\u00e4ngerampel eingerichtet worden war. Also legte ich meinen R\u00fcckweg dar\u00fcber.<\/p>\n<p><a href=\"https:\/\/www.vorspeisenplatte.de\/speisen\/archiv\/250207_46_PumucklAmpel.jpg\"><img loading=\"lazy\" decoding=\"async\" src=\"https:\/\/www.vorspeisenplatte.de\/speisen\/archiv\/250207_46_PumucklAmpel.jpg\" alt=\"Rote Fu\u00dfg\u00e4ngerampel mit den Stra\u00dfennamen &quot;Triftstra\u00dfe&quot; und &quot;Liebigstra\u00dfe&quot;, Silhouette eines stehenden Pumuckl mit ausgebreiteten Armen\" width=\"304\" height=\"438\" class=\"alignnone size-full wp-image-105790\" \/><\/a><\/p>\n<p><a href=\"https:\/\/www.vorspeisenplatte.de\/speisen\/archiv\/250207_47_PumucklAmpel.jpg\"><img loading=\"lazy\" decoding=\"async\" src=\"https:\/\/www.vorspeisenplatte.de\/speisen\/archiv\/250207_47_PumucklAmpel.jpg\" alt=\"Gr\u00fcne Fu\u00dfg\u00e4ngerampel an Altstadtkreuzung mit kahlen B\u00e4umen; sie wird gerade von einem Passanten mit dem Handy fotografiert. Die Silhiuette der gr\u00fcnen Ampel ist ein gehender Pumuckl\" width=\"344\" height=\"496\" class=\"alignnone size-full wp-image-105791\" \/><\/a><\/p>\n<p>Sehen Sie: Solche Ideen setzt ein Bezirksausschuss um &#8211; falls Sie sich fragen, was der genau macht.<\/p>\n<p>Au\u00dferdem legte ich meinen R\u00fcckweg \u00fcber Eink\u00e4ufe: Cocktailkirschen im Untergescho\u00df des Kaufhofs am Marienplatz (dort gibt es sie zuverl\u00e4ssig), weitere Lebensmittel im Alnatura, au\u00dferdem Semmeln.<\/p>\n<p>Ich kam mit gro\u00dfem Fr\u00fchst\u00fcckshunger heim, um halb zwei gab es Apfel und zwei Semmeln (die dritte, die mir der gro\u00dfe Hunger aufgeschwatzt hatte, schaffte ich dann doch nicht).<\/p>\n<p>Nochmal raus auf Erledigungen: S\u00fcpermarket Verdi (weil Za&#8217;tar auf der Einkaufsliste stand), Drogeriemarkt, Schusterin.<\/p>\n<p>Nachmittag mit Zeitunglesen (<a href=\"https:\/\/sz-magazin.sueddeutsche.de\/gute-frage\/gute-frage-krebsverdacht-94779\" target=\"_blank\">besonders sch\u00f6ne &#8220;Gute Frage&#8221; im <i>SZ-Magazin<\/i><\/a>), <a href=\"https:\/\/www.vorspeisenplatte.de\/rezepte\/tiramisu.htm\" target=\"_blank\">Tiramisu-Herstellung<\/a>, Yoga-Gymnastik &#8211; f\u00fcr die ich mich eh ausziehen musste, an zog ich mich dann ein wenig feiner, denn zum Abendessen war ich mit Herrn Kaltmamsell <a href=\"https:\/\/brasseriecolette.de\/muenchen\" target=\"_blank\">in der Brasserie Colette<\/a> verabredet.<\/p>\n<p>Die Reservierung hatte ich zweimal best\u00e4tigen m\u00fcssen seit Buchung, eine Woche vor Termin und am Tag selbst des Essens. Aber hey &#8211; zumindest bekam ich sie ohne Anzahlung oder Hinterlegung von Kreditkartendaten. Und f\u00fcr den ganzen Abend, nicht nur f\u00fcr zwei Stunden. (Mein Fluch m\u00f6ge die r\u00fccksichtslosen Leute verfolgen, deren No-shows sowas \u00fcberhaupt erst hervorgebracht haben. Und mein Unverst\u00e4ndnis die Wirtsleute, die ihre G\u00e4ste nicht in Ruhe fertigessen und -trinken lassen.)<\/p>\n<p>Wir verbrachten einen sch\u00f6nen Abend mit gutem bis sehr gutem Essen. Aufs Wochenende angesto\u00dfen wurde mit einem Glas Cremant.<\/p>\n<p><a href=\"https:\/\/www.vorspeisenplatte.de\/speisen\/archiv\/250207_51_BrasserieColette.jpg\"><img loading=\"lazy\" decoding=\"async\" src=\"https:\/\/www.vorspeisenplatte.de\/speisen\/archiv\/250207_51_BrasserieColette.jpg\" alt=\"F\u00fcr zwei Personen gedeckter Restauranttisch mit unter anderem Artischocken, Sch\u00e4lchen mit Dips, gef\u00fcllten Wei\u00dfweingl\u00e4sern\" width=\"473\" height=\"342\" class=\"alignnone size-full wp-image-105792\" \/><\/a><\/p>\n<p>Unsere Lieblingsvorspeise Artischocke war diesmal allerdings nicht so umwerfend wie sonst, sie schien uns nicht frisch gekocht, sondern schon lang warmgehalten und angetrocknet. Dazu Sauvignon Blanc.<\/p>\n<p><a href=\"https:\/\/www.vorspeisenplatte.de\/speisen\/archiv\/250207_52_BrasserieColette.jpg\"><img loading=\"lazy\" decoding=\"async\" src=\"https:\/\/www.vorspeisenplatte.de\/speisen\/archiv\/250207_52_BrasserieColette.jpg\" alt=\"Gedeckter Restauranttisch f\u00fcr zwei, zu sehen sind die unten beschriebenen Speisen und Getr\u00e4nke\" width=\"363\" height=\"484\" class=\"alignnone size-full wp-image-105793\" \/><\/a><\/p>\n<p>Mein Hauptgang war der Knaller: Lammkaree mit Ratatouille (auch wenn so gar nicht jahreszeitlich, schmeckte sie sehr aromatisch) und Polenta (links schaumig gebacken \u00fcber einer Fleischsauce). Herr Kaltmamsell hatte das Rinderfilet \u00bbCaf\u00e9 de Paris\u00ab mit Entenlebercroissant. Dazu hatte ich mich auf ein Glas C\u00f4tes du Rh\u00f4ne gefreut, der mir wieder sehr gut schmeckte.<\/p>\n<p><a href=\"https:\/\/www.vorspeisenplatte.de\/speisen\/archiv\/250207_54_BrasserieColette.jpg\"><img loading=\"lazy\" decoding=\"async\" src=\"https:\/\/www.vorspeisenplatte.de\/speisen\/archiv\/250207_54_BrasserieColette.jpg\" alt=\"Gedeckter Restauranttisch, darauf die beiden unten beschriebenen Desserts\" width=\"333\" height=\"444\" class=\"alignnone size-full wp-image-105794\" \/><\/a><\/p>\n<p>Nachtisch war auf meiner Seite etwas, das als &#8220;Pflaumentarte&#8221; auf der Karte stand, sich als k\u00f6stliches Pflaumenkompott mit Streuseln und Ziegenmilcheis herausstellte, Herr Kaltmamsel hatte eine keksige Schokoladentarte. Wir waren beide sehr zufrieden. <img loading=\"lazy\" decoding=\"async\" src=\"https:\/\/vg02.met.vgwort.de\/na\/c6cf2a7e62a44df4b26ea0a7da7ac411\" width=\"1\" height=\"1\" alt=\"\"\/><\/p>\n<ol class=\"footnotes\"><li id=\"footnote_1_105744\" class=\"footnote\">Gerade nach dem ausgesprochen unerfreulichen Erlebnis in der Alten Pinakothek frage ich mich, ob sich die jeweiligen Kurator*innen\/Digital-Leute vielleicht mal treffen k\u00f6nnten? Auch wenn wahrscheinlich unterschiedlichen Ministerien\/Beh\u00f6rden unterstellt?<span class=\"footnote-back-link-wrapper\"> [<a href=\"#identifier_1_105744\" class=\"footnote-link footnote-back-link\">&#8617;<\/a>]<\/span><\/li><\/ol>","protected":false},"excerpt":{"rendered":"<p>\u00dcber meinem Morgenkaffee sa\u00df ich mit Brummsch\u00e4del und m\u00fcde &#8211; so schlecht war die Nacht doch auch wieder nicht gewesen? Ich hatte gute Lust, nach dem Bloggen und Teetrinken zur\u00fcck ins Bett zu gehen, doch gleichzeitig hatte ich ja Pl\u00e4ne f\u00fcr den Tag. Und wer in ihrem Zustand arbeitsf\u00e4hig w\u00e4re, ist ja wohl auch vergn\u00fcgungsf\u00e4hig. [&hellip;]<\/p>\n","protected":false},"author":2,"featured_media":0,"comment_status":"open","ping_status":"closed","sticky":false,"template":"","format":"standard","meta":{"footnotes":""},"categories":[6,2,1],"tags":[],"class_list":["post-105744","post","type-post","status-publish","format-standard","hentry","category-essen","category-fotos","category-general"],"_links":{"self":[{"href":"https:\/\/www.vorspeisenplatte.de\/speisen\/wp-json\/wp\/v2\/posts\/105744","targetHints":{"allow":["GET"]}}],"collection":[{"href":"https:\/\/www.vorspeisenplatte.de\/speisen\/wp-json\/wp\/v2\/posts"}],"about":[{"href":"https:\/\/www.vorspeisenplatte.de\/speisen\/wp-json\/wp\/v2\/types\/post"}],"author":[{"embeddable":true,"href":"https:\/\/www.vorspeisenplatte.de\/speisen\/wp-json\/wp\/v2\/users\/2"}],"replies":[{"embeddable":true,"href":"https:\/\/www.vorspeisenplatte.de\/speisen\/wp-json\/wp\/v2\/comments?post=105744"}],"version-history":[{"count":3,"href":"https:\/\/www.vorspeisenplatte.de\/speisen\/wp-json\/wp\/v2\/posts\/105744\/revisions"}],"predecessor-version":[{"id":105806,"href":"https:\/\/www.vorspeisenplatte.de\/speisen\/wp-json\/wp\/v2\/posts\/105744\/revisions\/105806"}],"wp:attachment":[{"href":"https:\/\/www.vorspeisenplatte.de\/speisen\/wp-json\/wp\/v2\/media?parent=105744"}],"wp:term":[{"taxonomy":"category","embeddable":true,"href":"https:\/\/www.vorspeisenplatte.de\/speisen\/wp-json\/wp\/v2\/categories?post=105744"},{"taxonomy":"post_tag","embeddable":true,"href":"https:\/\/www.vorspeisenplatte.de\/speisen\/wp-json\/wp\/v2\/tags?post=105744"}],"curies":[{"name":"wp","href":"https:\/\/api.w.org\/{rel}","templated":true}]}}