{"id":105804,"date":"2025-02-09T08:24:08","date_gmt":"2025-02-09T07:24:08","guid":{"rendered":"https:\/\/www.vorspeisenplatte.de\/speisen\/?p=105804"},"modified":"2025-02-09T13:23:41","modified_gmt":"2025-02-09T12:23:41","slug":"journal-samstag-8-februar-2025-demokratie-brauchte-mich-und-250-000-andere","status":"publish","type":"post","link":"https:\/\/www.vorspeisenplatte.de\/speisen\/2025\/02\/journal-samstag-8-februar-2025-demokratie-brauchte-mich-und-250-000-andere.htm","title":{"rendered":"Journal Samstag, 8. Februar 2025 &#8211; Demokratie brauchte mich &#8211; und 250.000 andere"},"content":{"rendered":"<p>Es wurde wie angek\u00fcndigt hell zu echter Sonne!<\/p>\n<p>Weil ich nachmittags zur Demo &#8220;Demokratie braucht dich&#8221; auf der Theresienwiese wollte, davor aber noch Schwimmen gehen, bloggte ich unter ein bisschen Zeitdruck &#8211; und dann waren das auch noch so viele Bilder, die ich unbedingt von meinem Besuch der Arch\u00e4ologischen Staatssammlung zeigen wollte und die ich bearbeiten und be-alttexten musste!<\/p>\n<p>Die Sonne schien aufs Herrlichste, also war klar, dass ich im Dantebad schwimmen w\u00fcrde. Schon das Radeln dorthinaus genoss ich. Gezielt sah ich bei einem der drei verrottetenden Autos <a href=\"https:\/\/www.publicartmuenchen.de\/projekte\/mash-heal\/\" target=\"_blank\">des Kunstprojekts &#8220;Mash &#038; Heal&#8221;<\/a> vorbei, dem am Stiglmaierplatz.<\/p>\n<p><a href=\"https:\/\/www.vorspeisenplatte.de\/speisen\/archiv\/250208_04_Stiglmaierpl.jpg\"><img loading=\"lazy\" decoding=\"async\" src=\"https:\/\/www.vorspeisenplatte.de\/speisen\/archiv\/250208_04_Stiglmaierpl.jpg\" alt=\"Auf einem Platz im Freien vor sonniger Hauskulisse ein SUV, der aus dunkelbraunen Naturmaterialien nachgebaut ist, die H\u00fclle aufgerissen, sodass das darunter liegende Holzgestell sichtbar wird\" width=\"508\" height=\"407\" class=\"alignnone size-full \" \/><\/a><\/p>\n<p>Das sieht mir ja weniger nach Verrottung aus, sondern eher nach Menschenhand (Smash &#038; Heal?), aber diesen Faktor hat die K\u00fcnstlerin sehr wahrscheinlich einkalkuliert.<\/p>\n<p>Der Schwumm im Dantebad war genau so sonnenverglitzert, wie ich das erhofft hatte &#8211; und genauso menschenreich wie bef\u00fcrchtet. Aber wir kamen recht gut miteinander aus, ich schwamm meine 3.000 Meter ohne grobe St\u00f6rung und genoss das warme Wasser. Gleichzeitig gro\u00dfe Sehnsucht nach dem Nichtwinter, schmerzhaftes Bewusstsein, wie lange noch hin ist.<\/p>\n<p>Sonniges Radeln nach Hause, zum Fr\u00fchst\u00fcck kurz nach eins gab es Apfel sowie zwei Scheiben K\u00f6rnerbrot (das Finnenbrot vom Rischart, eher ein Verlegenheitskauf, schmeckt mir ausgezeichnet) mit G\u00e4nseschmalz.<\/p>\n<p>Im sonnigen Wetter war ich lange unschl\u00fcssig \u00fcber die angemessene Demo-Kleidung. Ich entschied mich f\u00fcr dicke Socken in Wanderstiefeln, \u00fcber Jeans und dickem Pulli den Wintermantel; M\u00fctze und dicke Handschuhe steckte ich mit einer Flasche Wasser in eine Umh\u00e4ngetasche.<\/p>\n<p><a href=\"https:\/\/www.vorspeisenplatte.de\/speisen\/archiv\/250208_07_KaiserLudwigPl.jpg\"><img loading=\"lazy\" decoding=\"async\" src=\"https:\/\/www.vorspeisenplatte.de\/speisen\/archiv\/250208_07_KaiserLudwigPl.jpg\" alt=\"Sonniger Stadtplatz mit Wiese und Ampel, viele Menschen gehen in dieselbe Richtung\" width=\"484\" height=\"363\" class=\"alignnone size-full wp-image-105815\" \/><\/a><\/p>\n<p>Schon vor unserer Haust\u00fcr reihten Herr Kaltmamsell und ich uns in einen dichten Strom von Menschen ein, der zur Demo auf der Theresienwiese spazierte. Dort stand die B\u00fchne vor der Bavaria, doch schnell erwies sich, dass die Sound-Anlage nicht funktionierte: Das Geschehen wurde nicht sehr weit \u00fcbertragen. Wir stie\u00dfen zuf\u00e4llig auf Genossenschaftlerinnen vom Kartoffelkombinat, die ich ohnehin suchen wollte, erkennbar an einer Beach Flag. Hier blieben wir die n\u00e4chste Zeit stehen, unterhielten uns \u00fcber Parteiensystem, Wahlentscheidungen, parlamentarische Abl\u00e4ufe &#8211; das passte ja zum Thema der Demo, vom B\u00fchnengeschehen bekamen wir aber nicht einmal mit, ob es \u00fcberhaupt existierte. Andere Kartoffelkombinatler*innen kamen vorbei, wir wurden nach Details der Genossenschaft gefragt, ich sah mich unter den anderen Demonstrierenden um &#8211; in der herrlichen und w\u00e4rmenden Sonne verging die Zeit schnell. Nach gut anderthalb Stunden und nach der Durchsage \u00fcber fahrende Boxen mit Hinweisen f\u00fcr den Heimweg beendeten Herr Kaltmamsell und ich die Demo-Teilnahme.<\/p>\n<p><a href=\"https:\/\/www.vorspeisenplatte.de\/speisen\/archiv\/250208_09_Theresienwiese.jpg\"><img loading=\"lazy\" decoding=\"async\" src=\"https:\/\/www.vorspeisenplatte.de\/speisen\/archiv\/250208_09_Theresienwiese.jpg\" alt=\"Gro\u00dfe frei Fl\u00e4che im Gegenlicht, man erahnt viele Menschen \" width=\"600\" height=\"308\" class=\"alignnone size-full \" \/><\/a><\/p>\n<p>Ich hatte ja bef\u00fcrchtet, dass sich auf der wirklich riesigen Theresienwiese (42 Hektar) ein paar Zehntausend Demonstrant*innen verlaufen und nach wenig aussehen. <a href=\"https:\/\/fnordon.de\/@giardino\/113968540086139327\" target=\"_blank\">Stellt sich auf dem Foto heraus: Keineswegs<\/a> (und es waren ja dann auch zwischen 250.000 und 300.000 Menschen, je nach Quelle). <a href=\"https:\/\/fnordon.de\/@canzonett\/113968725618066290\" target=\"_blank\">Hier noch ein Foto.<\/a><\/p>\n<p>Erst daheim merkte ich, dass ich mich aufw\u00e4rmen musste, erledigte das mit hei\u00dfem Tee und Heizung. Vor dem Abendessen eine Einheit Yoga-Gymnastik mit viel Hinfallen, dann gab&#8217;s zum Aperitif einen neuen Cocktail:<\/p>\n<p><a href=\"https:\/\/www.vorspeisenplatte.de\/speisen\/archiv\/250208_10_NewYorkSour.jpg\"><img loading=\"lazy\" decoding=\"async\" src=\"https:\/\/www.vorspeisenplatte.de\/speisen\/archiv\/250208_10_NewYorkSour.jpg\" alt=\"K\u00fcchenarbeitsfl\u00e4che, im Vordergrund zwei Tumbler mit heller Fl\u00fcssigkeit unten, einem Streifen dunkelroter Fl\u00fcssigkeit oben, dahinter Flaschen, eine Zitruspresse\" width=\"444\" height=\"333\" class=\"alignnone size-full wp-image-105817\" \/><\/a><\/p>\n<p><a href=\"https:\/\/www.maltwhisky.de\/new-york-sour\/\" target=\"_blank\">New York Sour<\/a>, der mit ein wenig Rotwein gefloatet wird &#8211; gut!<\/p>\n<p>Zum Nachtmahl hatte Herr Kaltmamsell aus aktuellem Ernteanteil S\u00fc\u00dfkartoffeln und Rote Bete verwendet (Rezept \u00fcber drei Ecken als Foto erhalten, deshalb kein Link):<\/p>\n<p><a href=\"https:\/\/www.vorspeisenplatte.de\/speisen\/archiv\/250208_12_Nachtmahl.jpg\"><img loading=\"lazy\" decoding=\"async\" src=\"https:\/\/www.vorspeisenplatte.de\/speisen\/archiv\/250208_12_Nachtmahl.jpg\" alt=\"Aufsicht auf einen Glasteller auf gr\u00fcnem Tischset, auf dem Teller eine halbierte S\u00fc\u00dfkartoffel, dar\u00fcber gew\u00fcrfelte Rote Bete und Feta\" width=\"444\" height=\"333\" class=\"alignnone size-full wp-image-105818\" \/><\/a><\/p>\n<p>Auch gut!<\/p>\n<p>Zum Nachtisch misslungenes Tirmaisu.<sup><a href=\"#footnote_1_105804\" id=\"identifier_1_105804\" class=\"footnote-link footnote-identifier-link\" title=\"Nachtrag: Den Vertipper lasse ich so &ndash; danke f&uuml;r den Hinweis, aber er passt zu gut zum Misslingen.\">1<\/a><\/sup> Ich hatte es f\u00fcr eine gute Idee gehalten, in die Mascarpone-Creme den halben Becher Sahne zu kippen, der weg musste. Jetzt wissen wir: War es nicht. Die Creme wurde fl\u00fcssig statt fest, es gab L\u00f6ffelbiskuitsuppe.<\/p>\n<p>Meine geplatzte Zeigefingerspitze, <a href=\"https:\/\/www.vorspeisenplatte.de\/speisen\/2025\/01\/journal-mittwoch-22-januar-2025-eigentlich-nichts-zu-erzaehlen.htm\" target=\"_blank\">hier erw\u00e4hnt<\/a>, nahm noch eine unerwartete Entwicklung: Statt ganz abzuheilen, \u00f6ffnete sich der Spalt nach dem n\u00e4chsten N\u00e4gelschneiden erneut und schmerzte wieder enorm. Mittlerweile hatte ich zwar von einer Berufsgeigerin mit demselben Problem erfahren, dass es von der Blasenpflaster-Firma Compeed auch ein Fingerspitzenspalt-Pflaser gibt, das sogar ihr hilft, hatte es aber noch nicht besorgt &#8211; schlie\u00dflich rechnete ich mit dem n\u00e4chsten Einsatz erst in vielen Monaten. Das bereute ich jetzt und holte es sofort nach; weil ich diese Pflaster in keiner Drogerie fand, bem\u00fchte ich Amazon.<\/p>\n<p>Und war gestern froh darum, als die besagte Zeigefingerspitze, einen Tag nach erneutem N\u00e4gelschneiden, sich schon wieder ans Platzen machte. Der Schmerz lie\u00df tats\u00e4chlich umgehend nach. <img loading=\"lazy\" decoding=\"async\" src=\"https:\/\/vg02.met.vgwort.de\/na\/5d0d29f95ac249c685f5b68cc9a85400\" width=\"1\" height=\"1\" alt=\"\"\/><\/p>\n<ol class=\"footnotes\"><li id=\"footnote_1_105804\" class=\"footnote\"><i>Nachtrag: Den Vertipper lasse ich so &#8211; danke f\u00fcr den Hinweis, aber er passt zu gut zum Misslingen.<\/i><span class=\"footnote-back-link-wrapper\"> [<a href=\"#identifier_1_105804\" class=\"footnote-link footnote-back-link\">&#8617;<\/a>]<\/span><\/li><\/ol>","protected":false},"excerpt":{"rendered":"<p>Es wurde wie angek\u00fcndigt hell zu echter Sonne! Weil ich nachmittags zur Demo &#8220;Demokratie braucht dich&#8221; auf der Theresienwiese wollte, davor aber noch Schwimmen gehen, bloggte ich unter ein bisschen Zeitdruck &#8211; und dann waren das auch noch so viele Bilder, die ich unbedingt von meinem Besuch der Arch\u00e4ologischen Staatssammlung zeigen wollte und die ich [&hellip;]<\/p>\n","protected":false},"author":2,"featured_media":0,"comment_status":"open","ping_status":"closed","sticky":false,"template":"","format":"standard","meta":{"footnotes":""},"categories":[6,2,1],"tags":[],"class_list":["post-105804","post","type-post","status-publish","format-standard","hentry","category-essen","category-fotos","category-general"],"_links":{"self":[{"href":"https:\/\/www.vorspeisenplatte.de\/speisen\/wp-json\/wp\/v2\/posts\/105804","targetHints":{"allow":["GET"]}}],"collection":[{"href":"https:\/\/www.vorspeisenplatte.de\/speisen\/wp-json\/wp\/v2\/posts"}],"about":[{"href":"https:\/\/www.vorspeisenplatte.de\/speisen\/wp-json\/wp\/v2\/types\/post"}],"author":[{"embeddable":true,"href":"https:\/\/www.vorspeisenplatte.de\/speisen\/wp-json\/wp\/v2\/users\/2"}],"replies":[{"embeddable":true,"href":"https:\/\/www.vorspeisenplatte.de\/speisen\/wp-json\/wp\/v2\/comments?post=105804"}],"version-history":[{"count":3,"href":"https:\/\/www.vorspeisenplatte.de\/speisen\/wp-json\/wp\/v2\/posts\/105804\/revisions"}],"predecessor-version":[{"id":105833,"href":"https:\/\/www.vorspeisenplatte.de\/speisen\/wp-json\/wp\/v2\/posts\/105804\/revisions\/105833"}],"wp:attachment":[{"href":"https:\/\/www.vorspeisenplatte.de\/speisen\/wp-json\/wp\/v2\/media?parent=105804"}],"wp:term":[{"taxonomy":"category","embeddable":true,"href":"https:\/\/www.vorspeisenplatte.de\/speisen\/wp-json\/wp\/v2\/categories?post=105804"},{"taxonomy":"post_tag","embeddable":true,"href":"https:\/\/www.vorspeisenplatte.de\/speisen\/wp-json\/wp\/v2\/tags?post=105804"}],"curies":[{"name":"wp","href":"https:\/\/api.w.org\/{rel}","templated":true}]}}