{"id":105960,"date":"2025-02-15T08:19:25","date_gmt":"2025-02-15T07:19:25","guid":{"rendered":"https:\/\/www.vorspeisenplatte.de\/speisen\/?p=105960"},"modified":"2025-02-15T08:19:25","modified_gmt":"2025-02-15T07:19:25","slug":"journal-freitag-14-februar-2025-weisses-ende-der-arbeitswoche","status":"publish","type":"post","link":"https:\/\/www.vorspeisenplatte.de\/speisen\/2025\/02\/journal-freitag-14-februar-2025-weisses-ende-der-arbeitswoche.htm","title":{"rendered":"Journal Freitag, 14. Februar 2025 &#8211; Wei\u00dfes Ende der Arbeitswoche"},"content":{"rendered":"<p><a href=\"https:\/\/www.vorspeisenplatte.de\/speisen\/archiv\/250214_01_Coronatest.jpg\"><img loading=\"lazy\" decoding=\"async\" src=\"https:\/\/www.vorspeisenplatte.de\/speisen\/archiv\/250214_01_Coronatest.jpg\" alt=\"Coronatestk\u00e4stchen mit einem Strich auf Holzfl\u00e4che\" width=\"171\" height=\"290\" class=\"alignnone size-full wp-image-105975\" \/><\/a><\/p>\n<p>Long time no see.<\/p>\n<p>Zackiger Tagesanfang: Die berufliche Veranstaltung, die ich gestern organisierte und betreute (und f\u00fcr die ich aus F\u00fcrsorge f\u00fcr eine Teilnehmende den Test gemacht hatte), begann zwar gl\u00fccklicherweise erst am Vormittag, aber ich musste mit den Vorbereitungen gleich zum \u00fcblichen Arbeitsstart beginnen.<\/p>\n<p>Auf dem Marsch ins B\u00fcro begann es zu schneien. Das tat es dann auch die folgenden Stunden, mit matschig-glatten Wegen. Diesmal noch routinierteres Wuseln drinnen und drau\u00dfen &#8211; ist ja der f\u00fcnfte solche Einsatz innerhalb der vergangenen Monate. Inzwischen schaffe ich es auch, keine Utensilien (u.a. gro\u00dfes Tablett mit praktischen Griffen, Obstkorb) von daheim zu verwenden, sondern mit Vorhandem zu improvisieren und halt \u00f6fter zu gehen; ich hatte nach dem letzten Mal die Schlepperei satt.<\/p>\n<p><a href=\"https:\/\/www.vorspeisenplatte.de\/speisen\/archiv\/250214_03_Konferenzraum.jpg\"><img loading=\"lazy\" decoding=\"async\" src=\"https:\/\/www.vorspeisenplatte.de\/speisen\/archiv\/250214_03_Konferenzraum.jpg\" alt=\"Blick hinaus auf verschneite Wiese, dahinter eine Villa mit wei\u00dfen Dach, B\u00fcrobauten, in der Luft Schneeflocken\" width=\"556\" height=\"412\" class=\"alignnone size-full \" \/><\/a><\/p>\n<p><a href=\"https:\/\/www.vorspeisenplatte.de\/speisen\/archiv\/250214_05_Buerohausblick.jpg\"><img loading=\"lazy\" decoding=\"async\" src=\"https:\/\/www.vorspeisenplatte.de\/speisen\/archiv\/250214_05_Buerohausblick.jpg\" alt=\"Sehr erh\u00f6hter Blick auf eine verschneite Gro\u00dfstadt, im Vordergrund Bahngleise und moderne B\u00fcrogeb\u00e4ude\" width=\"574\" height=\"419\" class=\"alignnone size-full \" \/><\/a><\/p>\n<p><a href=\"https:\/\/www.vorspeisenplatte.de\/speisen\/archiv\/250214_07_Nido.jpg\"><img loading=\"lazy\" decoding=\"async\" src=\"https:\/\/www.vorspeisenplatte.de\/speisen\/archiv\/250214_07_Nido.jpg\" alt=\"Ein Metalltablettchen mit Cappuccino-Tasse und Wassergl\u00e4schen auf Holzfl\u00e4che vor Fenster, durch das man schneematischige Stra\u00dfe und B\u00fcrogeb\u00e4ude sieht, eben geht ein Mensch mit grauen Locken vorbei\" width=\"363\" height=\"484\" class=\"alignnone size-full wp-image-105978\" \/><\/a><\/p>\n<p>Alles lief problemlos, ich hatte die Ruhe f\u00fcr einen Mittagscappuccino im Westend.<\/p>\n<p>Zu Mittag gab es Muesli mit Sojajoghurt und zwei Bananen &#8211; diese mit doppelt so dicker Schale wie gewohnt, die eigentliche Frucht war Wienerl-d\u00fcnn.<\/p>\n<p>Veranstaltung p\u00fcnktlich zu Ende, nach Aufr\u00e4umen war sogar noch Zeit f\u00fcr ein paar Erledigungen am Schreibtisch. Leider nach Langem mal wieder gest\u00f6rt von Schwindel.<\/p>\n<p>Wirklich p\u00fcnktlicher Feierabend, ich hatte Besorgungen vor. Der Schneefall hatte aufgeh\u00f6rt, die Wege waren freigeschmolzen, ich kam zu Fu\u00df gut voran. In der \u00c4nderungsschneiderei holte ich die gek\u00fcrzte Jeans ab, \u00fcberreichte den Ledermantel mit zerrissenem Futter &#8211; und, wie sich bei genauer Durchsicht des Schneiders herausstellte, sich l\u00f6sender Naht. Er bereitete mich darauf vor, dass die Restaurierung teurer werden w\u00fcrde; ich willigte ein, immer noch g\u00fcnstiger als ein neuer Mantel.<\/p>\n<p>Marsch zum Viktualienmarkt in nicht zu kalter Luft: Beim Metzger Eisenreich besorgte ich Rinderherz f\u00fcrs Wochenende (geplant ist die Umsetzung eines Familienrezepts aus meinem handgeschriebenen Kochbuch, das ich seit Jahrzehnten nicht mehr gemacht habe), au\u00dferdem Entrec\u00f4te f\u00fcr den Freitagabend. Der freundliche, alte Metzger verunsicherte mich als Franz\u00f6sisch-Ferne, weil er Entrec\u00f4te ohne T am Ende aussprach &#8211; i<a href=\"https:\/\/www.youtube.com\/watch?v=3Gr5RGs8CKM\" target=\"_blank\">ch schlug daheim nach, wird sehr wohl gesprochen<\/a>.<\/p>\n<p>Wochenend-fr\u00f6hlicher Heimweg \u00fcber Alnatura-Eink\u00e4ufe. Mir fielen Dinge ein, die mich wirklich freuen, unter anderem:<br \/>\n&#8211; Wenn ich eine bestimmte Freundin zum Lachen bringe &#8211; und ihr ganz eigenes, bezauberndes, immer ein bisschen Z\u00e4hne versteckendes Lachen.<br \/>\n&#8211; Dass es Herrn Kaltmamsell gibt, in seiner einzigartigen Absonderlichkeit, und dass er mir gewogen ist.<\/p>\n<p>Herr Kaltmamsell hatte erst am Mittwoch erfahren, dass dieser Freitag Valentinstag war, und mich dar\u00fcber informiert &#8211; der Gl\u00fcckliche lebt offensichtlich in einer anderen Werbeblase als ich. Gestern sah ich tats\u00e4chlich viele Menschen mit Blumenstrau\u00df im Arm, das scheint ein Ding zu werden.<\/p>\n<p>Daheim H\u00e4uslichkeiten und Yoga-Gymnastik, dann feierten wir endlich Wochenende: Die Lieferung der Crowdfarming-Kiste mit Orangen war auf Samstag verschoben worden, also \u00e4nderten wir unsere Aperitif-Pl\u00e4ne von Campari Orange auf Rosita (p.P. je 1 cl Vermouth dry, Vermouth rosso, Campari, 2 cl Tequila im R\u00fchrglas auf Eis, in Cocktailschalen abseien) &#8211; ganz wunderbar. Zum geteilten Entrec\u00f4te hatte Herr Kaltmamsell auf meinen Wunsch das erste Rezept <a href=\"https:\/\/www.emf-verlag.de\/buecher\/essen-trinken\/laenderkueche\/shalom-kitchen-jetzt-noch-schnell-jude-werden\/978-3-7459-1210-4?srsltid=AfmBOookYV6538SAZbPeVp67wgsvKGNm8TYSXhQ93BZwu_YyaxnaPtVb\" target=\"_blank\">aus <i>Shalom Kitchen<\/i><\/a> umgesetzt und das Ernteanteil-Wei\u00dfkraut in Schmock Coleslaw verwandelt, mit Schmand und frischem Koriander: Ganz hervorragend. Dazu gab es einen spanischen Rotwein Prometus aus Castilla y Le\u00f3n. Unsere letzte Flasche, doch als ihn gleich mal nachkaufen wollte, entdeckte ich, dass es ihn wohl nicht mehr gibt. Schade, aber wenn st\u00e4ndig neue Weine auftauchen, verschwinden halt auch mal Weine.<\/p>\n<p>Nachtisch Schokolade. Fr\u00fch und sehr ersch\u00f6pft ins Bett zum Lesen. <\/p>\n<p>\u00a7<\/p>\n<p>Frau Br\u00fcllen muss sich mit Tuberkulose besch\u00e4ftigen:<br \/>\n<a href=\"https:\/\/bruellen.blogspot.com\/2025\/02\/130225.html\" target=\"_blank\">&#8220;130225&#8221;.<\/a><\/p>\n<p>Dankesch\u00f6n, dass sie ihre Recherche- und Arztinformationen aufgeschrieben hat. Ich testete als Kind mehrfach positiv auf Tbc (erkrankte aber nie), ich wei\u00df auch, welcher Tbc-Erkrankte mich h\u00f6chstwahrscheinlich angesteckt hat. Doch bislang war mir nicht klar, dass ich den Erreger ein Leben lang &#8211; uninfekti\u00f6s! &#8211; in mir trage. Noch etwas, was ich wohl unter bestimmten Umst\u00e4nden bei \u00e4rztlicher Vorstellung erw\u00e4hnen sollte.<\/p>\n<p>\u00a7<\/p>\n<p>Wie mein Internet immer noch ist: Ich hatte vor l\u00e4ngerer Zeit durch die Posts einer meiner kleinen Mastodon-Freundinnen erfahren, dass auf der Berliner Museumsinsel ganz viele Kormorane wohnen, jetzt nach ihnen gefragt, weil ich bei meinem Berlin-Urlaub Ende 2024 vergessen hatte, sie zu besuchen. <a href=\"https:\/\/mastodon.social\/@maske_katja\/114002728717437105\" target=\"_blank\">Und da spazierte sie gestern vorbei und nahm extra f\u00fcr mich ein Foto von ihnen auf.<\/a> &lt;3 &lt;3 &lt;3 <img loading=\"lazy\" decoding=\"async\" src=\"https:\/\/vg02.met.vgwort.de\/na\/8a2355ef7c3149e1a4e7652692f3f4f9\" width=\"1\" height=\"1\" alt=\"\"\/><\/p>\n","protected":false},"excerpt":{"rendered":"<p>Long time no see. Zackiger Tagesanfang: Die berufliche Veranstaltung, die ich gestern organisierte und betreute (und f\u00fcr die ich aus F\u00fcrsorge f\u00fcr eine Teilnehmende den Test gemacht hatte), begann zwar gl\u00fccklicherweise erst am Vormittag, aber ich musste mit den Vorbereitungen gleich zum \u00fcblichen Arbeitsstart beginnen. Auf dem Marsch ins B\u00fcro begann es zu schneien. Das [&hellip;]<\/p>\n","protected":false},"author":2,"featured_media":0,"comment_status":"open","ping_status":"closed","sticky":false,"template":"","format":"standard","meta":{"footnotes":""},"categories":[2,1],"tags":[],"class_list":["post-105960","post","type-post","status-publish","format-standard","hentry","category-fotos","category-general"],"_links":{"self":[{"href":"https:\/\/www.vorspeisenplatte.de\/speisen\/wp-json\/wp\/v2\/posts\/105960","targetHints":{"allow":["GET"]}}],"collection":[{"href":"https:\/\/www.vorspeisenplatte.de\/speisen\/wp-json\/wp\/v2\/posts"}],"about":[{"href":"https:\/\/www.vorspeisenplatte.de\/speisen\/wp-json\/wp\/v2\/types\/post"}],"author":[{"embeddable":true,"href":"https:\/\/www.vorspeisenplatte.de\/speisen\/wp-json\/wp\/v2\/users\/2"}],"replies":[{"embeddable":true,"href":"https:\/\/www.vorspeisenplatte.de\/speisen\/wp-json\/wp\/v2\/comments?post=105960"}],"version-history":[{"count":3,"href":"https:\/\/www.vorspeisenplatte.de\/speisen\/wp-json\/wp\/v2\/posts\/105960\/revisions"}],"predecessor-version":[{"id":105982,"href":"https:\/\/www.vorspeisenplatte.de\/speisen\/wp-json\/wp\/v2\/posts\/105960\/revisions\/105982"}],"wp:attachment":[{"href":"https:\/\/www.vorspeisenplatte.de\/speisen\/wp-json\/wp\/v2\/media?parent=105960"}],"wp:term":[{"taxonomy":"category","embeddable":true,"href":"https:\/\/www.vorspeisenplatte.de\/speisen\/wp-json\/wp\/v2\/categories?post=105960"},{"taxonomy":"post_tag","embeddable":true,"href":"https:\/\/www.vorspeisenplatte.de\/speisen\/wp-json\/wp\/v2\/tags?post=105960"}],"curies":[{"name":"wp","href":"https:\/\/api.w.org\/{rel}","templated":true}]}}