{"id":106509,"date":"2025-03-05T06:21:31","date_gmt":"2025-03-05T05:21:31","guid":{"rendered":"https:\/\/www.vorspeisenplatte.de\/speisen\/?p=106509"},"modified":"2025-03-05T16:54:39","modified_gmt":"2025-03-05T15:54:39","slug":"journal-faschingsdienstag-4-maerz-2025-freier-tag-mit-neuen-geraeuschen-und-wandern-um-roehrmoos","status":"publish","type":"post","link":"https:\/\/www.vorspeisenplatte.de\/speisen\/2025\/03\/journal-faschingsdienstag-4-maerz-2025-freier-tag-mit-neuen-geraeuschen-und-wandern-um-roehrmoos.htm","title":{"rendered":"Journal Faschingsdienstag, 4. M\u00e4rz 2025 &#8211; Freier Tag mit neuen Ger\u00e4uschen und Wandern um R\u00f6hrmoos"},"content":{"rendered":"<p>Herrlich und lang geschlafen, zu hellem Himmel aufgestanden. F\u00fcr gestern hatte ich mit Herrn Kaltmamsell die erste Wanderung des Jahres geplant, zumal schon lang sch\u00f6nes und sogar mildes Wetter vorhergesagt wurde.<\/p>\n<p>Auf der Suche nach einer Route hatte ich in dem B\u00fcchlein gebl\u00e4ttert, das uns seinerzeit zum Wandern gebracht hatte: <i>Wandern mit dem MVV<\/i> von 1995, deutlich umfangreicher als die sp\u00e4teren B\u00e4nde (wir besitzen auch die Ausgabe von 2015). Mir war durchaus bewusst, dass es veraltet ist und es nach 30 Jahren einige Wege nicht mehr geben mag, doch heutzutage findet man ja \u00fcber GPS leicht Umgehungen und Alternativen. Ich pr\u00e4sentierte Herrn Kaltmamsell eine Auswahl, er entschied sich f\u00fcr einen Rundweg R\u00f6hrmoos-Sch\u00f6nbrunn.<\/p>\n<p>Davor Fertigbloggen und Internetlesen an Milchkaffee, Wasser, Schwarztee mit Milch. Herr Kaltmamsell hatte am Wochenende endlich den h\u00f6henverstellbaren Schreibtisch bestellt, zu dem ich ihm seit Jahren rate und an dem er auch stehend arbeiten kann (seit auch er \u00fcber Kreuzschmerzen klagt: viele Jahre geh\u00f6rte er zu der Minderheit ohne jegliche R\u00fcckenschmerz-Erfahrungen), und zwar bei IKEA. Der war am Montag geliefert worden, und zu meiner gro\u00dfen Bewunderung hatte Herr Kaltmamsell ihn noch am selben Tag in aller Ruhe, ohne Fluchen und zu 95 Prozent erfolgreich aufgebaut (irgendwas ist ja immer). Nur bei drei Handgriffen hatte er um meine Unterst\u00fctzung gebeten, und dann nur f\u00fcr das Wenden\/Transportieren gro\u00dfer Teile. Eine Nebenwirkung des neuen M\u00f6bels: Es gibt ein neues Ger\u00e4usch in der Wohnung, n\u00e4mlich wenn Herr Kaltmamsell die Tischplatte hoch- oder runterf\u00e4hrt. Noch brauche ich ein paar Sekundenbruchteile zur Einordnung.<\/p>\n<p>Was mich hierzu bringt: Im Film <i>Conclave<\/i> fiel mir zum ersten Mal auf, wie viel Informationen Ger\u00e4usche transportieren k\u00f6nnen. Ich fand ohnehin die Erz\u00e4hl-\u00d6konomie des Drehbuchs hervorragend, dazu nutzte es auch T\u00f6ne. Zum Beispiel erfuhr ich nur durch das charakteristische Piepsen, dass die Zimmer der Unterkunft der Kardin\u00e4le, wohl im Vatikan, durch Zahlencode ge\u00f6ffnet wurden &#8211; es gab keinerlei Bild dazu.<\/p>\n<p><a href=\"https:\/\/www.vorspeisenplatte.de\/speisen\/archiv\/250304_01_Schlafzimmer.jpg\"><img loading=\"lazy\" decoding=\"async\" src=\"https:\/\/www.vorspeisenplatte.de\/speisen\/archiv\/250304_01_Schlafzimmer.jpg\" alt=\"Blick durch einen 50er-T\u00fcrrahmen in ein Schlafzimmer, das von Sonnenlicht durchflutet wird, gegen\u00fcber durchs Fenster ein Park mit kahlen B\u00e4umen\" width=\"392\" height=\"551\" class=\"alignnone size-full wp-image-106522\" \/><\/a><\/p>\n<p>Sonne macht sch\u00f6n.<\/p>\n<p>Aufbruch zur Wanderung nach kurzen Lebensmitteleink\u00e4ufen. Dieses Jahr war ich schlau genug, mir nicht bei der ersten Wanderung des Jahres auch gleich den ersten Sonnenbrand zu holen: Ich cremte mich gr\u00fcndlich ein.<\/p>\n<p>Die S-Bahn-Fahrt nach R\u00f6hrmoos nutzte ich f\u00fcr Zeitungslekt\u00fcre. Von R\u00f6hrmoos aus wanderten wir \u00fcber einige Stra\u00dfen, aber auch Feldwege, vor allem \u00fcber freie Landschaft, mit manchen Ausblicken nach M\u00fcnchen, die Bewegung tat sehr gut. Zur GPS-Unterst\u00fctzung mussten wir schon bald greifen: Die Bahngleise, die wir queren mussten, lagen inzwischen auf der anderen Seite des angegeben Orts und verliefen auf einer hohen Trasse auf Pfeilern. Und nach zwei Dritteln kamen wir an einer v\u00f6llig anderen Stelle aus dem Wald als angek\u00fcndigt: Die letzte Stunde improvisierten wir eine Schleife \u00fcber Sch\u00f6nbrunn.<\/p>\n<p><a href=\"https:\/\/www.vorspeisenplatte.de\/speisen\/archiv\/250304_04_Roehrmoos.jpg\"><img loading=\"lazy\" decoding=\"async\" src=\"https:\/\/www.vorspeisenplatte.de\/speisen\/archiv\/250304_04_Roehrmoos.jpg\" alt=\"Blauer Himmel mit Kondensstreifen, darunter kahle B\u00e4ume, davor ein leeres Feld mit heller Erde\" width=\"548\" height=\"399\" class=\"alignnone size-full \" \/><\/a><\/p>\n<p><a href=\"https:\/\/www.vorspeisenplatte.de\/speisen\/archiv\/250304_07_Roehrmoos.jpg\"><img loading=\"lazy\" decoding=\"async\" src=\"https:\/\/www.vorspeisenplatte.de\/speisen\/archiv\/250304_07_Roehrmoos.jpg\" alt=\"Blauer Himmel mit Kondensstreifen, darunter kahle B\u00e4ume, davor Feld mit breitem Feldweg, im Vordergrund gehrt gerade ein Mensch mit Hosen, blauer Wanderjacke und roter Kappe\" width=\"540\" height=\"415\" class=\"alignnone size-full \" \/><\/a><\/p>\n<p>Sp\u00e4twinterlandschaft, auf vielen Feldern ein erster Hauch von Gr\u00fcn.<\/p>\n<p><a href=\"https:\/\/www.vorspeisenplatte.de\/speisen\/archiv\/250304_11_Roehrmoos.jpg\"><img loading=\"lazy\" decoding=\"async\" src=\"https:\/\/www.vorspeisenplatte.de\/speisen\/archiv\/250304_11_Roehrmoos.jpg\" alt=\"Vor blauem Himmel mit Kondensstreifen ein riesiger kahler Baum, darunter ein Wegmarterl mit Bank\" width=\"423\" height=\"564\" class=\"alignnone size-full wp-image-106525\" \/><\/a><\/p>\n<p>In Unterweilbach fiel uns ein stattliches Gut auf, das Herrenhaus offensichtlich erst k\u00fcrzlich saniert, die restliche Anlage vor nicht allzu langer Zeit. Um herauszufinden, wem das Gut geh\u00f6rt oder die l\u00e4ngste Zeit geh\u00f6rt hat, kann man nat\u00fcrlich googlen. Oder man schaut im Friedhof der benachbarten Kirche vorbei.<\/p>\n<p><a href=\"https:\/\/www.vorspeisenplatte.de\/speisen\/archiv\/250304_13_Unterweilbach.jpg\"><img loading=\"lazy\" decoding=\"async\" src=\"https:\/\/www.vorspeisenplatte.de\/speisen\/archiv\/250304_13_Unterweilbach.jpg\" alt=\"Vor blauem Himmel rechts eine kleine Barockkirche mit Zwiebelturm, links davon eine Stra\u00dfe, davon lings angeschnitten Wirtschaftsgeb\u00e4ude eines alten Guts\" width=\"564\" height=\"423\" class=\"alignnone size-full\" \/><\/a><\/p>\n<p><a href=\"https:\/\/www.vorspeisenplatte.de\/speisen\/archiv\/250304_16_Unterweilbach.jpg\"><img loading=\"lazy\" decoding=\"async\" src=\"https:\/\/www.vorspeisenplatte.de\/speisen\/archiv\/250304_16_Unterweilbach.jpg\" alt=\"An der Kirchenwand eine Tafel mit den Lebensdaten vieler Familienmitglieder von Spreti in alter Schrift\" width=\"402\" height=\"560\" class=\"alignnone size-full wp-image-106528\" \/><\/a><\/p>\n<p>Die von Spretis also. <a href=\"https:\/\/www.schloss-unterweilbach.de\/schloss-unterweilbach\/geschichte\" target=\"_blank\">Hier mehr historischer Hintergrund.<\/a><\/p>\n<p>Die Grabsteine auf diesem Friedhof waren ohnehin besonders interessant:<\/p>\n<p><a href=\"https:\/\/www.vorspeisenplatte.de\/speisen\/archiv\/250304_19_Unterweilbach.jpg\"><img loading=\"lazy\" decoding=\"async\" src=\"https:\/\/www.vorspeisenplatte.de\/speisen\/archiv\/250304_19_Unterweilbach.jpg\" alt=\"Alter Grabstein mit einer gl\u00e4nzenden schwarzen Platte, darauf viele Mitglieder der Familie Pabst\" width=\"366\" height=\"559\" class=\"alignnone size-full wp-image-106529\" \/><\/a><\/p>\n<p>Wir r\u00e4tselten lang und ergebnislos \u00fcber diese verwandtschaftlichen Verbindungen.<\/p>\n<p><a href=\"https:\/\/www.vorspeisenplatte.de\/speisen\/archiv\/250304_24_Purtlhof.jpg\"><img loading=\"lazy\" decoding=\"async\" src=\"https:\/\/www.vorspeisenplatte.de\/speisen\/archiv\/250304_24_Purtlhof.jpg\" alt=\"Auf einer Wiese vor blauem Himmel und bei einem Haufen Reisig in einem Gehege einige Hirsche\" width=\"582\" height=\"404\" class=\"alignnone size-full \" \/><\/a><\/p>\n<p>Hirsche am Purtlhof. Zudem bekamen wir zahlreiche Greiv\u00f6gel am Himmel geboten, am Boden auch einen m\u00e4chtigen Feldhasen.<\/p>\n<p><a href=\"https:\/\/www.vorspeisenplatte.de\/speisen\/archiv\/250304_25_Mariabrunn.jpg\"><img loading=\"lazy\" decoding=\"async\" src=\"https:\/\/www.vorspeisenplatte.de\/speisen\/archiv\/250304_25_Mariabrunn.jpg\" alt=\"Erh\u00f6hter Blick auf landwirtschaftliche Landschaft, am Horizont die dunstige Silhouette einer Gro\u00dfstadt\" width=\"534\" height=\"436\" class=\"alignnone size-full \" \/><\/a><\/p>\n<p>Nach gut zwei Stunden Wandern setzten wir uns auf eine Bank f\u00fcr Brotzeit mit Blick auf das diesige M\u00fcnchen, ich a\u00df \u00c4pfel und H\u00fcttenk\u00e4se. Hier wie auf der ganzen Wanderung war der Sound gepr\u00e4gt von den Passagierflugzeugen, die eher niedrig \u00fcber uns flogen &#8211; nicht st\u00f6rend laut, aber ungew\u00f6hnlich geballt.<\/p>\n<p><a href=\"https:\/\/www.vorspeisenplatte.de\/speisen\/archiv\/250304_26_Mariabrunn.jpg\"><img loading=\"lazy\" decoding=\"async\" src=\"https:\/\/www.vorspeisenplatte.de\/speisen\/archiv\/250304_26_Mariabrunn.jpg\" alt=\"Sonniger Waldbiergarten, im Hintergrund eine alte Kapelle, links vorne ein Wanderer in blauer Jacke und roter Kappe\" width=\"564\" height=\"423\" class=\"alignnone size-full \" \/><\/a><\/p>\n<p>Mariabrunn ohne Biergartenbetrieb.<\/p>\n<p><a href=\"https:\/\/www.vorspeisenplatte.de\/speisen\/archiv\/250304_28_Mariabrunn.jpg\"><img loading=\"lazy\" decoding=\"async\" src=\"https:\/\/www.vorspeisenplatte.de\/speisen\/archiv\/250304_28_Mariabrunn.jpg\" alt=\"Sonnige Lichtung mit Bach in einem Wald\" width=\"633\" height=\"465\" class=\"alignnone size-full \" \/><\/a><\/p>\n<p>Auch in R\u00f6hrmoos kreuzten wir einen Friedhof. Ein Grabstein lie\u00df mich verdutzt anhalten:<\/p>\n<p><a href=\"https:\/\/www.vorspeisenplatte.de\/speisen\/archiv\/250304_30_Roehrbrunn.jpg\"><img loading=\"lazy\" decoding=\"async\" src=\"https:\/\/www.vorspeisenplatte.de\/speisen\/archiv\/250304_30_Roehrbrunn.jpg\" alt=\"An einer Friedhofsmauer ein Grabmal mit rechts einem grauen Stein, darauf Sterbedaten eines Manns, links eine etwas unterlebensgro\u00dfe Frauenfigur aus rosa Stein in Abendkleid mit hochgesteckten Haaren. Im Hintergrund sonnige Landschaft\" width=\"423\" height=\"538\" class=\"alignnone size-full wp-image-106534\" \/><\/a><\/p>\n<p>Eine ausgesprochen weltliche Frauenfigur &#8211; da h\u00e4ngt doch eine Geschichte dran.<\/p>\n<p>Es hat nat\u00fcrlich gute Gr\u00fcnde, dass das B\u00fcchlein <i>Wandern mit dem MVV<\/i> im Lauf der Jahrzehnte immer d\u00fcnner wurde: Feldwege waren jetzt Stra\u00dfen, Landstra\u00dfen mit wenig Motorverkehr, die man Wander*innen ruhigen Gewissens entlang schicken konnte, waren jetzt f\u00fcr Fu\u00dfg\u00e4nger*innen lebensgef\u00e4hrlich. Die Entwicklung konnten wir gestern sehr gut nachvollziehen.<\/p>\n<p>Nach viereinhalb Stunden Wandern mit einer Pause waren wir beide so gut durchgesportelt, dass ich die Yoga-Einheit des Tages verschob.<\/p>\n<p>Nach ereignisloser S-Bahn-R\u00fcckfahrt: Daheim Vorbereitungen des ersten Arbeitstags nach Faschingsferien, Brotzeitvorbereitung, Lesen mit einer gro\u00dfen Tasse Tee &#8211; und alles mit dem wohligen Gl\u00fchen im Gesicht, das viele Stunden Bewegung in k\u00fchler Drau\u00dfenluft hinterlassen.<\/p>\n<p>Als Nachtmahl servierte Herr Kaltmamsell die Gelben Bete aus Ernteanteil als Pasta-Gericht mit Feta, ich hatte Endiviensalat mit Tahini-Dressing vorbereitet.<\/p>\n<p><a href=\"https:\/\/www.vorspeisenplatte.de\/speisen\/archiv\/250304_35_Nachtmahl.jpg\"><img loading=\"lazy\" decoding=\"async\" src=\"https:\/\/www.vorspeisenplatte.de\/speisen\/archiv\/250304_35_Nachtmahl.jpg\" alt=\"Aufsicht auf einen gedeckten Tisch, darauf ein wei\u00dfer tiefer Teller mit Spaghetti in wei\u00dfer Sauce mit St\u00fccken gelben Bete, dahinter ein Topf, rechts eine Glassch\u00fcssel mit Salat\" width=\"333\" height=\"444\" class=\"alignnone size-full wp-image-106535\" \/><\/a><\/p>\n<p>Die Pasta schmeckte gut, aber wenig nach Bete. Nachtisch Schokolade &#8211; nicht viel, die S\u00fc\u00dfigkeitenkiste ist bedrohlich leicht geworden. <img loading=\"lazy\" decoding=\"async\" src=\"https:\/\/vg02.met.vgwort.de\/na\/5d91628cf26e411a8459cfed75d4e3b9\" width=\"1\" height=\"1\" alt=\"\"\/><\/p>\n","protected":false},"excerpt":{"rendered":"<p>Herrlich und lang geschlafen, zu hellem Himmel aufgestanden. F\u00fcr gestern hatte ich mit Herrn Kaltmamsell die erste Wanderung des Jahres geplant, zumal schon lang sch\u00f6nes und sogar mildes Wetter vorhergesagt wurde. Auf der Suche nach einer Route hatte ich in dem B\u00fcchlein gebl\u00e4ttert, das uns seinerzeit zum Wandern gebracht hatte: Wandern mit dem MVV von [&hellip;]<\/p>\n","protected":false},"author":2,"featured_media":0,"comment_status":"open","ping_status":"closed","sticky":false,"template":"","format":"standard","meta":{"footnotes":""},"categories":[4,2,1],"tags":[],"class_list":["post-106509","post","type-post","status-publish","format-standard","hentry","category-filme","category-fotos","category-general"],"_links":{"self":[{"href":"https:\/\/www.vorspeisenplatte.de\/speisen\/wp-json\/wp\/v2\/posts\/106509","targetHints":{"allow":["GET"]}}],"collection":[{"href":"https:\/\/www.vorspeisenplatte.de\/speisen\/wp-json\/wp\/v2\/posts"}],"about":[{"href":"https:\/\/www.vorspeisenplatte.de\/speisen\/wp-json\/wp\/v2\/types\/post"}],"author":[{"embeddable":true,"href":"https:\/\/www.vorspeisenplatte.de\/speisen\/wp-json\/wp\/v2\/users\/2"}],"replies":[{"embeddable":true,"href":"https:\/\/www.vorspeisenplatte.de\/speisen\/wp-json\/wp\/v2\/comments?post=106509"}],"version-history":[{"count":3,"href":"https:\/\/www.vorspeisenplatte.de\/speisen\/wp-json\/wp\/v2\/posts\/106509\/revisions"}],"predecessor-version":[{"id":106559,"href":"https:\/\/www.vorspeisenplatte.de\/speisen\/wp-json\/wp\/v2\/posts\/106509\/revisions\/106559"}],"wp:attachment":[{"href":"https:\/\/www.vorspeisenplatte.de\/speisen\/wp-json\/wp\/v2\/media?parent=106509"}],"wp:term":[{"taxonomy":"category","embeddable":true,"href":"https:\/\/www.vorspeisenplatte.de\/speisen\/wp-json\/wp\/v2\/categories?post=106509"},{"taxonomy":"post_tag","embeddable":true,"href":"https:\/\/www.vorspeisenplatte.de\/speisen\/wp-json\/wp\/v2\/tags?post=106509"}],"curies":[{"name":"wp","href":"https:\/\/api.w.org\/{rel}","templated":true}]}}