{"id":106919,"date":"2025-03-21T06:30:03","date_gmt":"2025-03-21T05:30:03","guid":{"rendered":"https:\/\/www.vorspeisenplatte.de\/speisen\/?p=106919"},"modified":"2025-03-21T11:58:05","modified_gmt":"2025-03-21T10:58:05","slug":"journal-donnerstag-20-maerz-2025-wenig-ausser-sonne-und-offenem-mantel","status":"publish","type":"post","link":"https:\/\/www.vorspeisenplatte.de\/speisen\/2025\/03\/journal-donnerstag-20-maerz-2025-wenig-ausser-sonne-und-offenem-mantel.htm","title":{"rendered":"Journal Donnerstag, 20. M\u00e4rz 2025 &#8211; Wenig au\u00dfer Sonne und offenem Mantel"},"content":{"rendered":"<p>Trotz sp\u00e4tem Zu-Bett-Gehen recht munter aufgwacht, Zeit f\u00fcrs Verbloggen des Theaterbesuchs am Vorabend erzwungen (ich musste mir mal wieder als Mantra vorbeten, dass es echt, echt, echt nicht schlimm war, eine Viertelstunde sp\u00e4ter als sonst ins B\u00fcro zu kommen).<\/p>\n<p>Wie angek\u00fcndigt schien herrlichste Sonne vom wolkenlosen Himmel &#8211; unter anderem auf den deutlichen Bodenfrost im Bavariapark.<\/p>\n<p><a href=\"https:\/\/www.vorspeisenplatte.de\/speisen\/archiv\/250320_01_VillaWagner.jpg\"><img loading=\"lazy\" decoding=\"async\" src=\"https:\/\/www.vorspeisenplatte.de\/speisen\/archiv\/250320_01_VillaWagner.jpg\" alt=\"Morgensonne f\u00e4llt auf eine knospende Magnolie vor einer Villenwand, im Hintergrund knallblauer Himmel\" width=\"426\" height=\"585\" class=\"alignnone size-full wp-image-106932\" \/><\/a><\/p>\n<p>Magnolien-Check<\/p>\n<p>Im B\u00fcro war einiges wegzuarbeiten, doch nichts Schlimmes. Mittags ging ich raus zum Markt, weil ich Honig brauchte. Es gab sogar einen eigenen Honig-Stand (zuletzt hatte ich Honig am Metzgereistand bekommen), ich w\u00e4hlte Tannenhonig. Nun war es warm genug f\u00fcr offenen Mantel geworden.<\/p>\n<p><a href=\"https:\/\/www.vorspeisenplatte.de\/speisen\/archiv\/250320_04a_Strumpfhose.jpg\"><img loading=\"lazy\" decoding=\"async\" src=\"https:\/\/www.vorspeisenplatte.de\/speisen\/archiv\/250320_04a_Strumpfhose.jpg\" alt=\"Seitlich im Sitzen fotografierte Unterschenkel in wei\u00dfen Strumpfhosen mit gro\u00dfen schwarzen Punkten, an den F\u00fc\u00dfen schwarze Schuhe, am oberen Ende ein Streifen roter Rock \" width=\"381\" height=\"395\" class=\"alignnone size-full wp-image-106933\" \/><\/a><\/p>\n<p>Laune-St\u00fctze 1 des Tages: Strumpfhose mit Punkten.<\/p>\n<p>Sp\u00e4teres Mittagessen: Gelbe Kiwis, Quark mit Joghurt.<\/p>\n<p>Etwas durcheinanderer Arbeitsnachmittag, doch die Sonne w\u00e4rmte jetzt genug f\u00fcr l\u00e4nger gekipptes Fenster. Laune-St\u00fctze 2: Mein Plan, nach Feierabend einen Pulli genauer anzusehen, der mich beim Vorbeigehen in einem Schaufenster des Radspielhauses angelacht hatte.<\/p>\n<p>Eigentlich hatte ich mich dar\u00fcber gefreut, dass der Theaterabend Abwechslung in eine der vielen F\u00fcnf-Tage-Arbeitswochen vor Ostern bringen w\u00fcrde. Doch tats\u00e4chlich hatte er mich komplett wuschig gemacht (wahrscheinlich weil mein Geist derzeit eh nicht ganz zurechnungsf\u00e4hig ist): Ich kam st\u00e4ndig mit den Wochentagen durcheinander und damit, was gestern und was vorgestern geschehen war.<\/p>\n<p><a href=\"https:\/\/www.vorspeisenplatte.de\/speisen\/archiv\/250320_08_Buerohausblick.jpg\"><img loading=\"lazy\" decoding=\"async\" src=\"https:\/\/www.vorspeisenplatte.de\/speisen\/archiv\/250320_08_Buerohausblick.jpg\" alt=\"B\u00fcrotreppenhausfenster \u00fcber eine sonnige Stadtlandschaft unter blauem Himmel\" width=\"423\" height=\"564\" class=\"alignnone size-full wp-image-106934\" \/><\/a><\/p>\n<p>Nach Feierabend wundersch\u00f6ner Spaziergang in die Innenstadt durch milde Luft und durch Sonnenlicht, das Richtung Untergang immer goldener wurde.<\/p>\n<p>Beim Radspieler sah der Pulli nicht ganz so aus, wie ich ihn in Erinnerung hatte, aber immer noch sehr sch\u00f6n. Und er passte, ich kaufte ihn. (Nicht aber die ebenfalls wundersch\u00f6nen sonstigen Fr\u00fchlingskleidungsst\u00fccke, die ich beim Umschauen auch noch entdeckte. SO diszipliniert!)<\/p>\n<p>Abends musste ich mich selbst versorgen, Herr Kaltmamsell traf sich aush\u00e4usig. Nach einigem R\u00e4umen und einer Yoga-Einheit machte ich mir zum Abendessen ein gro\u00dfes (aufgetautes selbstgebackenes) Brot mit Avocado und Ernteanteil-Ruccola, a\u00df au\u00dferdem das letzte Schwarzrettich-Kimchi. Nachtisch Schokolade.<\/p>\n<p>\u00a7<\/p>\n<p>Alters-WG fand ich f\u00fcr mich nie attraktiv, weil: WG wird f\u00fcr mich in jeder Form Horror bleiben.<br \/>\nAber dann erz\u00e4hlte mein Vater von spanischen Freunden: In der N\u00e4he von Madrid zogen sie im Alter mit den Freunden, die sie seit Jahrzehnten vom Wohnmobilieren kannten, in dieselbe Anlage Betreutes Wohnen \/ Seniorenwohnen, alle mit eigenen Wohnungen dort. Eine gro\u00dfartige L\u00f6sung, finde ich: Altersgerechte Unterst\u00fctzung, ohne dass man sich auf lauter neue Leute einstellen muss &#8211; die man sich nicht mal aussuchen kann.<\/p>\n<p>\u00a7<\/p>\n<p>Jetzt ist es offiziell: Unsere<sup><a href=\"#footnote_1_106919\" id=\"identifier_1_106919\" class=\"footnote-link footnote-identifier-link\" title=\"&ldquo;Wir&rdquo; = Internetpeoples der ersten Stunde.\">1<\/a><\/sup> @misscaro wird Chefredakteurin der Badischen Zeitung! Ich bin schwer beeindruckt von Caro Buchheim und freue mich irre f\u00fcr sie.<br \/>\n<a href=\"https:\/\/www.badische-zeitung.de\/das-ist-die-kuenftige-chefredaktion-der-badischen-zeitung\" target=\"_blank\">&#8220;Das ist die k\u00fcnftige Chefredaktion der Badischen Zeitung&#8221;.<\/a> <img loading=\"lazy\" decoding=\"async\" src=\"https:\/\/vg05.met.vgwort.de\/na\/b67c156ef1124bf99c5fe172b9b05769\" width=\"1\" height=\"1\" alt=\"\"\/><\/p>\n<ol class=\"footnotes\"><li id=\"footnote_1_106919\" class=\"footnote\">&#8220;Wir&#8221; = Internetpeoples der ersten Stunde.<span class=\"footnote-back-link-wrapper\"> [<a href=\"#identifier_1_106919\" class=\"footnote-link footnote-back-link\">&#8617;<\/a>]<\/span><\/li><\/ol>","protected":false},"excerpt":{"rendered":"<p>Trotz sp\u00e4tem Zu-Bett-Gehen recht munter aufgwacht, Zeit f\u00fcrs Verbloggen des Theaterbesuchs am Vorabend erzwungen (ich musste mir mal wieder als Mantra vorbeten, dass es echt, echt, echt nicht schlimm war, eine Viertelstunde sp\u00e4ter als sonst ins B\u00fcro zu kommen). Wie angek\u00fcndigt schien herrlichste Sonne vom wolkenlosen Himmel &#8211; unter anderem auf den deutlichen Bodenfrost im [&hellip;]<\/p>\n","protected":false},"author":2,"featured_media":0,"comment_status":"open","ping_status":"closed","sticky":false,"template":"","format":"standard","meta":{"footnotes":""},"categories":[2,1],"tags":[],"class_list":["post-106919","post","type-post","status-publish","format-standard","hentry","category-fotos","category-general"],"_links":{"self":[{"href":"https:\/\/www.vorspeisenplatte.de\/speisen\/wp-json\/wp\/v2\/posts\/106919","targetHints":{"allow":["GET"]}}],"collection":[{"href":"https:\/\/www.vorspeisenplatte.de\/speisen\/wp-json\/wp\/v2\/posts"}],"about":[{"href":"https:\/\/www.vorspeisenplatte.de\/speisen\/wp-json\/wp\/v2\/types\/post"}],"author":[{"embeddable":true,"href":"https:\/\/www.vorspeisenplatte.de\/speisen\/wp-json\/wp\/v2\/users\/2"}],"replies":[{"embeddable":true,"href":"https:\/\/www.vorspeisenplatte.de\/speisen\/wp-json\/wp\/v2\/comments?post=106919"}],"version-history":[{"count":3,"href":"https:\/\/www.vorspeisenplatte.de\/speisen\/wp-json\/wp\/v2\/posts\/106919\/revisions"}],"predecessor-version":[{"id":106958,"href":"https:\/\/www.vorspeisenplatte.de\/speisen\/wp-json\/wp\/v2\/posts\/106919\/revisions\/106958"}],"wp:attachment":[{"href":"https:\/\/www.vorspeisenplatte.de\/speisen\/wp-json\/wp\/v2\/media?parent=106919"}],"wp:term":[{"taxonomy":"category","embeddable":true,"href":"https:\/\/www.vorspeisenplatte.de\/speisen\/wp-json\/wp\/v2\/categories?post=106919"},{"taxonomy":"post_tag","embeddable":true,"href":"https:\/\/www.vorspeisenplatte.de\/speisen\/wp-json\/wp\/v2\/tags?post=106919"}],"curies":[{"name":"wp","href":"https:\/\/api.w.org\/{rel}","templated":true}]}}