{"id":1070,"date":"2005-11-01T17:29:04","date_gmt":"2005-11-01T15:29:04","guid":{"rendered":"https:\/\/www.vorspeisenplatte.de\/speisen\/?p=1070"},"modified":"2005-11-01T17:30:12","modified_gmt":"2005-11-01T15:30:12","slug":"politische-metapher","status":"publish","type":"post","link":"https:\/\/www.vorspeisenplatte.de\/speisen\/2005\/11\/politische-metapher.htm","title":{"rendered":"Politische Metapher"},"content":{"rendered":"<p>Vor vielen, vielen Jahren, als ich noch ganz woanders wohnte,  musste ich zu einer Verabredung in M\u00fcnchen. Ich hatte keinen Stadtplan dabei und verirrte mich im geliehenen Auto. Da ich von M\u00fcnchen und seinen Bewohnern keine Ahnung hatte, hielt ich es f\u00fcr eine gute Idee, einen einheimischen Taxifahrer um Hilfe zu bitten. Der h\u00f6rte sich meine Frage nach Wegweisung zum Zielort an, seufzte und sagte:<br \/>\n&#8220;Mei, vo do dad i ned fahrn.*&#8221;<\/p>\n<p>*<i>&#8220;Oh je, von hier aus w\u00fcrde ich nicht fahren.&#8221;<\/i><\/p>\n","protected":false},"excerpt":{"rendered":"<p>Vor vielen, vielen Jahren, als ich noch ganz woanders wohnte, musste ich zu einer Verabredung in M\u00fcnchen. Ich hatte keinen Stadtplan dabei und verirrte mich im geliehenen Auto. Da ich von M\u00fcnchen und seinen Bewohnern keine Ahnung hatte, hielt ich es f\u00fcr eine gute Idee, einen einheimischen Taxifahrer um Hilfe zu bitten. Der h\u00f6rte sich [&hellip;]<\/p>\n","protected":false},"author":2,"featured_media":0,"comment_status":"open","ping_status":"closed","sticky":false,"template":"","format":"standard","meta":{"footnotes":""},"categories":[1],"tags":[],"class_list":["post-1070","post","type-post","status-publish","format-standard","hentry","category-general"],"_links":{"self":[{"href":"https:\/\/www.vorspeisenplatte.de\/speisen\/wp-json\/wp\/v2\/posts\/1070","targetHints":{"allow":["GET"]}}],"collection":[{"href":"https:\/\/www.vorspeisenplatte.de\/speisen\/wp-json\/wp\/v2\/posts"}],"about":[{"href":"https:\/\/www.vorspeisenplatte.de\/speisen\/wp-json\/wp\/v2\/types\/post"}],"author":[{"embeddable":true,"href":"https:\/\/www.vorspeisenplatte.de\/speisen\/wp-json\/wp\/v2\/users\/2"}],"replies":[{"embeddable":true,"href":"https:\/\/www.vorspeisenplatte.de\/speisen\/wp-json\/wp\/v2\/comments?post=1070"}],"version-history":[{"count":0,"href":"https:\/\/www.vorspeisenplatte.de\/speisen\/wp-json\/wp\/v2\/posts\/1070\/revisions"}],"wp:attachment":[{"href":"https:\/\/www.vorspeisenplatte.de\/speisen\/wp-json\/wp\/v2\/media?parent=1070"}],"wp:term":[{"taxonomy":"category","embeddable":true,"href":"https:\/\/www.vorspeisenplatte.de\/speisen\/wp-json\/wp\/v2\/categories?post=1070"},{"taxonomy":"post_tag","embeddable":true,"href":"https:\/\/www.vorspeisenplatte.de\/speisen\/wp-json\/wp\/v2\/tags?post=1070"}],"curies":[{"name":"wp","href":"https:\/\/api.w.org\/{rel}","templated":true}]}}