{"id":107250,"date":"2025-04-01T06:26:19","date_gmt":"2025-04-01T04:26:19","guid":{"rendered":"https:\/\/www.vorspeisenplatte.de\/speisen\/?p=107250"},"modified":"2025-04-01T14:57:47","modified_gmt":"2025-04-01T12:57:47","slug":"journal-montag-31-maerz-2025-mehr-uebers-hausbesetzen-in-utrecht","status":"publish","type":"post","link":"https:\/\/www.vorspeisenplatte.de\/speisen\/2025\/04\/journal-montag-31-maerz-2025-mehr-uebers-hausbesetzen-in-utrecht.htm","title":{"rendered":"Journal Montag, 31. M\u00e4rz 2025 &#8211; Mehr \u00fcbers Hausbesetzen in Utrecht"},"content":{"rendered":"<p>Eine weitere eher unruhige Nacht, zumindest waren die Arbeitsgedanken nur da, qu\u00e4lten mich aber nicht.<\/p>\n<p>Das Drau\u00dfen d\u00fcster und kalt, auf dem Weg in die Arbeit war ich froh um Handschuhe.<\/p>\n<p>Diesmal hoffte ich sogar, dass bestimmte Schnittstellen am Wochenende gearbeitet haben w\u00fcrden, um selbst voranzukommen &#8211; war nur zum Teil so. Doch eine L\u00f6sung meines derzeit akutesten Problems zeichnete sich ab.<\/p>\n<p>Regen, Hagel- und Graupelschauer. F\u00fcr meinen Mittagscappuccino ging ich nur r\u00fcber zu Nachbars. Doch als ich anschlie\u00dfend noch zu einem Briefkasten lief, riss der Himmel auf, ich marschierte doch noch eine Runde, genoss Luft und Bewegung.<\/p>\n<p>Sp\u00e4ter gab es zu Mittag selbstgebackenes Brot, H\u00fcttenk\u00e4se.<\/p>\n<p>Nachmittags wurde meine Arbeit vor\u00fcbergehend physischer &#8211; ein bisschen zu kurz nach dem Essen f\u00fcr M\u00fchelosigkeit.<\/p>\n<p>Zahlreiche Emsigkeiten bis zum Feierabend. Auf dem Heimweg \u00fcber Lebensmitteleink\u00e4ufe war es zapfig kalt.<\/p>\n<p>Daheim erstmal T\u00fcchtigkeiten: W\u00e4sche aufh\u00e4ngen, Blumen gie\u00dfen. Nach Yoga-Gymnastik in die K\u00fcche: Als Abendessen verwertete ich die (winzigen) Ernteanteil-Kartoffeln <a href=\"https:\/\/www.vorspeisenplatte.de\/rezepte\/annes-chicoreekartoffeln.htm\" target=\"_blank\">und servierte sie mit Chicoree in Currysahne<\/a>. Nachtisch Schokolade.<\/p>\n<p><a href=\"https:\/\/www.vorspeisenplatte.de\/speisen\/archiv\/buch_pfeiferspringweg.jpg\"><img loading=\"lazy\" decoding=\"async\" src=\"https:\/\/www.vorspeisenplatte.de\/speisen\/archiv\/buch_pfeiferspringweg.jpg\" alt=\"Buchtitel mit Foto eines unaufger\u00e4umtene Zimmers und der Beschriftung \"Springweg brennt Novelle Markus Pfeifer\"\" width=\"150\" height=\"230\" class=\"alignnone size-full wp-image-107227\" \/><\/a><\/p>\n<p>Im Bett las ich Markus Pfeifers Novelle <i>Springweg brennt<\/i> aus. Ich hatte nicht nur vor vielen Jahren die urspr\u00fcngliche Geschichte vom Hausbesetzen in seinem Blog gelesen &#8211; wie so oft und bis heute beim Bloglesen gefesselt und fasziniert vom Einblick aus erster Hand in mir v\u00f6llig fremde Welten (zu der erz\u00e4hlten Zeit, 1995, schloss ich gerade in Augsburg im allerbravsten Leben mein Studium der Englischen Literaturwissenschaft ab und tr\u00e4umte von einem akademischen Lebenslauf). Sondern ich hatte in den vergangenen Monaten \u00fcbers Lesen <a href=\"https:\/\/mequito.org\/\" target=\"_blank\">von Meks Blog<\/a> auch die Entstehung der Langversion mitverfolgt, zu der Mek seine freie Zeit zwischen zwei Jobs nutzte.<\/p>\n<p>Jetzt also mehr Hausbesetzen, mehr Utrecht <a href=\"https:\/\/www.vorspeisenplatte.de\/speisen\/2019\/06\/journal-donnerstag-27-juni-2019-verschiedene-seiten-von-utrecht.htm\" target=\"_blank\">(zu dem ich nach einem Besuch vor sechs Jahren Bilder im Kopf hatte)<\/a>, mit dem Abstand vieler Jahre, aber weiterhin liebevoll geschildert. Es geht um die damalige Stadtpolitik, die verschiedenen Menschen und unterschiedlichen Motivationen f\u00fcr ein Leben ein wenig, aber gar nicht so sehr neben der Mainstream-Gesellschaft. Und um die ganz konkreten Modalit\u00e4ten und Abl\u00e4ufe beim Hausbesetzen Mitte der 1990er in den Niederlanden. Das las ich alles sehr gerne &#8211; und da ich Meks Lebenslauf aus seinem Blog ein wenig kenne, las ich in meinem Kopf sogar einen ganzen Roman mit Nebenhandlungen mit, die aus seiner Herkunft aus einem ladinischen Tal in S\u00fcdtirol bestanden, vielleicht sogar in einer Gegenwartsebene seines jetzigen Lebens als Ehemann, Hundebesitzer, Computer-\/Webfachmann in Berlin.<\/p>\n<p>\u00a7<\/p>\n<p>Einfach so, weil ich kann und weil ich Kate McKinnon gro\u00dfartig finde: 5 Minuten <i>SNL<\/i>-Schnipsel mit ihr.<\/p>\n<div class=\"video-wrapped\" style=\"width: 500px; height: 281px; background-image: url('https:\/\/www.vorspeisenplatte.de\/speisen\/wp-content\/plugins\/video-embed-privacy\/preview\/eX8a-FhTDAk.jpg')\" data-embed-frame=\"&lt;iframe title=&quot;Kate McKinnon Breaking People on SNL for 5 Minutes Straight&quot; width=&quot;500&quot; height=&quot;281&quot; src=&quot;https:\/\/www.youtube.com\/embed\/eX8a-FhTDAk?feature=oembed&quot; frameborder=&quot;0&quot; allow=&quot;accelerometer; autoplay; clipboard-write; encrypted-media; gyroscope; picture-in-picture; web-share&quot; referrerpolicy=&quot;strict-origin-when-cross-origin&quot; allowfullscreen&gt;&lt;\/iframe&gt;\" data-embed-play=\"Abspielen&lt;div class=&quot;small&quot;&gt;Das Video wird von Youtube eingebettet abespielt. Es gilt die &lt;a href=&quot;https:\/\/www.google.com\/intl\/de\/policies\/privacy\/&quot; target=&quot;_blank&quot;&gt;Datenschutzerkl\u00e4rung von Google&lt;\/a&gt;&lt;\/div&gt;\">\n<div class=\"video-wrapped-nojs\">Aktivieren Sie JavaScript um das Video zu sehen.<br \/><a href=\"https:\/\/youtu.be\/eX8a-FhTDAk?si=D1M8jcvLENmn3mtl\">https:\/\/youtu.be\/eX8a-FhTDAk?si=D1M8jcvLENmn3mtl<\/a><\/div>\n<\/div>\n<p><img loading=\"lazy\" decoding=\"async\" src=\"https:\/\/vg05.met.vgwort.de\/na\/846fa069ccfd4b969e88c100a55191d6\" width=\"1\" height=\"1\" alt=\"\"\/><\/p>\n","protected":false},"excerpt":{"rendered":"<p>Eine weitere eher unruhige Nacht, zumindest waren die Arbeitsgedanken nur da, qu\u00e4lten mich aber nicht. Das Drau\u00dfen d\u00fcster und kalt, auf dem Weg in die Arbeit war ich froh um Handschuhe. Diesmal hoffte ich sogar, dass bestimmte Schnittstellen am Wochenende gearbeitet haben w\u00fcrden, um selbst voranzukommen &#8211; war nur zum Teil so. Doch eine L\u00f6sung [&hellip;]<\/p>\n","protected":false},"author":2,"featured_media":0,"comment_status":"open","ping_status":"closed","sticky":false,"template":"","format":"standard","meta":{"footnotes":""},"categories":[3,6,1],"tags":[],"class_list":["post-107250","post","type-post","status-publish","format-standard","hentry","category-bucher","category-essen","category-general"],"_links":{"self":[{"href":"https:\/\/www.vorspeisenplatte.de\/speisen\/wp-json\/wp\/v2\/posts\/107250","targetHints":{"allow":["GET"]}}],"collection":[{"href":"https:\/\/www.vorspeisenplatte.de\/speisen\/wp-json\/wp\/v2\/posts"}],"about":[{"href":"https:\/\/www.vorspeisenplatte.de\/speisen\/wp-json\/wp\/v2\/types\/post"}],"author":[{"embeddable":true,"href":"https:\/\/www.vorspeisenplatte.de\/speisen\/wp-json\/wp\/v2\/users\/2"}],"replies":[{"embeddable":true,"href":"https:\/\/www.vorspeisenplatte.de\/speisen\/wp-json\/wp\/v2\/comments?post=107250"}],"version-history":[{"count":3,"href":"https:\/\/www.vorspeisenplatte.de\/speisen\/wp-json\/wp\/v2\/posts\/107250\/revisions"}],"predecessor-version":[{"id":107306,"href":"https:\/\/www.vorspeisenplatte.de\/speisen\/wp-json\/wp\/v2\/posts\/107250\/revisions\/107306"}],"wp:attachment":[{"href":"https:\/\/www.vorspeisenplatte.de\/speisen\/wp-json\/wp\/v2\/media?parent=107250"}],"wp:term":[{"taxonomy":"category","embeddable":true,"href":"https:\/\/www.vorspeisenplatte.de\/speisen\/wp-json\/wp\/v2\/categories?post=107250"},{"taxonomy":"post_tag","embeddable":true,"href":"https:\/\/www.vorspeisenplatte.de\/speisen\/wp-json\/wp\/v2\/tags?post=107250"}],"curies":[{"name":"wp","href":"https:\/\/api.w.org\/{rel}","templated":true}]}}