{"id":107299,"date":"2025-04-02T06:21:15","date_gmt":"2025-04-02T04:21:15","guid":{"rendered":"https:\/\/www.vorspeisenplatte.de\/speisen\/?p=107299"},"modified":"2025-04-02T10:35:41","modified_gmt":"2025-04-02T08:35:41","slug":"journal-dienstag-1-april-2025-negronis-und-pizza","status":"publish","type":"post","link":"https:\/\/www.vorspeisenplatte.de\/speisen\/2025\/04\/journal-dienstag-1-april-2025-negronis-und-pizza.htm","title":{"rendered":"Journal Dienstag, 1. April 2025 &#8211; Negronis und Pizza"},"content":{"rendered":"<p>Einmal die Nacht aufzuwachen, z.B. f\u00fcr Klogang, ist v\u00f6llig ok. In den vergangenen Monaten wurden regelm\u00e4\u00dfig zweimal daraus, immer noch keine echte St\u00f6rung. Aber bei dreimal, wie das langsam \u00fcblich wird, habe ich nicht mehr das Gef\u00fchl, wirklich gut geschlafen zu haben.<\/p>\n<p>Entsprechend m\u00fcde war ich beim Wecken. Das Drau\u00dfen wieder d\u00fcster und kalt, auf dem Weg in die Arbeit ein paar Regentropfen.<\/p>\n<p><a href=\"https:\/\/www.vorspeisenplatte.de\/speisen\/archiv\/250401_01_VillaWagner.jpg\"><img loading=\"lazy\" decoding=\"async\" src=\"https:\/\/www.vorspeisenplatte.de\/speisen\/archiv\/250401_01_VillaWagner.jpg\" alt=\"Eine erbl\u00fchende Magnolie in d\u00fcsterem Licht, links davon die Wand einer hellen Villa, im Hintergrund ein modernes B\u00fcrogeb\u00e4ude, rechts eine ergr\u00fcnende Trauerweide\" width=\"645\" height=\"484\" class=\"alignnone size-full wp-image-107314\" srcset=\"https:\/\/www.vorspeisenplatte.de\/speisen\/archiv\/250401_01_VillaWagner.jpg 645w, https:\/\/www.vorspeisenplatte.de\/speisen\/archiv\/250401_01_VillaWagner-600x450.jpg 600w\" sizes=\"auto, (max-width: 645px) 100vw, 645px\" \/><\/a><\/p>\n<p>F\u00fcrs B\u00fcro war ich gestern etwas zu warm angezogen &#8211; was ich nicht vorhersehen konnte: Im Schnitt zweimal im Monat bin ich nicht autark, was die Raumtemperatur angeht, wann wei\u00df ich allerdings vorher nicht.<\/p>\n<p>Das Wetter schaltete nochmal auf richtig greislich, zu meinem Mittagscappuccino jenseits des Heimeranplatzes nahm ich einen Schirm mit &#8211; und ben\u00f6tigte ihn auf halbem Weg.<\/p>\n<p><a href=\"https:\/\/www.vorspeisenplatte.de\/speisen\/archiv\/250401_06_MiRa.jpg\"><img loading=\"lazy\" decoding=\"async\" src=\"https:\/\/www.vorspeisenplatte.de\/speisen\/archiv\/250401_06_MiRa.jpg\" alt=\"Blick von innen auf ein bemaltes Schaufenster, unten auf der Fensterbank eine Tasse Cappuccino\" width=\"325\" height=\"400\" class=\"alignnone size-full wp-image-107315\" \/><\/a><\/p>\n<p>Aber guter Cappuccino an Kunst.<\/p>\n<p>Zur\u00fcck im B\u00fcro wieder ein recht k\u00f6rperlicher Job, viel Hebens und Schleppens &#8211; diesmal dachte ich aber daran, den Magen daf\u00fcr leer zu lassen. Erst danach Mittagessen: Selbstgebackenes Brot (auch an Tag 4 nach Backen noch saftig), vorgeschnittene Orangen &#8211; Montag war die letzte Kiste Crowdfarming-Orangen der Saison eingetroffen, diesmal mit kleinen Fr\u00fcchten, darin viele Kerne, Geschmack nicht sehr s\u00fc\u00df.<\/p>\n<p>Nicht zu sp\u00e4ter Feierabend, ich war zum Ausw\u00e4rts-Abendessen mit Herrn Kaltmamsell verabredet. Kurze Drogerie-Eink\u00e4ufe, daheim Brotzeitvorbereitung (nochmal Karottensalat).<\/p>\n<p>Das Ausw\u00e4rts war eine Pizza &#8211; in einer Pizzeria-Empfehlung von ausw\u00e4rtigem Besuch: Pizza Studio bei der M\u00fcnchner Freiheit.<\/p>\n<p>Die Weine, auf die das Lokal so stolz ist, gab es nur flaschenweise (die glasweisen auf der Karte lediglich generisch bezeichnet), also bestellten wir von der Negroni-Karte beide Kirsch-Negronis.<\/p>\n<p><a href=\"https:\/\/www.vorspeisenplatte.de\/speisen\/archiv\/250401_14_PizzaStudio.jpg\"><img loading=\"lazy\" decoding=\"async\" src=\"https:\/\/www.vorspeisenplatte.de\/speisen\/archiv\/250401_14_PizzaStudio.jpg\" alt=\"Auf einem Tisch zwei Teller mit runden Pizzen, daneben Wassergl\u00e4ser, eine kleine Sch\u00fcssel Salat\" width=\"363\" height=\"454\" class=\"alignnone size-full wp-image-107316\" \/><\/a><\/p>\n<p>Gute Pizza (ich hatte eine Capricciosa), bessere Negronis.<\/p>\n<p>Wir erz\u00e4hlten einander: Herr Kaltmamsell mir gestrige Unterrichtserlebnisse, ich berichtete, womit mein Hirn sich absurderweise letzthin besch\u00e4ftigt, au\u00dferdem gestand ich meinen Osterwunsch &#8211; ein riesiges Schokoladenei von Venchi.<\/p>\n<p>Als wir heimkamen, h\u00f6rten wir Stimmen in der Wohnung: Der Fernseher war an. Wir waren sehr sicher, dass er beim Verlassen der Wohnung ausgeschaltet war, schlie\u00dflich hatte niemand ferngesehen, und wunderten uns.<\/p>\n<p>Im Bett begann ich die n\u00e4chste Lekt\u00fcre: Von der bislang gesch\u00e4tzten Sigrid Nunez <i>The last of her kind<\/i>, der Roman nahm mich mit in ein US-Frauen-College der 1960er.<\/p>\n<p>\u00a7<\/p>\n<p>Sch\u00f6ne Dinge: <a href=\"https:\/\/streetartutopia.com\/2025\/04\/01\/ememem-repairing-streets-with-artful-mosaics\/\" target=\"_blank\">Stra\u00dfenl\u00f6cher mit Mosaik gef\u00fcllt.<\/a> <img loading=\"lazy\" decoding=\"async\" src=\"https:\/\/vg05.met.vgwort.de\/na\/815f6503a42345fe9b8905b7b2b252a7\" width=\"1\" height=\"1\" alt=\"\"\/><\/p>\n","protected":false},"excerpt":{"rendered":"<p>Einmal die Nacht aufzuwachen, z.B. f\u00fcr Klogang, ist v\u00f6llig ok. In den vergangenen Monaten wurden regelm\u00e4\u00dfig zweimal daraus, immer noch keine echte St\u00f6rung. Aber bei dreimal, wie das langsam \u00fcblich wird, habe ich nicht mehr das Gef\u00fchl, wirklich gut geschlafen zu haben. Entsprechend m\u00fcde war ich beim Wecken. Das Drau\u00dfen wieder d\u00fcster und kalt, auf [&hellip;]<\/p>\n","protected":false},"author":2,"featured_media":0,"comment_status":"open","ping_status":"closed","sticky":false,"template":"","format":"standard","meta":{"footnotes":""},"categories":[3,6,1],"tags":[],"class_list":["post-107299","post","type-post","status-publish","format-standard","hentry","category-bucher","category-essen","category-general"],"_links":{"self":[{"href":"https:\/\/www.vorspeisenplatte.de\/speisen\/wp-json\/wp\/v2\/posts\/107299","targetHints":{"allow":["GET"]}}],"collection":[{"href":"https:\/\/www.vorspeisenplatte.de\/speisen\/wp-json\/wp\/v2\/posts"}],"about":[{"href":"https:\/\/www.vorspeisenplatte.de\/speisen\/wp-json\/wp\/v2\/types\/post"}],"author":[{"embeddable":true,"href":"https:\/\/www.vorspeisenplatte.de\/speisen\/wp-json\/wp\/v2\/users\/2"}],"replies":[{"embeddable":true,"href":"https:\/\/www.vorspeisenplatte.de\/speisen\/wp-json\/wp\/v2\/comments?post=107299"}],"version-history":[{"count":3,"href":"https:\/\/www.vorspeisenplatte.de\/speisen\/wp-json\/wp\/v2\/posts\/107299\/revisions"}],"predecessor-version":[{"id":107332,"href":"https:\/\/www.vorspeisenplatte.de\/speisen\/wp-json\/wp\/v2\/posts\/107299\/revisions\/107332"}],"wp:attachment":[{"href":"https:\/\/www.vorspeisenplatte.de\/speisen\/wp-json\/wp\/v2\/media?parent=107299"}],"wp:term":[{"taxonomy":"category","embeddable":true,"href":"https:\/\/www.vorspeisenplatte.de\/speisen\/wp-json\/wp\/v2\/categories?post=107299"},{"taxonomy":"post_tag","embeddable":true,"href":"https:\/\/www.vorspeisenplatte.de\/speisen\/wp-json\/wp\/v2\/tags?post=107299"}],"curies":[{"name":"wp","href":"https:\/\/api.w.org\/{rel}","templated":true}]}}