{"id":107490,"date":"2025-04-09T06:19:16","date_gmt":"2025-04-09T04:19:16","guid":{"rendered":"https:\/\/www.vorspeisenplatte.de\/speisen\/?p=107490"},"modified":"2025-04-09T06:19:16","modified_gmt":"2025-04-09T04:19:16","slug":"journal-dienstag-8-april-2025-wenig-zu-bieten-ausser-sonne-und-gesundheitsgewackel","status":"publish","type":"post","link":"https:\/\/www.vorspeisenplatte.de\/speisen\/2025\/04\/journal-dienstag-8-april-2025-wenig-zu-bieten-ausser-sonne-und-gesundheitsgewackel.htm","title":{"rendered":"Journal Dienstag, 8. April 2025 &#8211; Wenig zu bieten au\u00dfer Sonne und Gesundheitsgewackel"},"content":{"rendered":"<p>Gute Nacht, aber wieder Phantom-Weckerklingeln um 5:21 Uhr (es war weder eine Nachricht oder Meldung eingetroffen). Beim echten Weckerklingeln w\u00e4re ich sehr gerne liegengeblieben. Ungew\u00f6hnlicherweise stand ich auch nicht sofort auf, sondern guckte erstmal nur &#8211; bis Herr Kaltmamsell nach einigen Minuten besorgt an meine Zimmert\u00fcr klopfte.<\/p>\n<p>Strahlend sonniger Morgen, wieder zapfig kalt, ich war auf dem Arbeitsweg froh um meine Handschuhe.<\/p>\n<p>M\u00fcdigkeitseinbruch w\u00e4hrend einer gro\u00dfen Online-Besprechung (meine Rolle war nur Zuh\u00f6ren). Eigentlich ist ja meine Regel: Wenn ich ernsthaft in Erw\u00e4gung ziehe, mich ein wenig untern Schreibtisch auf den Boden Schlafen zu legen, melde ich mich krank. Ich suchte schonmal nach der Spielanleitung f\u00fcr &#8220;Krank aus Dienst&#8221;, denn eine Krankmeldung, wenn man den Arbeitstag bereits begonnen hat, ist hochkomplex.<\/p>\n<p>In diesem Fall holte mich ein Treppenlauf nach der Besprechung erstmal aus dem Tief, ich kam um diese Komplexit\u00e4t herum.<\/p>\n<p>Gleich bei Start der \u00d6ffnungszeit holte ich mir telefonisch einen Friseurtermin: Eigentlich war Herr Haarschneider f\u00fcr Termine nach Arbeitszeiten bis nach Ostern ausgebucht &#8211; unangenehme Aussichten bei meinem derzeitigen Verwucherungsgef\u00fchl. Doch er schob mich zum Gl\u00fcck am Samstagmorgen ein.<\/p>\n<p>Au\u00dferdem festgemacht: Eine Wander-Verabredung mit Herrn Kaltmamsell f\u00fcr Samstag (das Wetter soll sch\u00f6n werden).<\/p>\n<p>Mittagscappuccino im Westend, der Marsch durch Sonne und K\u00e4lte war angenehm. Sp\u00e4ter gab es als Mittagessen Waldorfsalat aus Ernteanteil-Sellerie (hatte Herr Kaltmamsell am Montag zubereitet) und einen Kanten Brot.<\/p>\n<p>Das gesundheitliche Gewackel blieb \u00fcber den Nachmittag so, immer wieder f\u00fchlte ich mich schwach, aber zumindest wollte ich mich nicht mehr unter den Schreibtisch legen.<\/p>\n<p>Nach Feierabend war es milder geworden, jetzt w\u00e4rmte die Sonne richtig. Eink\u00e4ufe beim Lidl, unter anderem f\u00fcr eine arbeitliche Mitbringsache am Mittwoch die beliebten und ungemein praktischen Mini-Windbeutel aus der Gefriertruhe.<\/p>\n<p>Daheim Yoga-Gymnastik im sonnendurchfluteten Wohnzimmer, in die eine Richtung musste ich halt immer die Augen schlie\u00dfen, um nicht geblendet zu werden. Da die am Samstag attackierte Wade immer noch bei Bewegung deutlich schmerzte, hatte ich davor die Massagerolle angwendet: Zu meiner \u00dcberraschung f\u00fchlte sie sich an beiden Beinen gleich an; mit was auch immer die Rolle massiert, scheint diese Verh\u00e4rtung nichts zu tun zu haben.<\/p>\n<p>Als Nachtmahl bekam ich von Herrn Kaltmamsell Linsen (YAY!), und zwar auf Wunsch mit Sp\u00e4tzle (er hatte sich sogar dazu herabgelassen, sie fertig zu kaufen):<\/p>\n<p><a href=\"https:\/\/www.vorspeisenplatte.de\/speisen\/archiv\/250408_09_Nachtmahl.jpg\"><img loading=\"lazy\" decoding=\"async\" src=\"https:\/\/www.vorspeisenplatte.de\/speisen\/archiv\/250408_09_Nachtmahl.jpg\" alt=\"Aufsicht auf einen wei\u00dfen tiefen Teller, zu zwei Dritteln mit gekochten Linsen gef\u00fcllt, zu einem Drittel mit Sp\u00e4tzle, rechts daneben ein L\u00f6ffel\" width=\"444\" height=\"333\" class=\"alignnone size-full wp-image-107498\" \/><\/a><\/p>\n<p>Ein Tag, der mit Linsen mit Sp\u00e4tzle endet (neben Grie So\u00df das exotischste Lieblingsgericht aus deutscher K\u00fcche, das ich erst als Erwachsene kennenlernte), kann kein schlechter Tag gewesen sein.<\/p>\n<p>Gestern dachte ich in der D\u00e4mmerung kurz vor ganz dunkel daran, auf den Balkon zu gehen und nach oben zu schauen. Schon nach wenigen Minuten: Meine erste Fledermaus der Saison! <img loading=\"lazy\" decoding=\"async\" src=\"https:\/\/vg05.met.vgwort.de\/na\/72b21c558dac4af6962bfabaa8a68fee\" width=\"1\" height=\"1\" alt=\"\"\/><\/p>\n","protected":false},"excerpt":{"rendered":"<p>Gute Nacht, aber wieder Phantom-Weckerklingeln um 5:21 Uhr (es war weder eine Nachricht oder Meldung eingetroffen). Beim echten Weckerklingeln w\u00e4re ich sehr gerne liegengeblieben. Ungew\u00f6hnlicherweise stand ich auch nicht sofort auf, sondern guckte erstmal nur &#8211; bis Herr Kaltmamsell nach einigen Minuten besorgt an meine Zimmert\u00fcr klopfte. Strahlend sonniger Morgen, wieder zapfig kalt, ich war [&hellip;]<\/p>\n","protected":false},"author":2,"featured_media":0,"comment_status":"open","ping_status":"closed","sticky":false,"template":"","format":"standard","meta":{"footnotes":""},"categories":[6,1],"tags":[],"class_list":["post-107490","post","type-post","status-publish","format-standard","hentry","category-essen","category-general"],"_links":{"self":[{"href":"https:\/\/www.vorspeisenplatte.de\/speisen\/wp-json\/wp\/v2\/posts\/107490","targetHints":{"allow":["GET"]}}],"collection":[{"href":"https:\/\/www.vorspeisenplatte.de\/speisen\/wp-json\/wp\/v2\/posts"}],"about":[{"href":"https:\/\/www.vorspeisenplatte.de\/speisen\/wp-json\/wp\/v2\/types\/post"}],"author":[{"embeddable":true,"href":"https:\/\/www.vorspeisenplatte.de\/speisen\/wp-json\/wp\/v2\/users\/2"}],"replies":[{"embeddable":true,"href":"https:\/\/www.vorspeisenplatte.de\/speisen\/wp-json\/wp\/v2\/comments?post=107490"}],"version-history":[{"count":3,"href":"https:\/\/www.vorspeisenplatte.de\/speisen\/wp-json\/wp\/v2\/posts\/107490\/revisions"}],"predecessor-version":[{"id":107503,"href":"https:\/\/www.vorspeisenplatte.de\/speisen\/wp-json\/wp\/v2\/posts\/107490\/revisions\/107503"}],"wp:attachment":[{"href":"https:\/\/www.vorspeisenplatte.de\/speisen\/wp-json\/wp\/v2\/media?parent=107490"}],"wp:term":[{"taxonomy":"category","embeddable":true,"href":"https:\/\/www.vorspeisenplatte.de\/speisen\/wp-json\/wp\/v2\/categories?post=107490"},{"taxonomy":"post_tag","embeddable":true,"href":"https:\/\/www.vorspeisenplatte.de\/speisen\/wp-json\/wp\/v2\/tags?post=107490"}],"curies":[{"name":"wp","href":"https:\/\/api.w.org\/{rel}","templated":true}]}}