{"id":1076,"date":"2005-11-06T16:38:19","date_gmt":"2005-11-06T14:38:19","guid":{"rendered":"https:\/\/www.vorspeisenplatte.de\/speisen\/?p=1076"},"modified":"2007-03-11T12:24:08","modified_gmt":"2007-03-11T11:24:08","slug":"ein-blick-in-meine-kuche","status":"publish","type":"post","link":"https:\/\/www.vorspeisenplatte.de\/speisen\/2005\/11\/ein-blick-in-meine-kuche.htm","title":{"rendered":"Ein Blick in meine K\u00fcche"},"content":{"rendered":"<p>Schon vor Wochen hatte mich <a href=\"http:\/\/zorra.twoday.net\/stories\/1063313\/\" target=_new>die Schweizer F\u00fcchsin aus Andalusien<\/a> darum gebeten. Gestern hatte der Mitbewohner zu einem Fest geladen; kurz vor dem Eintreffen der G\u00e4ste war die K\u00fcche endlich mal in einem repr\u00e4sentablen Zustand.<\/p>\n<p><strong>1. Meine K\u00fcche<\/strong><\/p>\n<p><img src='https:\/\/www.vorspeisenplatte.de\/speisen\/archiv\/Kueche_1.jpg' alt='' \/><\/p>\n<p>Vom Flur aus gesehen, hinten liegt das Esszimmer (ein teilverglaster Balkon).<\/p>\n<p><img src='https:\/\/www.vorspeisenplatte.de\/speisen\/archiv\/Kueche_2.jpg' alt='' \/><\/p>\n<p>Vom Esszimmer aus gesehen. Wir nennen diesen riesigen, schweren massiven Eichenschrank, den der Mitbewohner aus dem Keller seiner Eltern rettete, &#8220;das Monster&#8221;. Stammt vermutlich aus den 20ern, geh\u00f6rte Mitbewohners Gro\u00dfeltern.<\/p>\n<p>Ich habe eine Schlauchk\u00fcche ohne Au\u00dfenfenster, die bei meinem Einzug bereits mit Einbau versehen war. Deshalb unterscheidet sie sich deutlich von allen meinen bisherigen K\u00fcchen: Ich mag keine geschlossenen H\u00e4ngeschr\u00e4nke und h\u00e4tte auch sonst einiges anders eingerichtet. Aber die M\u00f6bel sind pfenniggut, warum also wegwerfen? Typisch ist allerdings das Monster: Ich h\u00e4nge an M\u00f6beln mit Geschichte, selbst wenn sie m\u00f6glicherweise unpraktisch sind.<\/p>\n<p><strong>2. \u00d6ffne einen Schrank<\/strong><\/p>\n<p><img src='https:\/\/www.vorspeisenplatte.de\/speisen\/archiv\/Kueche_3.jpg' alt='' \/><\/p>\n<p>Nicht nur habe ich ungewollt H\u00e4ngeschr\u00e4nke &#8211; das Vormieterpaar, das die K\u00fcche einbaute, war einen guten Kopf gr\u00f6\u00dfer als ich und der Mitbewohner. So freuen wir uns zwar \u00fcber eine ergonomisch hohe Arbeitsfl\u00e4che, k\u00f6nnen aber nur die untersten beiden F\u00e4cher der K\u00fcchenschr\u00e4nke wirklich nutzen. Ab dem dritten Fach brauchen wir die Leiter. Deshalb stehen da oben die selten ben\u00f6tigten Dinge.<\/p>\n<p><strong>3. Elektrowerkzeug in der K\u00fcche<\/strong><\/p>\n<p><img src='https:\/\/www.vorspeisenplatte.de\/speisen\/archiv\/Kueche_4.jpg' alt='' \/><\/p>\n<p>Ich liebe gutes Werkzeug &#8211; in der K\u00fcche am meisten mechanisches. Nicht missen m\u00f6chte ich aber diese beiden Herrschaften: Elektrisches R\u00fchrger\u00e4t (die erste K\u00fcchenanschaffung, als ich mit 19 eine eigene Wohnung bezog) und Zerst\u00f6rer.<\/p>\n<p><strong>4. Lieblingszutaten, die immer vorr\u00e4tig sind.<\/strong><\/p>\n<p><img src='https:\/\/www.vorspeisenplatte.de\/speisen\/archiv\/Kueche_5.jpg' alt='' \/><\/p>\n<p>Sehr schwer zu sagen, am ehesten noch reichlich Gew\u00fcrze.<\/p>\n<p><strong>5. Mein kleiner Freund aus Stahl.<\/strong><\/p>\n<p><img src='https:\/\/www.vorspeisenplatte.de\/speisen\/archiv\/Kueche_6.jpg' alt='' \/><\/p>\n<p>Keine Frage: Das neue Salatbesteck von Georg Jensen, das ich mir zum Geburtstag habe schenken lassen. Nicht nur wundersch\u00f6n, sondern auch ungeheuer praktisch: Mit den schmalen Schaufeln kann ich auch noch so volle Sch\u00fcsseln mischen, und zum Abschmecken verwende ich es wie normales Besteck.<\/p>\n","protected":false},"excerpt":{"rendered":"<p>Schon vor Wochen hatte mich die Schweizer F\u00fcchsin aus Andalusien darum gebeten. Gestern hatte der Mitbewohner zu einem Fest geladen; kurz vor dem Eintreffen der G\u00e4ste war die K\u00fcche endlich mal in einem repr\u00e4sentablen Zustand. 1. Meine K\u00fcche Vom Flur aus gesehen, hinten liegt das Esszimmer (ein teilverglaster Balkon). Vom Esszimmer aus gesehen. Wir nennen [&hellip;]<\/p>\n","protected":false},"author":2,"featured_media":0,"comment_status":"open","ping_status":"closed","sticky":false,"template":"","format":"standard","meta":{"footnotes":""},"categories":[6,2,1],"tags":[],"class_list":["post-1076","post","type-post","status-publish","format-standard","hentry","category-essen","category-fotos","category-general"],"_links":{"self":[{"href":"https:\/\/www.vorspeisenplatte.de\/speisen\/wp-json\/wp\/v2\/posts\/1076","targetHints":{"allow":["GET"]}}],"collection":[{"href":"https:\/\/www.vorspeisenplatte.de\/speisen\/wp-json\/wp\/v2\/posts"}],"about":[{"href":"https:\/\/www.vorspeisenplatte.de\/speisen\/wp-json\/wp\/v2\/types\/post"}],"author":[{"embeddable":true,"href":"https:\/\/www.vorspeisenplatte.de\/speisen\/wp-json\/wp\/v2\/users\/2"}],"replies":[{"embeddable":true,"href":"https:\/\/www.vorspeisenplatte.de\/speisen\/wp-json\/wp\/v2\/comments?post=1076"}],"version-history":[{"count":0,"href":"https:\/\/www.vorspeisenplatte.de\/speisen\/wp-json\/wp\/v2\/posts\/1076\/revisions"}],"wp:attachment":[{"href":"https:\/\/www.vorspeisenplatte.de\/speisen\/wp-json\/wp\/v2\/media?parent=1076"}],"wp:term":[{"taxonomy":"category","embeddable":true,"href":"https:\/\/www.vorspeisenplatte.de\/speisen\/wp-json\/wp\/v2\/categories?post=1076"},{"taxonomy":"post_tag","embeddable":true,"href":"https:\/\/www.vorspeisenplatte.de\/speisen\/wp-json\/wp\/v2\/tags?post=1076"}],"curies":[{"name":"wp","href":"https:\/\/api.w.org\/{rel}","templated":true}]}}