{"id":107829,"date":"2025-04-22T06:31:51","date_gmt":"2025-04-22T04:31:51","guid":{"rendered":"https:\/\/www.vorspeisenplatte.de\/speisen\/?p=107829"},"modified":"2025-04-22T06:31:51","modified_gmt":"2025-04-22T04:31:51","slug":"journal-ostermontag-21-april-2025-familienosterfruehstueck","status":"publish","type":"post","link":"https:\/\/www.vorspeisenplatte.de\/speisen\/2025\/04\/journal-ostermontag-21-april-2025-familienosterfruehstueck.htm","title":{"rendered":"Journal Ostermontag, 21. April 2025 &#8211; Familienosterfr\u00fchst\u00fcck"},"content":{"rendered":"<p>Vom Wecker (weil Pl\u00e4ne) in die Verwirrung geschubst worden, der eigentlich gute Schlaf hatte unangenehme Tr\u00e4ume mitgebracht, au\u00dferdem hatte immer wieder das Fu\u00dfgelenk unter der rebellischen Wade geschmerzt (?).<\/p>\n<p>Bepackt machten wir uns auf den Weg zum Bahnhof, bestiegen einen Zug nach Ingolstadt zu meinen Eltern: Familienostern mit erweiterter Bruderfamilie und den lieben Schwiegers.<\/p>\n<p>Unterwegs erreichte mich die Nachricht vom Tod des katholischen Religionsf\u00fchrers, Papst Franziskus. Erinnerung an mein 6. Schuljahr, in dem wir im katholischen Religionsunterricht das Papsttum durchnahmen, dazu geh\u00f6rte auch das Lernen der Daten zum aktuell amtierenden Papst: 1978 war das Papst Paul VI. Zun\u00e4chst. Denn der starb Anfang August. Im neuen Schuljahr gab&#8217;s unter demselben Religionslehrer einen neuen Papst, Johannes Paul I. Auch dessen Lebenslauf mussten wir lernen. Doch ausgerechnet 1978 wurde das Drei-P\u00e4pste-Jahr: Johannes Paul I. starb nach 33 Tagen im Amt, sein Nachfolger wurde im Oktober 1978 der Pole Karol Wojty\u0142a als Papst Johannes Paul II. &#8211; schon wieder mussten wir Lebensdaten lernen. Damals war ich ja noch gl\u00e4ubig, aber als Sch\u00fclerin f\u00fchlte ich mich ein wenig angepisst.<\/p>\n<p>Bei meinen Eltern gro\u00dfe Ostertafel:<\/p>\n<p><a href=\"https:\/\/www.vorspeisenplatte.de\/speisen\/archiv\/250421_02_Ostertafel.jpg\"><img loading=\"lazy\" decoding=\"async\" class=\"alignnone size-full wp-image-107837\" src=\"https:\/\/www.vorspeisenplatte.de\/speisen\/archiv\/250421_02_Ostertafel.jpg\" alt=\"Blick auf eine f\u00fcr 12 Personen festlich gedeckte Tafel mit Platten Wurst und K\u00e4se\" width=\"393\" height=\"524\" \/><\/a><\/p>\n<p>Zum Festmahl geh\u00f6rten auch eine vegane Option und selbst mitgebrachte Sonder-Lebensmittel, hier die traditionell \u00f6sterliche Schnittmenge aller Ess-Ideologien:<\/p>\n<p><a href=\"https:\/\/www.vorspeisenplatte.de\/speisen\/archiv\/250421_12_Osterfruehstueck.jpg\"><img loading=\"lazy\" decoding=\"async\" class=\"alignnone size-full wp-image-107838\" src=\"https:\/\/www.vorspeisenplatte.de\/speisen\/archiv\/250421_12_Osterfruehstueck.jpg\" alt=\"Aufsicht auf den Ausschnitt eines gedeckten Tischs, eine Sch\u00fcssel mit weinrotem Mus, ein offenes Glas mit Meerrettich\" width=\"332\" height=\"397\" \/><\/a><\/p>\n<p>P\u00fcrierte rote Beete, geriebener Meerrettich (dank an den Bruder f\u00fcr die tr\u00e4nenreiche Arbeit!). Nach einem Glas Begr\u00fc\u00dfungssekt zum Ansto\u00dfen bediente ich mich an Stadtwurst, Osterschinken, Zungenwurst, Schweinsk\u00e4s, gekochten Eiern (von Wachtel und Huhn), a\u00df dazu Brot und Osterzopf &#8211; alles ganz besonders gut.<\/p>\n<p>Ausf\u00fchrliches Schmausen, ausf\u00fchrliche Gespr\u00e4che mit ausgesprochen sympathischen Menschen. Eine der vielen spannenden Neuigkeiten: Wir werden vorausichtlich bald jemanden in der Familie haben, der im Deutschen Bundestag arbeitet. <\/p>\n<p>Ein kleines Gr\u00fcppchen gab dem Bed\u00fcrfnis nach Drau\u00dfen und Bewegung nach, es war sonnig und warm geworden (Schmerzenswade deutlich besser).<\/p>\n<p><a href=\"https:\/\/www.vorspeisenplatte.de\/speisen\/archiv\/250421_15_Osterspaziergang.jpg\"><img loading=\"lazy\" decoding=\"async\" src=\"https:\/\/www.vorspeisenplatte.de\/speisen\/archiv\/250421_15_Osterspaziergang.jpg\" alt=\"Bahngleise auf Schotter durch Wiese und Auen im Sonnenlicht, links start angeschnitten das Andreaskreuz eines Bahn\u00fcbergangs\" width=\"512\" height=\"381\" class=\"alignnone size-full \" \/><\/a><\/p>\n<p><a href=\"https:\/\/www.vorspeisenplatte.de\/speisen\/archiv\/250421_16_Osterspaziergang.jpg\"><img loading=\"lazy\" decoding=\"async\" class=\"alignnone size-full wp-image-107839\" src=\"https:\/\/www.vorspeisenplatte.de\/speisen\/archiv\/250421_16_Osterspaziergang.jpg\" alt=\"Blick \u00fcber ein Br\u00fcckengel\u00e4nder auf einen schmalen Bachlauf, von beiden Seiten \u00fcberwachsen von fr\u00fchlingsgr\u00fcnen B\u00fcschen im Sonnenlicht\" width=\"423\" height=\"564\" \/><\/a><\/p>\n<p>Die Runde wurde l\u00e4nger als geplant, weil wir zum einen dem Gr\u00fcndungsleiter des Jugendchores begegneten, in dem wir alle nacheinander gesungen haben (wohnt in der Gegend, stieg gerade auf sein sehr gro\u00dfes Motorrad), es zum anderen einfach zu sch\u00f6n da drau\u00dfen war.<\/p>\n<p>Zur\u00fcck bei meinen Eltern wurden wir bereits ungeduldig zum n\u00e4chsten Programmpunkt erwartet: Torte!<\/p>\n<p><a href=\"https:\/\/www.vorspeisenplatte.de\/speisen\/archiv\/250421_03_Ostertorte_Raffael-1.jpg\"><img loading=\"lazy\" decoding=\"async\" src=\"https:\/\/www.vorspeisenplatte.de\/speisen\/archiv\/250421_03_Ostertorte_Raffael-1.jpg\" alt=\"Eine Frau mit kurzen wei\u00dfen Haaren und Brille in gr\u00fcnem Kleid schneiden gerade eine Torte an, helle Creme, die von Waffelr\u00f6llchen mit Schokolade umgeben ist\" width=\"360\" height=\"480\" class=\"alignnone size-full wp-image-107850\" \/><\/a><\/p>\n<p>Foto: Neffe 2<\/p>\n<p><a href=\"https:\/\/www.vorspeisenplatte.de\/speisen\/archiv\/250421_20_Ostertorte.jpg\"><img loading=\"lazy\" decoding=\"async\" class=\"alignnone size-full wp-image-107841\" src=\"https:\/\/www.vorspeisenplatte.de\/speisen\/archiv\/250421_20_Ostertorte.jpg\" alt=\"Wei\u00dfer Kuchenteller mit einem St\u00fcck Torte mit Schokoboden und heller Creme, im Hintergrund Osterdeko\" width=\"333\" height=\"444\" \/><\/a><\/p>\n<p><a href=\"https:\/\/www.vorspeisenplatte.de\/rezepte\/fiese-eierlikortorte.htm\" target=\"_blank\">Die Eierlik\u00f6rtorte<\/a> schmeckte mindestens so gut, wie ich das in Erinnerung hatte. Mehr Austausch und Gespr\u00e4che, ich genoss das sehr.<\/p>\n<p>Ereignislose Heimfahrt mit der Regionalbahn. In M\u00fcnchen war es nicht ganz so warm wie in Ingolstadt.<\/p>\n<p>Daheim R\u00e4umen, eine Runde Yoga-Gymnastik. Weder Herr Kaltmamsell noch ich hatte auch nur eine Spur von Hunger oder Appetit &#8211; wir lie\u00dfen Abendessen ausfallen (ausgesprochen selten).<\/p>\n<p>\u00a7<\/p>\n<p>Capybaras sind sehr niedlich. Bis sie zu Hunderten in Wohngebieten leben, zum Beispiel in einem reichen Vorort vor Buenos Aires.<br \/>\n<a href=\"https:\/\/www.nytimes.com\/2025\/04\/17\/world\/americas\/argentina-capybaras-vasectomies.html?unlocked_article_code=1.BE8.ZdWv.HxNvBtijXWXb&amp;smid=url-share\" target=\"_blank\" rel=\"noopener\">&#8220;Hundreds of Giant Rodents \u2018Conquered\u2019 This Town. Now What?&#8221;<\/a><\/p>\n<p>via <a href=\"https:\/\/mastodon.social\/@sauer_lauwarm\/114371717357148512\" target=\"_blank\" rel=\"noopener\">@sauer_lauwarm<\/a><\/p>\n<blockquote><p>Thirty years ago, Nordelta was largely untouched wetlands where capybaras roamed freely, hunted by pumas, jaguars, caiman and sport hunters. In the late 1990s, Mr. Constantini began transforming the area with roads, ponds, mansions, condo towers, a shopping center and a golf course designed by the American golfer Jack Nicklaus. Construction has been nearly nonstop \u2014 with 17 more buildings underway now \u2014 and it is now home to some of Argentina\u2019s richest people.<\/p><\/blockquote>\n<p>\u00a7<\/p>\n<p>Ich mag die Gedanken von Cory Doctorow zur negativen Entwicklung des Internets, weil er im Grunde Technikfan ist: Seine Warnungen basieren nie auf &#8220;DIE MASCHINEN WERDEN DIE WELTHERRSCHAFT \u00dcBERNEHMEN!!1!11&#8221;, sondern auf der Wut dar\u00fcber, dass schlechte Menschen die M\u00f6glichkeit kaputt machen, die Welt mit Technik grundlegend zu verbessern.<br \/>\n<a href=\"https:\/\/archive.is\/aKbjg\" target=\"_blank\" rel=\"noopener\">&#8220;Plattformverfall<br \/>\nDie Verschlimmschei\u00dferung von allem&#8221;.<\/a><\/p>\n<p>via <a href=\"https:\/\/mastodon.scot\/@aleks\/114372009881944001\" target=\"_blank\" rel=\"noopener\">@aleks<\/a><\/p>\n<p>Doctorow nennt in diesem ausf\u00fchrlichen Artikel auch Hebel, die diese Entwicklung stoppen k\u00f6nnten. <img loading=\"lazy\" decoding=\"async\" src=\"https:\/\/vg05.met.vgwort.de\/na\/6f43cf52c87c40feb8529fb4129d9881\" width=\"1\" height=\"1\" alt=\"\"\/><\/p>\n","protected":false},"excerpt":{"rendered":"<p>Vom Wecker (weil Pl\u00e4ne) in die Verwirrung geschubst worden, der eigentlich gute Schlaf hatte unangenehme Tr\u00e4ume mitgebracht, au\u00dferdem hatte immer wieder das Fu\u00dfgelenk unter der rebellischen Wade geschmerzt (?). Bepackt machten wir uns auf den Weg zum Bahnhof, bestiegen einen Zug nach Ingolstadt zu meinen Eltern: Familienostern mit erweiterter Bruderfamilie und den lieben Schwiegers. Unterwegs [&hellip;]<\/p>\n","protected":false},"author":2,"featured_media":0,"comment_status":"open","ping_status":"closed","sticky":false,"template":"","format":"standard","meta":{"footnotes":""},"categories":[6,2,1],"tags":[],"class_list":["post-107829","post","type-post","status-publish","format-standard","hentry","category-essen","category-fotos","category-general"],"_links":{"self":[{"href":"https:\/\/www.vorspeisenplatte.de\/speisen\/wp-json\/wp\/v2\/posts\/107829","targetHints":{"allow":["GET"]}}],"collection":[{"href":"https:\/\/www.vorspeisenplatte.de\/speisen\/wp-json\/wp\/v2\/posts"}],"about":[{"href":"https:\/\/www.vorspeisenplatte.de\/speisen\/wp-json\/wp\/v2\/types\/post"}],"author":[{"embeddable":true,"href":"https:\/\/www.vorspeisenplatte.de\/speisen\/wp-json\/wp\/v2\/users\/2"}],"replies":[{"embeddable":true,"href":"https:\/\/www.vorspeisenplatte.de\/speisen\/wp-json\/wp\/v2\/comments?post=107829"}],"version-history":[{"count":3,"href":"https:\/\/www.vorspeisenplatte.de\/speisen\/wp-json\/wp\/v2\/posts\/107829\/revisions"}],"predecessor-version":[{"id":107853,"href":"https:\/\/www.vorspeisenplatte.de\/speisen\/wp-json\/wp\/v2\/posts\/107829\/revisions\/107853"}],"wp:attachment":[{"href":"https:\/\/www.vorspeisenplatte.de\/speisen\/wp-json\/wp\/v2\/media?parent=107829"}],"wp:term":[{"taxonomy":"category","embeddable":true,"href":"https:\/\/www.vorspeisenplatte.de\/speisen\/wp-json\/wp\/v2\/categories?post=107829"},{"taxonomy":"post_tag","embeddable":true,"href":"https:\/\/www.vorspeisenplatte.de\/speisen\/wp-json\/wp\/v2\/tags?post=107829"}],"curies":[{"name":"wp","href":"https:\/\/api.w.org\/{rel}","templated":true}]}}