{"id":108028,"date":"2025-04-29T06:16:42","date_gmt":"2025-04-29T04:16:42","guid":{"rendered":"https:\/\/www.vorspeisenplatte.de\/speisen\/?p=108028"},"modified":"2025-04-29T14:57:36","modified_gmt":"2025-04-29T12:57:36","slug":"journal-montag-28-april-2025-recht-auf-familiengeschichte","status":"publish","type":"post","link":"https:\/\/www.vorspeisenplatte.de\/speisen\/2025\/04\/journal-montag-28-april-2025-recht-auf-familiengeschichte.htm","title":{"rendered":"Journal Montag, 28. April 2025 &#8211; Recht auf Familiengeschichte?"},"content":{"rendered":"<p>Was mich dieser Tage besch\u00e4ftigt:<\/p>\n<p>Wenn Eltern selbst als Kinder\/Jugendliche sehr Schlimmes erlebt haben, gar in der eigenen Familie: Wie gehen sie damit gegen\u00fcber ihren Kindern um? Erz\u00e4hlen sie es \u00fcberhaupt? Wann, wie, wieviel erz\u00e4hlen sie, sollten sie erz\u00e4hlen? Auch wenn es wahrscheinlich sehr auf den Einzelfall und die konkreten Personen ankommt: Wo ist die Grenze zwischen Schonen und Verheimlichen?<\/p>\n<p>Haben auch M\u00fctter und V\u00e4ter ein Recht darauf, das Wiedererleben durch Erz\u00e4hlen zu verweigern?<\/p>\n<p>Ich erinnere mich nur an Lekt\u00fcre der Kinder-Perspektive, sei es in der Fiktion oder als Sachtext: Da geht es um Menschen, die entweder &#8220;dunkle Familiengeheimnisse entdecken&#8221;, wie es gern formuliert wird,<sup><a href=\"#footnote_1_108028\" id=\"identifier_1_108028\" class=\"footnote-link footnote-identifier-link\" title=\"Floskeliert? Antrag auf Einf&uuml;hrung dieses Begriffs f&uuml;r Formulieren als Floskel.\">1<\/a><\/sup> oder die mit der Last der elterlichen Erlebnisse fertig werden m\u00fcssen. Aber was ist mit den eigentlichen Opfern in einer Eltern-Position?<br \/>\nGibt es vielleicht daf\u00fcr professionelle, spezialisierte Begleitung?<\/p>\n<p>Denn sicher interessieren sich Kinder beim Heranwachsen irgendwann f\u00fcr die Biografien ihrer Eltern, sei es aus pers\u00f6nlicher Zugewandtheit, aus Neugier auf die Familiengeschichte oder weil sie ihre Eltern besser verstehen m\u00f6chten. (Im schlechteren Fall weil irgendwas in der Beziehung zu ihnen schief l\u00e4uft.) Gibt es ein moralisches Recht auf Familiengeschichte?<\/p>\n<p>\u00a7<\/p>\n<p>Letzte Schlafphase vor Weckerklingeln mit unangenehmen Tr\u00e4umen, in denen sich Menschen mir gegen\u00fcber illoyal verhielten, bei denen mich das besonders schmerzte.<\/p>\n<p>Marsch zur Arbeit in angenehmer Fr\u00fchlingsluft, geordnete B\u00fcrot\u00e4tigkeit, w\u00e4hrend es drau\u00dfen immer sonniger wurde.<\/p>\n<p>Spaziergang zu Mittagscappuccino im Westend \u00fcber Apotheken-Einkauf und bereits hemds\u00e4rmlig.<\/p>\n<p><a href=\"https:\/\/www.vorspeisenplatte.de\/speisen\/archiv\/250428_03_Nido.jpg\"><img loading=\"lazy\" decoding=\"async\" src=\"https:\/\/www.vorspeisenplatte.de\/speisen\/archiv\/250428_03_Nido.jpg\" alt=\"Auf dem Fensterbrett eines Caf\u00e9s auf einem Metalltablettchen Cappuccino und ein Gl\u00e4schen Wasser, eine Vase mit Blumen, davor sonnenbeschienene Stra\u00dfe\" width=\"372\" height=\"511\" class=\"alignnone size-full wp-image-108053\" \/><\/a><\/p>\n<p><a href=\"https:\/\/www.vorspeisenplatte.de\/speisen\/archiv\/250428_07_Anglerstr.jpg\"><img loading=\"lazy\" decoding=\"async\" src=\"https:\/\/www.vorspeisenplatte.de\/speisen\/archiv\/250428_07_Anglerstr.jpg\" alt=\"An einer hellen Altbaufassade in der Sonne klettert eine lila bl\u00fchende Pflanze \" width=\"401\" height=\"543\" class=\"alignnone size-full wp-image-108054\" \/><\/a><\/p>\n<p>Der Duft!<\/p>\n<p>Ein sch\u00f6ner Juni-Vormittag mit Hitze-Ahnung. Nur dass es halt noch April ist.<\/p>\n<p>Am Schreibtisch tauchte ich tief in die Umsetzungsvariante des Bundesreisekostengesetzes ein, die f\u00fcr mich relevant ist, summte beim Durchrauschen meiner gut bezahlten Arbeitsstunden das Mantra: &#8220;Es geht nicht darum Geld zu sparen, sondern die Regeln einzuhalten.&#8221; (Hat der Bundesrechnungshof eigentlich schonmal eine \u00f6ffentliche Einrichtung ger\u00fcgt, weil sie Steuergelder f\u00fcr zus\u00e4tzliche Stellen zur Einhaltung der Bundesrechnungshof-Anforderungen vergeudet?)<\/p>\n<p>Zu Mittag gab es selbstgebackenes D\u00e4nenbrot sowie Mango mit Sojajoghurt (immer noch nicht langweilig &#8211; und die gestrige Version besonders k\u00f6stlich).<\/p>\n<p>Bisschen Stubenfliegenhirn-iger Nachmittag, drau\u00dfen weiter Sommer.<\/p>\n<p>Heimweg \u00fcber kurzen Obstkauf, zu Hause die Tages-Ration Pilates. Dann zog ich mich wieder vollst\u00e4ndig an, denn Abendessen sollte es aush\u00e4usig geben: Auf dem Fr\u00fchlingsfest auf der Theresienwiese.<\/p>\n<p><a href=\"https:\/\/www.vorspeisenplatte.de\/speisen\/archiv\/250428_10_Fruehlingsfest.jpg\"><img loading=\"lazy\" decoding=\"async\" src=\"https:\/\/www.vorspeisenplatte.de\/speisen\/archiv\/250428_10_Fruehlingsfest.jpg\" alt=\"Buntes Karussel in der Sonne, wenige Menschen davor\" width=\"580\" height=\"415\" class=\"alignnone size-full \" \/><\/a><\/p>\n<p><a href=\"https:\/\/www.vorspeisenplatte.de\/speisen\/archiv\/250428_13_Fruehlingsfest.jpg\"><img loading=\"lazy\" decoding=\"async\" src=\"https:\/\/www.vorspeisenplatte.de\/speisen\/archiv\/250428_13_Fruehlingsfest.jpg\" alt=\"Autoscooter vor blauem Himmel mit einem gro\u00dfen Schriftzug &quot;Distel&quot;\" width=\"596\" height=\"390\" class=\"alignnone size-full \" \/><\/a><\/p>\n<p><a href=\"https:\/\/www.vorspeisenplatte.de\/speisen\/archiv\/250428_16_Fruehlingsfest.jpg\"><img loading=\"lazy\" decoding=\"async\" src=\"https:\/\/www.vorspeisenplatte.de\/speisen\/archiv\/250428_16_Fruehlingsfest.jpg\" alt=\"Im Vordergrund auf einer wei\u00dfen Papierserviette ein Langos mit viel geriebenem K\u00e4se, im Hintergrund ein Jahrmarktskarussel\" width=\"363\" height=\"484\" class=\"alignnone size-full wp-image-108057\" \/><\/a><\/p>\n<p>Es gab Langos mit Sauerrahm und K\u00e4se, k\u00f6stlich. Als Nachtisch bekam ich eine Schoko-Banane &#8211; in perfektem Reifezustand, ich genoss sie sehr. Stand der Volksfest-Kulinarik: Jetzt auch an mehreren St\u00e4nden die Leuchtschrift &#8220;vegan&#8221; (z.B. bei Churros).<\/p>\n<p><a href=\"https:\/\/www.vorspeisenplatte.de\/speisen\/archiv\/250428_18_Fruehlingsfest.jpg\"><img loading=\"lazy\" decoding=\"async\" src=\"https:\/\/www.vorspeisenplatte.de\/speisen\/archiv\/250428_18_Fruehlingsfest.jpg\" alt=\"Vor blauem Himmel ein Holzgestell mit einem Schild &quot;Proseccost\u00fcberl&quot;, im Hintergrund ein Kirchturm\" width=\"498\" height=\"378\" class=\"alignnone size-full wp-image-108058\" \/><\/a><\/p>\n<p>Auf einer Skala von 1 bis 10: Wie M\u00fcnchen kann es werden?<\/p>\n<p><a href=\"https:\/\/www.vorspeisenplatte.de\/speisen\/archiv\/250428_19_Fruehlingsfest.jpg\"><img loading=\"lazy\" decoding=\"async\" src=\"https:\/\/www.vorspeisenplatte.de\/speisen\/archiv\/250428_19_Fruehlingsfest.jpg\" alt=\"Buntes Karussel mit Schriftzug &quot;Musik-Express&quot; vor blauem Himmel in Abendsonne\" width=\"640\" height=\"428\" class=\"alignnone size-full \" \/><\/a><\/p>\n<p>Awww, das gab es schon in meiner Jugend!<\/p>\n<p>Auch der Spaziergang in der Abendsonne und ohne Jacke war wundervoll. Daheim noch Osterschokolade.<\/p>\n<p>\u00a7<\/p>\n<p>K\u00fcrzlich erz\u00e4hlte ich Herrn Kaltmamsell von einem Menschen, den ich eben pers\u00f6nlich kennengelernt hatte, und schloss die Beschreibung des Kennenlernens mit: &#8220;War mir sympathisch.&#8221; Worauf Herr Kaltmamsell mich fragte, ob das auch mal anders sei. Erst dadurch wurde mir klar: Neue Menschen pers\u00f6nlich sind mir eigentlich immer erstmal sympathisch. Selbst wenn ich befremdet bin, selbst wenn ein Teil von mir vor ihnen auf der Hut ist &#8211; erstmal Wohlwollen. Ich muss schon als Erstes an ihnen pers\u00f6nlich und live eine b\u00f6se Tat sehen (z.B. Aggression oder Arschlochigkeit), damit sie mir auf den ersten Blick unsympathisch sind.<\/p>\n<p>\u00a7<\/p>\n<p>Auch mal loben. Das tut zum Beispiel Kathrin Hollmer in <i>\u00dcbermedien<\/i> die <em>Apotheken Umschau<\/em>:<br \/>\n<a href=\"https:\/\/uebermedien.de\/104735\/frauen-die-die-welt-erklaeren\/\" target=\"_blank\">&#8220;Frauen, die die Welt erkl\u00e4ren&#8221;.<\/a><\/p>\n<blockquote><p>Bis vor ein paar Jahren habe bei der Auswahl von Expert:innen niemand auf deren Geschlecht geachtet, sagt Julia Rotherbl im Gespr\u00e4ch mit \u00dcbermedien. Als sie 2021 Chefredakteurin der \u201eApotheken Umschau\u201c wurde, fing sie an, in den Ausgaben durchzuz\u00e4hlen. \u201eIn manchen Heften wurden 80 Prozent Experten und 20 Prozent Expertinnen zitiert\u201c, sagt sie. Ihr liebstes Beispiel: In einem Artikel \u00fcber Mammographie antwortete auf die Frage, ob die Untersuchung schmerzhaft sei, ein Mann, der einer gyn\u00e4kologischen Fachgesellschaft vorsitzt. \u201eDas ging mir so gegen den Strich\u201c, sagt Rotherbl. \u201eMan muss keine Br\u00fcste haben, um ein Brustkrebsexperte zu sein, aber bei der Frage sollte doch wohl jemand mit Br\u00fcsten zu Wort kommen.\u201c<\/p><\/blockquote>\n<p> <img loading=\"lazy\" decoding=\"async\" src=\"https:\/\/vg05.met.vgwort.de\/na\/abc7033f4eb94d24999521f7a56469bc\" width=\"1\" height=\"1\" alt=\"\"\/><\/p>\n<ol class=\"footnotes\"><li id=\"footnote_1_108028\" class=\"footnote\">Floskeliert? Antrag auf Einf\u00fchrung dieses Begriffs f\u00fcr Formulieren als Floskel.<span class=\"footnote-back-link-wrapper\"> [<a href=\"#identifier_1_108028\" class=\"footnote-link footnote-back-link\">&#8617;<\/a>]<\/span><\/li><\/ol>","protected":false},"excerpt":{"rendered":"<p>Was mich dieser Tage besch\u00e4ftigt: Wenn Eltern selbst als Kinder\/Jugendliche sehr Schlimmes erlebt haben, gar in der eigenen Familie: Wie gehen sie damit gegen\u00fcber ihren Kindern um? Erz\u00e4hlen sie es \u00fcberhaupt? Wann, wie, wieviel erz\u00e4hlen sie, sollten sie erz\u00e4hlen? Auch wenn es wahrscheinlich sehr auf den Einzelfall und die konkreten Personen ankommt: Wo ist die [&hellip;]<\/p>\n","protected":false},"author":2,"featured_media":0,"comment_status":"open","ping_status":"closed","sticky":false,"template":"","format":"standard","meta":{"footnotes":""},"categories":[6,2,1],"tags":[],"class_list":["post-108028","post","type-post","status-publish","format-standard","hentry","category-essen","category-fotos","category-general"],"_links":{"self":[{"href":"https:\/\/www.vorspeisenplatte.de\/speisen\/wp-json\/wp\/v2\/posts\/108028","targetHints":{"allow":["GET"]}}],"collection":[{"href":"https:\/\/www.vorspeisenplatte.de\/speisen\/wp-json\/wp\/v2\/posts"}],"about":[{"href":"https:\/\/www.vorspeisenplatte.de\/speisen\/wp-json\/wp\/v2\/types\/post"}],"author":[{"embeddable":true,"href":"https:\/\/www.vorspeisenplatte.de\/speisen\/wp-json\/wp\/v2\/users\/2"}],"replies":[{"embeddable":true,"href":"https:\/\/www.vorspeisenplatte.de\/speisen\/wp-json\/wp\/v2\/comments?post=108028"}],"version-history":[{"count":3,"href":"https:\/\/www.vorspeisenplatte.de\/speisen\/wp-json\/wp\/v2\/posts\/108028\/revisions"}],"predecessor-version":[{"id":108077,"href":"https:\/\/www.vorspeisenplatte.de\/speisen\/wp-json\/wp\/v2\/posts\/108028\/revisions\/108077"}],"wp:attachment":[{"href":"https:\/\/www.vorspeisenplatte.de\/speisen\/wp-json\/wp\/v2\/media?parent=108028"}],"wp:term":[{"taxonomy":"category","embeddable":true,"href":"https:\/\/www.vorspeisenplatte.de\/speisen\/wp-json\/wp\/v2\/categories?post=108028"},{"taxonomy":"post_tag","embeddable":true,"href":"https:\/\/www.vorspeisenplatte.de\/speisen\/wp-json\/wp\/v2\/tags?post=108028"}],"curies":[{"name":"wp","href":"https:\/\/api.w.org\/{rel}","templated":true}]}}