{"id":108090,"date":"2025-05-01T08:06:00","date_gmt":"2025-05-01T06:06:00","guid":{"rendered":"https:\/\/www.vorspeisenplatte.de\/speisen\/?p=108090"},"modified":"2025-05-01T08:06:00","modified_gmt":"2025-05-01T06:06:00","slug":"journal-mittwoch-30-april-2025-balkoneroeffnung","status":"publish","type":"post","link":"https:\/\/www.vorspeisenplatte.de\/speisen\/2025\/05\/journal-mittwoch-30-april-2025-balkoneroeffnung.htm","title":{"rendered":"Journal Mittwoch, 30. April 2025 &#8211; Balkoner\u00f6ffnung"},"content":{"rendered":"<p>Nach tiefem Schlaf h\u00e4tte ich bei Weckerklingeln sehr gern weitergeschlafen, auch wenn der Himmel drau\u00dfen bereits hell leuchtete, wolkenlos.<\/p>\n<p>Trotz deutlicher Morgenk\u00e4lte marschierte ich jackenlos in die Arbeit: Dann fror ich halt eine halbe Stunde ein wenig, aber beim Heimweg w\u00fcrde mir so keine Jacke im Rucksack Platz f\u00fcr Eink\u00e4ufe wegnehmen.<\/p>\n<p><a href=\"https:\/\/www.vorspeisenplatte.de\/speisen\/archiv\/250430_02_KaiserLudwigPl.jpg\"><img loading=\"lazy\" decoding=\"async\" src=\"https:\/\/www.vorspeisenplatte.de\/speisen\/archiv\/250430_02_KaiserLudwigPl.jpg\" alt=\"Gro\u00dfe begr\u00fcnte Stra\u00dfenkreuzung in Morgensonne unter blauem Himmel mit wei\u00dfen Wolken, gegen\u00fcber im Sonnenlicht ein Gr\u00fcnderzeitbau mit Backstein und T\u00fcrmchen\" width=\"565\" height=\"423\" class=\"alignnone size-full \" \/><\/a><\/p>\n<p><a href=\"https:\/\/www.vorspeisenplatte.de\/speisen\/archiv\/250430_03_Turnschuhe.jpg\"><img loading=\"lazy\" decoding=\"async\" src=\"https:\/\/www.vorspeisenplatte.de\/speisen\/archiv\/250430_03_Turnschuhe.jpg\" alt=\"Von oben aufgenommene hellblaue Turnschuhe an F\u00fc\u00dfen, die auf sonnigen Pflastersteinen stehen\" width=\"302\" height=\"402\" class=\"alignnone size-full wp-image-108131\" \/><\/a><\/p>\n<p>Waren: Alte Aerobicschuhe. Sind: Meine neuen Sommersneakers. Und schaun Sie mal, WIE SAUBER die sind!<\/p>\n<p>Am Schreibtisch nach \u00d6ffnen des Postfachs gleich mal beherzt losgearbeitet, gut vorangekommen.<\/p>\n<p>Schon um halb elf traf die SMS des Radlschraubers ein, dass ich ab 12 Uhr mein Rad abholen k\u00f6nne und es 99,95 Euro koste &#8211; bitte bar mitbringen.<\/p>\n<p><a href=\"https:\/\/www.vorspeisenplatte.de\/speisen\/archiv\/250430_07_ADAC.jpg\"><img loading=\"lazy\" decoding=\"async\" src=\"https:\/\/www.vorspeisenplatte.de\/speisen\/archiv\/250430_07_ADAC.jpg\" alt=\"Im Vordergrund Cappuccino auf wei\u00dfer Tischplatte, im Hintergrund Glaswand mit offener T\u00fcr, die auf eine Terrasse f\u00fchrt, darauf sitzen unscharf zu sehen zwei Personen mit hellem Oberteil unter einem Sonnenschirm\" width=\"314\" height=\"472\" class=\"alignnone size-full wp-image-108132\" \/><\/a><\/p>\n<p>Mittagscappuccino bei Nachbars, aber dann noch eine Runde um den Block (Westendstra\u00dfe, Trappentreustra\u00dfe) &#8211; Wetter und Luft waren zu herrlich.<\/p>\n<p>Mittagessen Apfel, Granatapfelkerne, Eiwei\u00dfriegel.<\/p>\n<p>Knackiger Arbeitsnachmittag, ich hatte einen Feierabendtermin anzuzielen: Beinenthaarung. Nach Lebensmitteleink\u00e4ufen unterwegs erz\u00e4hlte die Enthaarungsfachfrau wieder eine Menge, und ich bekam Beine wie Delphin. Befl\u00fcgelter Heimweg mit Freude auf vier freie Tage am St\u00fcck (1. Mai, St. Br\u00fcck, Wochenende).<\/p>\n<p>Zu Hause stellte ich nur kurz meine Eink\u00e4ufe ab &#8211; und freute mich ungeheuer \u00fcber Duft und Anblick:<\/p>\n<p><a href=\"https:\/\/www.vorspeisenplatte.de\/speisen\/archiv\/250430_09_Flieder.jpg\"><img loading=\"lazy\" decoding=\"async\" src=\"https:\/\/www.vorspeisenplatte.de\/speisen\/archiv\/250430_09_Flieder.jpg\" alt=\"Fliederstrau\u00df in Glasvase vor wei\u00dfer Wand auf dunklem Holztischchen\" width=\"305\" height=\"448\" class=\"alignnone size-full wp-image-108133\" \/><\/a><\/p>\n<p><a href=\"https:\/\/www.vorspeisenplatte.de\/speisen\/archiv\/250430_10_Flieder.jpg\"><img loading=\"lazy\" decoding=\"async\" src=\"https:\/\/www.vorspeisenplatte.de\/speisen\/archiv\/250430_10_Flieder.jpg\" alt=\"Fliederstrau\u00df in Glasvase vor Fenster, durch das man sonnige gr\u00fcne Laubb\u00e4ume sieht\" width=\"311\" height=\"434\" class=\"alignnone size-full wp-image-108134\" \/><\/a><\/p>\n<p>Nach Wochen vergeblicher Suche hatte Herr Kaltmamsell mir Flieder erk\u00e4mpft, ich werde nie verstehen, wovon der Verkaufszeitpunkt abh\u00e4ngt: Vor Jahren hatte es gehei\u00dfen, man bekomme ihn kurz bevor er in den Vorg\u00e4rten sichtbar werde, aber dieses Jahr begann diese Sichtbarkeit ja schon vor zwei Wochen.<\/p>\n<p>Das Radlabholen wurde durch ein unerwartetes Stra\u00dfenfest erschwert: Der Teil der Hans-Sachs-Stra\u00dfe zwischen M\u00fcllerstra\u00dfe und Ickstattstra\u00dfe war gesperrt, dort wurde laut Plakaten &#8220;Maik\u00f6nigin&#8221; gefeiert, und zwar mit Diskomusik und sehr viel Volk. Inklusive Zaun mit Taschenkontrolle, mein hilfloses &#8220;Ich will doch blo\u00df mein Radl abholen&#8221; bewahrte mich nicht davor. Auch Herr Radlschrauber war davon \u00fcberrascht worden und ungehalten. Als ich ihm nach \u00dcbergabe des Radls fr\u00f6hlichen Tanz in den Mai w\u00fcnschte, betonte er energisch: &#8220;Des is so <i>gar<\/i> net meine Welt.&#8221;<\/p>\n<p>Daheim Pilates mit Gabi Fastner, <a href=\"https:\/\/youtu.be\/WYIaF5xJIiA?si=O5b9IeBLMPlcJcWE\" target=\"_blank\">die anstrengende 45-Minuten-Kraft-Folge<\/a> (ich hatte schon wieder die abschlie\u00dfenden Bauch\u00fcbungen mit gestreckt kreisenden Beinen vergessen). Mit immer wieder Fliederduft in der Nase.<\/p>\n<p>F\u00fcr den Abend war ich mit Herrn Kaltmamsell auf dem Balkon verabredet. Der war noch nicht grundgereinigt, weil vom fr\u00fchen Sommereinbruch \u00fcberrascht (au\u00dferdem: Faulheit) &#8211; ich fegte einmal durch und wischte die M\u00f6bel ein wenig ab, das musste reichen.<\/p>\n<p><a href=\"https:\/\/www.vorspeisenplatte.de\/speisen\/archiv\/250430_12_Balkon.jpg\"><img loading=\"lazy\" decoding=\"async\" src=\"https:\/\/www.vorspeisenplatte.de\/speisen\/archiv\/250430_12_Balkon.jpg\" alt=\"Balkon von innen und im Gegenlicht, darauf Holzbank und Holztisch, auf dem Tisch zwei gro\u00dfe Gl\u00e4ser mit Aperol Spritz\" width=\"363\" height=\"484\" class=\"alignnone size-full wp-image-108135\" \/><\/a><\/p>\n<p>Wie gewohnt Aperol Spritz als erster Balkondrink.<\/p>\n<p>Herr Kaltmamsell bereitete auch das gewohnte erste Balkonabendessen vor: Salade ni\u00e7oise. Allerdings hatten wir so lange auf dem Balkon aperitiviert, dass wir doch lieber drinnen a\u00dfen. Nachtisch Osterschokolade. <\/p>\n<p>\u00a7<\/p>\n<p>Politischer Aktivismus leidet in den vergangenen Jahren immer wieder unter Polarisierung in Details &#8211; und davon abgeleiteten vehementen Hasskampagnen, die Menschen und Organisationen zerst\u00f6ren k\u00f6nnen. Feministin Kristina Lunz wurde Ziel einer solchen und analysiert die Mechanismen:<br \/>\n<a href=\"https:\/\/www.kristinalunz.com\/lynchjustiz\/\" target=\"_blank\">&#8220;Nichts darf jemals digitale Hetzjagden rechtfertigen: Wie digitale Lynchjustiz Menschen und Demokratien zerst\u00f6rt&#8221;.<\/a><\/p>\n<p>(via Antje Schrupp, <a href=\"https:\/\/antjeschrupp.com\/2025\/04\/30\/dynamik-des-hasses\/\" target=\"_blank\">die hier schildert, wie sie selbst Ziel einer solchen Kampagne aus eigentlich eigenen Reihen wurde<\/a>)<\/p>\n<blockquote><p>Ich will das an einer aktuellen Studie aus Gro\u00dfbritannien der Organisation <em>More in Common<\/em> verdeutlichen, die sich in mehreren L\u00e4ndern f\u00fcr gesellschaftlichen Zusammenhalt und die St\u00e4rkung demokratischer Kulturen engagiert. Darin wird gezeigt, dass sogenannte <em>progressive activists<\/em> dazu neigen, in ihren Kampagnen eine vollst\u00e4ndige ideologische \u00dcbereinstimmung zu verlangen. Da die \u00f6ffentliche Meinung selten entlang festgelegter ideologischer Linien verlaufe, fielen viele m\u00f6gliche Allianzen in der Sache aus. Dieser Starrsinn f\u00fchre dazu, dass progressive Bewegungen kaum anschlussf\u00e4hig und oft durch interne Konflikte lahmgelegt seien. Oder, um es mit Rutger Bregman zu sagen: \u201eAuf diese Weise erhalten Sie eine Bewegung, die zu 100 Prozent rein, aber zu 0 Prozent effektiv ist.\u201c Eine Organisation wird also so zur Zielscheibe, wenn sie nicht ausschlie\u00dflich und exakt so arbeitet, wie es eine selbsternannte F\u00fchrungsriege von <em>progressive activists<\/em> fordert.<\/p><\/blockquote>\n<p>Kristina Lunz schildert sorgf\u00e4ltig und detailliert, wie weit Menschen mit Vernichtungswillen zu gehen bereit sind &#8211; und welche Anstrengungen es erfordert, sich immer wieder gegen Falschbehauptungen zu wehren, vor allem wenn Sie auf Social-Media-Plattformen erhoben und verbreitet werden.<\/p>\n<blockquote><p>Das Steinewerfen gegen uns ging weiter: Immer neue, haltlose Anschuldigungen tauchten in Form nichtssagender Instagram-Kacheln auf. Wir h\u00e4tten Angestellte wegen ihrer pro-pal\u00e4stinensischen Haltung entlassen. Investigative Journalist:innen, die diesen Vorwurf sowie einen vermeintlich \u201eoffenen\u201c, tats\u00e4chlich aber anonymen, Brief pr\u00fcften, recherchierten vermeintlich Betroffene. Doch es fand sich niemand. Im Rahmen der juristischen Auseinandersetzung habe ich diese neuen Behauptungen durch eidesstattliche Versicherung als auch Personal- und Vertragsunterlagen klar widerlegt.  Doch all das hatte f\u00fcr die Anarchie von Social Media keine Relevanz. Der Mob zog einfach weiter, hin zu anderen Themen und Eskalationen. Einer der Hauptakteure, ein hasserf\u00fcllter, junger Mann hetzt(e) und postet(e) weiter, zu viele taten und tun es ihm gleich. Eine Handhabe gab und gibt es nicht. Der Hass schwappte von kleinen Accounts auf gr\u00f6\u00dfere \u00fcber, Personen mit zehntausenden Followern griffen die Diffamierungen auf, teilten sie in ihren Instagram-Stories. Organisationen riefen auf der Grundlage der Falschinformationen zum Boykott gegen uns auf, Geldgeber beendeten Projekte. Der substanzielle finanzielle Schaden war das Eine, das Andere noch schlimmer: Wir mussten sofort zwei Projektmanagerinnen entlassen, deren Gehalt vollst\u00e4ndig \u00fcber eines dieser Projekte finanziert war.<\/p><\/blockquote>\n<p>Lunz spricht auch einen Punkt an, der mir besonders gro\u00dfe Angst macht:<\/p>\n<blockquote><p>Wenn Menschen erst einmal \u00f6ffentlich \u201efertiggemacht\u201c wurden, beginnt ein weiterer Prozess: Je \u00f6fter falsche oder \u00fcberzogene Anschuldigungen inszeniert werden, desto gr\u00f6\u00dfer wird die Skepsis gegen\u00fcber tats\u00e4chlichen F\u00e4llen von Gewalt und Diskriminierung. Das schw\u00e4cht nicht nur die demokratische Kultur, sondern trifft besonders feministische und antirassistische Bewegungen \u2013 jene, die auf Differenzierung, Glaubw\u00fcrdigkeit und den Schutz von Betroffenen angewiesen sind. So droht eine gef\u00e4hrliche Verengung des demokratischen Spektrums.<\/p><\/blockquote>\n<p>(&#8230;)<\/p>\n<blockquote><p>Es stellt sich zunehmend heraus, dass Menschen nicht zwingend Wert darauf legen, ob die Informationen, die sie lesen und weiterverbreiten, tats\u00e4chlich richtig sind. Sie wollen bestimmten Quellen \u2013 so auch Influencer:innen \u2013 glauben. Und deren w\u00fcnschenswerte Charakteristik \u00e4ndert sich: Vertrauen wird in der Gegenwart oft nicht mehr durch journalistische Sorgfaltspflichten oder faktenbasierte Recherche definiert, sondern durch pers\u00f6nliche Bindung und emotionale \u00dcbereinstimmung.<\/p><\/blockquote>\n<p><strong>tl;dr<\/strong> Beteiligen Sie sich nicht an Hass und Hetze, auch nicht wenn bestimmte Reizw\u00f6rter heftige Gef\u00fchle bei Ihnen ausl\u00f6sen. <img loading=\"lazy\" decoding=\"async\" src=\"https:\/\/vg05.met.vgwort.de\/na\/511e36f73f58463bb5d1142337a85163\" width=\"1\" height=\"1\" alt=\"\"\/><\/p>\n","protected":false},"excerpt":{"rendered":"<p>Nach tiefem Schlaf h\u00e4tte ich bei Weckerklingeln sehr gern weitergeschlafen, auch wenn der Himmel drau\u00dfen bereits hell leuchtete, wolkenlos. Trotz deutlicher Morgenk\u00e4lte marschierte ich jackenlos in die Arbeit: Dann fror ich halt eine halbe Stunde ein wenig, aber beim Heimweg w\u00fcrde mir so keine Jacke im Rucksack Platz f\u00fcr Eink\u00e4ufe wegnehmen. Waren: Alte Aerobicschuhe. Sind: [&hellip;]<\/p>\n","protected":false},"author":2,"featured_media":0,"comment_status":"open","ping_status":"closed","sticky":false,"template":"","format":"standard","meta":{"footnotes":""},"categories":[2,1],"tags":[],"class_list":["post-108090","post","type-post","status-publish","format-standard","hentry","category-fotos","category-general"],"_links":{"self":[{"href":"https:\/\/www.vorspeisenplatte.de\/speisen\/wp-json\/wp\/v2\/posts\/108090","targetHints":{"allow":["GET"]}}],"collection":[{"href":"https:\/\/www.vorspeisenplatte.de\/speisen\/wp-json\/wp\/v2\/posts"}],"about":[{"href":"https:\/\/www.vorspeisenplatte.de\/speisen\/wp-json\/wp\/v2\/types\/post"}],"author":[{"embeddable":true,"href":"https:\/\/www.vorspeisenplatte.de\/speisen\/wp-json\/wp\/v2\/users\/2"}],"replies":[{"embeddable":true,"href":"https:\/\/www.vorspeisenplatte.de\/speisen\/wp-json\/wp\/v2\/comments?post=108090"}],"version-history":[{"count":3,"href":"https:\/\/www.vorspeisenplatte.de\/speisen\/wp-json\/wp\/v2\/posts\/108090\/revisions"}],"predecessor-version":[{"id":108144,"href":"https:\/\/www.vorspeisenplatte.de\/speisen\/wp-json\/wp\/v2\/posts\/108090\/revisions\/108144"}],"wp:attachment":[{"href":"https:\/\/www.vorspeisenplatte.de\/speisen\/wp-json\/wp\/v2\/media?parent=108090"}],"wp:term":[{"taxonomy":"category","embeddable":true,"href":"https:\/\/www.vorspeisenplatte.de\/speisen\/wp-json\/wp\/v2\/categories?post=108090"},{"taxonomy":"post_tag","embeddable":true,"href":"https:\/\/www.vorspeisenplatte.de\/speisen\/wp-json\/wp\/v2\/tags?post=108090"}],"curies":[{"name":"wp","href":"https:\/\/api.w.org\/{rel}","templated":true}]}}