{"id":108210,"date":"2025-05-04T08:46:46","date_gmt":"2025-05-04T06:46:46","guid":{"rendered":"https:\/\/www.vorspeisenplatte.de\/speisen\/?p=108210"},"modified":"2025-05-04T09:52:35","modified_gmt":"2025-05-04T07:52:35","slug":"journal-samstag-3-mai-2025-wandern-entlang-loisach-und-isar-in-wechselndem-fruehlingswetter","status":"publish","type":"post","link":"https:\/\/www.vorspeisenplatte.de\/speisen\/2025\/05\/journal-samstag-3-mai-2025-wandern-entlang-loisach-und-isar-in-wechselndem-fruehlingswetter.htm","title":{"rendered":"Journal Samstag, 3. Mai 2025 &#8211; Wandern entlang Loisach und Isar in wechselndem Fr\u00fchlingswetter"},"content":{"rendered":"<p>Wunderbar fr\u00fch aufgewacht, genau richtig f\u00fcr meine Pl\u00e4ne. Denn als Erstes machte ich mich gestern <a href=\"https:\/\/www.vorspeisenplatte.de\/rezepte\/7-pfuender-hausbrot.htm\" target=\"_blank\">ans Brotbacken<\/a>. Wie angek\u00fcndigt war das Wetter am Umschlagen, der Himmel bedeckt, die Luft k\u00fchl.<\/p>\n<p>Bald Abschied von unserem \u00dcbernachtungsgast, ich setzte mich \u00fcber Milchkaffee zum Bloggen.<\/p>\n<p>Weiterer Plan des Tages: Nach Fertigbacken des Brotes (eines der schnelleren Rezepte) Wandern mit Herr Kaltmamsell, das Wetter sollte gestern perfekt daf\u00fcr sein.<\/p>\n<p><a href=\"https:\/\/www.vorspeisenplatte.de\/speisen\/archiv\/250503_03_7Pfuender.jpg\"><img loading=\"lazy\" decoding=\"async\" src=\"https:\/\/www.vorspeisenplatte.de\/speisen\/archiv\/250503_03_7Pfuender.jpg\" alt=\"Sehr gro\u00dfer Brotlaib mit leichten Rissen in der Oberfl\u00e4che auf schwarzer Kochfl\u00e4che\" width=\"414\" height=\"363\" class=\"alignnone size-full wp-image-108216\" \/><\/a><\/p>\n<p>Brot gelungen.<\/p>\n<p>Herr Kaltmamsell war vor ein paar Tagen recht schnell f\u00fcr einen Wander-Samstag zu begeistern gewesen (als Lehrer ist er ja alles andere als spontan und hat seine Wochenenden gew\u00f6hnlich bereits mit Arbeit verplant), er bat allerdings um eine eher k\u00fcrzere Strecke. Die Wahl fiel auf die vertraute Route Icking-Wolfratshausen-Ickinger Wehr.<\/p>\n<p>In mitteld\u00fcsterem Wetter brachten uns U-Bahn und S-Bahn nach Icking, wo wir Richtung S\u00fcden starteten. Wie vorhergesagt war es k\u00fchl und d\u00fcster &#8211; schon nach wenigen Minuten holte ich meine Wanderjacke aus dem Rucksack, weil ich in Hemds\u00e4rmeln auch bei Bewegung fror. Schnell stellten wir fest, dass der Weg, <a href=\"https:\/\/www.vorspeisenplatte.de\/speisen\/2024\/07\/journal-samstag-27-juli-2024-hochsommerwandern-auf-einer-vergessenen-route.htm\" target=\"_blank\">den wir vergangenes Jahr zum Teil suchen mussten<\/a>, jetzt besser gepflegt war, dass der Isartalverein ihn neu ausgeschildert hatte. Besonders angenehm: Es waren sehr wenige Menschen unterwegs, wir begegneten nur zweimal anderen Wandersleuten und gar keinen Radler*innen.<\/p>\n<p><a href=\"https:\/\/www.vorspeisenplatte.de\/speisen\/archiv\/250503_04_Schlederloh.jpg\"><img loading=\"lazy\" decoding=\"async\" src=\"https:\/\/www.vorspeisenplatte.de\/speisen\/archiv\/250503_04_Schlederloh.jpg\" alt=\"Rechts Pfad zwischen Wiese und gro\u00dfen, hellgr\u00fcn belaubten B\u00e4umen, links ein rotes Holzhaus\" width=\"562\" height=\"423\" class=\"alignnone size-full \" \/><\/a><\/p>\n<p><a href=\"https:\/\/www.vorspeisenplatte.de\/speisen\/archiv\/250503_06_Schlederloh.jpg\"><img loading=\"lazy\" decoding=\"async\" src=\"https:\/\/www.vorspeisenplatte.de\/speisen\/archiv\/250503_06_Schlederloh.jpg\" alt=\"Nahaufnahme von Maigl\u00f6ckchen, rechts eingegrenzt von grauen Pflastersteinen\" width=\"363\" height=\"484\" class=\"alignnone size-full wp-image-108218\" \/><\/a><\/p>\n<p>Schlederloh mit Maigl\u00f6ckchen.<\/p>\n<p><a href=\"https:\/\/www.vorspeisenplatte.de\/speisen\/archiv\/250503_07_PupplingerAu.jpg\"><img loading=\"lazy\" decoding=\"async\" src=\"https:\/\/www.vorspeisenplatte.de\/speisen\/archiv\/250503_07_PupplingerAu.jpg\" alt=\"Blick zwischen Zweigen von oben \u00fcber ein weites Flussdelta mit Kies und viel Gr\u00fcn\" width=\"630\" height=\"384\" class=\"alignnone size-full \" \/><\/a><\/p>\n<p>Blick \u00fcber die Pupplinger Au: Hier bahnt sich der Zusammenfluss von Loisach und Isar an.<\/p>\n<p><a href=\"https:\/\/www.vorspeisenplatte.de\/speisen\/archiv\/250503_12_Dorfen.jpg\"><img loading=\"lazy\" decoding=\"async\" src=\"https:\/\/www.vorspeisenplatte.de\/speisen\/archiv\/250503_12_Dorfen.jpg\" alt=\"Altes Dorfhaus mit ockerfarbener Fassade, leich verfallen, hinter pflanzenreichem Garten und h\u00f6lzernem Gartenzaun, um den sich die Stra\u00dfe nach oben biegt\" width=\"564\" height=\"423\" class=\"alignnone size-full \" \/><\/a><\/p>\n<p>Dorfen<\/p>\n<p><a href=\"https:\/\/www.vorspeisenplatte.de\/speisen\/archiv\/250503_13_Dorfen.jpg\"><img loading=\"lazy\" decoding=\"async\" src=\"https:\/\/www.vorspeisenplatte.de\/speisen\/archiv\/250503_13_Dorfen.jpg\" alt=\"Im Laubwald f\u00fchren Metallstufen mit Holzgel\u00e4nder einen Hang nach oben, im Vordergrund ein Wanderer von hinten mit blauer Jacke und rot-gr\u00fcnem Wanderrucksack\" width=\"377\" height=\"531\" class=\"alignnone size-full wp-image-108221\" \/><\/a><\/p>\n<p>Weg hin\u00fcber nach Wolfratshausen.<\/p>\n<p><a href=\"https:\/\/www.vorspeisenplatte.de\/speisen\/archiv\/250503_16_Wolfratshausen.jpg\"><img loading=\"lazy\" decoding=\"async\" src=\"https:\/\/www.vorspeisenplatte.de\/speisen\/archiv\/250503_16_Wolfratshausen.jpg\" alt=\"Im Vordergrund niedriges Tischchen mit zwei gef\u00fcllten Kuchentellern und zwei Cappuccinotassen, dahinter eine Ladenfl\u00e4che mit Regalen voller Cafeteras, Kaffeepackungen, S\u00fc\u00dfigkeiten\" width=\"393\" height=\"524\" class=\"alignnone size-full wp-image-108222\" \/><\/a><\/p>\n<p>Dort lie\u00dfen wir uns wie geplant im <a href=\"https:\/\/www.sueddeutsche.de\/muenchen\/wolfratshausen\/stadtmuseum-wolfratshausen-hubert-und-staller-cafe-1.5647940\" target=\"_blank\">Museums-Caf\u00e9 Velvet<\/a> auf Mittagscappuccino nieder, und weil es gerade passte, auch auf Fr\u00fchst\u00fcck mit einem St\u00fcck Torta dela nonna f\u00fcr mich (sehr gut!). Das n\u00e4chste Mal plane ich auch einen Besuch des Museums ein.<\/p>\n<p>Als wir an der Loisach entlang weiterzogen, trafen uns Regentropfen, aber genau daf\u00fcr hatten wir ja unsere Wanderjacken.<\/p>\n<p><a href=\"https:\/\/www.vorspeisenplatte.de\/speisen\/archiv\/250503_17_Wolfratshausen.jpg\"><img loading=\"lazy\" decoding=\"async\" src=\"https:\/\/www.vorspeisenplatte.de\/speisen\/archiv\/250503_17_Wolfratshausen.jpg\" alt=\"Blick einen schmalen Fluss entlang, ges\u00e4umt von B\u00e4umen, auf der Wasseroberfl\u00e4che Regentropfen, im Hintergrund erahnt man eine dunkel \u00fcberdachte Holzbr\u00fccke\" width=\"404\" height=\"445\" class=\"alignnone size-full wp-image-108223\" \/><\/a><\/p>\n<p><a href=\"https:\/\/www.vorspeisenplatte.de\/speisen\/archiv\/250503_18_Wolfratshausen.jpg\"><img loading=\"lazy\" decoding=\"async\" src=\"https:\/\/www.vorspeisenplatte.de\/speisen\/archiv\/250503_18_Wolfratshausen.jpg\" alt=\"Blick \u00fcber Fluss auf gegen\u00fcberliegendes Ufer, dort moderne H\u00e4user, dahinter bewaldete Anh\u00f6he, rechts angeschnitten eine \u00fcberdachte Holzbr\u00fccke\" width=\"531\" height=\"434\" class=\"alignnone size-full \" \/><\/a><\/p>\n<p><a href=\"https:\/\/www.vorspeisenplatte.de\/speisen\/archiv\/250503_20_Wolfratshausen.jpg\"><img loading=\"lazy\" decoding=\"async\" src=\"https:\/\/www.vorspeisenplatte.de\/speisen\/archiv\/250503_20_Wolfratshausen.jpg\" alt=\"Durch die Metallstreben einer Br\u00fccke Blick auf ein funktionales hohes Geb\u00e4ude, oben die Aufschrift &quot;Waidachm\u00fchle&quot;\" width=\"420\" height=\"528\" class=\"alignnone size-full wp-image-108225\" \/><\/a><\/p>\n<p><a href=\"https:\/\/www.vorspeisenplatte.de\/speisen\/archiv\/250503_22_Waidach.jpg\"><img loading=\"lazy\" decoding=\"async\" src=\"https:\/\/www.vorspeisenplatte.de\/speisen\/archiv\/250503_22_Waidach.jpg\" alt=\"Blick von unten einen Maibaum hinauf. Auf dem ersten Schild unten steht &quot;Auf Waidachs gr\u00fcnen Auen, soll dieser Baum hier schauen. Ein Symbol f\u00fcr Einigkeit und Kraft, die der gute Wille schafft. 2023&quot;\" width=\"413\" height=\"604\" class=\"alignnone size-full wp-image-108226\" srcset=\"https:\/\/www.vorspeisenplatte.de\/speisen\/archiv\/250503_22_Waidach.jpg 413w, https:\/\/www.vorspeisenplatte.de\/speisen\/archiv\/250503_22_Waidach-410x600.jpg 410w\" sizes=\"auto, (max-width: 413px) 100vw, 413px\" \/><\/a><\/p>\n<p>Hinauf zum Riemerschmidpark wurde der Weg schlechter (allerdings warnt jetzt endlich ein Schild Radler*innen vor der Weiterfahrt &#8211; sie m\u00fcndet in einen sehr steilen und wenig wegsamen Abstieg zum Fluss), erm\u00f6glichte am Ziel aber wieder eine sch\u00f6ne Aussicht.<\/p>\n<p>Der Regen hatte bald aufgeh\u00f6rt, ein wenig kam die Sonne heraus &#8211; und w\u00e4rmte sofort sehr.<\/p>\n<p><a href=\"https:\/\/www.vorspeisenplatte.de\/speisen\/archiv\/250503_26_IckingerWehr.jpg\"><img loading=\"lazy\" decoding=\"async\" src=\"https:\/\/www.vorspeisenplatte.de\/speisen\/archiv\/250503_26_IckingerWehr.jpg\" alt=\"Unter einer dunklen Bretterwand mit Fenstern, durch die man gr\u00fcne Flussauen sieht, eine Mauer mit Graffiti aus Fischen\" width=\"484\" height=\"363\" class=\"alignnone size-full wp-image-108227\" \/><\/a><\/p>\n<p>Ickinger Wehr von innen.<\/p>\n<p>Am Ickinger Wehr au\u00dfen sahen wir Bauarbeiten, hohe Kiesberge standen bereit, wom\u00f6glich die Umsetzung <a href=\"https:\/\/www.sueddeutsche.de\/muenchen\/wolfratshausen\/icking-wehr-isartal-radweg-bruecke-1.5950459\" target=\"_blank\">des Gemeinderatsbeschlusses von 2023, eine Radbr\u00fccke zu bauen<\/a>. Bislang m\u00fcssen Fahrr\u00e4der sich durch den engen Wehr-Durchgang f\u00e4deln, gestern mussten wir wegen zweier solcher auf dem R\u00fcckweg umkehren und sie erstmal durchlassen.<\/p>\n<p>Schon kurz nach Wolfratshausen hatte ich gestern Wanderwegweiser nach M\u00fcnchen entdeckt, die ab dort 30 Kilometer anzeigten. Sie standen auch oben in Icking, wo wir beschlossen, im jetzt warmen und sonnigen Wetter doch noch einen S-Bahnhof weiter bis nach Sch\u00e4ftlarn zu gehen. Zu Fu\u00df von Wolfratshausen nach M\u00fcnchen zu laufen, idealerweise immer nah an der Isar, erscheint mir ausgesprochen reizvoll. Wenn ich GPS-Daten dazu finde, mache ich das bald.<\/p>\n<p><a href=\"https:\/\/www.vorspeisenplatte.de\/speisen\/archiv\/250503_30_Icking.jpg\"><img loading=\"lazy\" decoding=\"async\" src=\"https:\/\/www.vorspeisenplatte.de\/speisen\/archiv\/250503_30_Icking.jpg\" alt=\"Eine weite Weide in der Sonne, auf der im Vordergrund einige Jungk\u00fche liegen, weiter hinten einige stehen, links ein landwirtschaftlicher Weg, im Hintergrund B\u00e4ume\" width=\"469\" height=\"492\" class=\"alignnone size-full wp-image-108228\" \/><\/a><\/p>\n<p>Auf diesem Zusatzst\u00fcck gab es Ausblicke \u00fcber Felder und bl\u00fchende B\u00e4ume.<\/p>\n<p><a href=\"https:\/\/www.vorspeisenplatte.de\/speisen\/archiv\/250503_31_Icking.jpg\"><img loading=\"lazy\" decoding=\"async\" src=\"https:\/\/www.vorspeisenplatte.de\/speisen\/archiv\/250503_31_Icking.jpg\" alt=\"Zwischen zwei Tannenst\u00e4mmen ein Wegkreuz, dahinter sonnige Felder und ein Feldrain\" width=\"393\" height=\"524\" class=\"alignnone size-full wp-image-108229\" \/><\/a><\/p>\n<p><a href=\"https:\/\/www.vorspeisenplatte.de\/speisen\/archiv\/250503_33_Schaeftlarn.jpg\"><img loading=\"lazy\" decoding=\"async\" src=\"https:\/\/www.vorspeisenplatte.de\/speisen\/archiv\/250503_33_Schaeftlarn.jpg\" alt=\"In sonniger Landschaft f\u00fchrt ein heller Schotterweg auf hohe B\u00e4ume zu, links ein Rapsfeld\" width=\"454\" height=\"605\" class=\"alignnone size-full wp-image-108230\" srcset=\"https:\/\/www.vorspeisenplatte.de\/speisen\/archiv\/250503_33_Schaeftlarn.jpg 454w, https:\/\/www.vorspeisenplatte.de\/speisen\/archiv\/250503_33_Schaeftlarn-450x600.jpg 450w\" sizes=\"auto, (max-width: 454px) 100vw, 454px\" \/><\/a><\/p>\n<p>Tiersichtungen unter anderem: Greifv\u00f6gel, Wasserv\u00f6gel, keine Schwalben oder Mauersegler, einen Kuckuck h\u00f6rten wir, vom Biber sahen wir deutliche Nagespuren, aber das Highlight war ein Fuchs, rot und mit m\u00e4chtig buschigem Schwanz, den wir im Sonnenlicht in einem Feldrain verschwinden sahen.<\/p>\n<p>In Sch\u00e4ftlarn kam eine versp\u00e4tete S-Bahn gerade passend und brachte uns zur U-Bahn ab Obersendling, diese uns nach Hause.<\/p>\n<p><a href=\"https:\/\/www.vorspeisenplatte.de\/speisen\/archiv\/250503_35_Obersendling.jpg\"><img loading=\"lazy\" decoding=\"async\" src=\"https:\/\/www.vorspeisenplatte.de\/speisen\/archiv\/250503_35_Obersendling.jpg\" alt=\"Wand aus grob gehauenen S\u00e4ulen, alle rostrot bis auf eine in Grau, quer dar\u00fcber ein blauer Metallstreifen, darauf &quot;Obersendling&quot;\" width=\"504\" height=\"380\" class=\"alignnone size-full \" \/><\/a><\/p>\n<p>Wir waren knapp 16 Kilometer in vier Stunden mit einer Pause unterwegs gewesen.<\/p>\n<p>Im Alnatura besorgte ich noch schnell Pflanzen f\u00fcr die n\u00e4chsten beiden Abendessen (ich einigte mich mit Herrn Kaltmamsell auf diese Bezeichnung, weil er Salat nicht als &#8220;Gem\u00fcse&#8221; gelten lie\u00df, das ich mir im Grunde w\u00fcnschte).<\/p>\n<p>Restlicher Nachmittag weiterhin warm genug f\u00fcr offene Balkont\u00fcr, ich las die Wochenend-Zeitung aus. Eine Runde Yoga-Gymnastik, ich probierte mal die von Gabi Fastner.<\/p>\n<p><a href=\"https:\/\/www.vorspeisenplatte.de\/speisen\/archiv\/250503_38_Nachtmahl.jpg\"><img loading=\"lazy\" decoding=\"async\" src=\"https:\/\/www.vorspeisenplatte.de\/speisen\/archiv\/250503_38_Nachtmahl.jpg\" alt=\"\" width=\"332\" height=\"422\" class=\"alignnone size-full wp-image-108232\" \/><\/a><\/p>\n<p>Als Abendessen gab es ger\u00e4uchterte Forelle von mir daheim mit Meerrettichsahne und selbstgebackenem Brot, als Salat Ruccola mit roter Paprika. Nachtisch Tiramisu.<\/p>\n<p>Fr\u00fch ins Bett zum Lesen, ich startete als neue Lekt\u00fcre Stephan Thome, <i>Pflaumenregen<\/i> aus der Bibliothek. <img loading=\"lazy\" decoding=\"async\" src=\"https:\/\/vg05.met.vgwort.de\/na\/87a4ceecf90e4c8aa5f3e1e00c4adb9f\" width=\"1\" height=\"1\" alt=\"\"\/><\/p>\n","protected":false},"excerpt":{"rendered":"<p>Wunderbar fr\u00fch aufgewacht, genau richtig f\u00fcr meine Pl\u00e4ne. Denn als Erstes machte ich mich gestern ans Brotbacken. Wie angek\u00fcndigt war das Wetter am Umschlagen, der Himmel bedeckt, die Luft k\u00fchl. Bald Abschied von unserem \u00dcbernachtungsgast, ich setzte mich \u00fcber Milchkaffee zum Bloggen. Weiterer Plan des Tages: Nach Fertigbacken des Brotes (eines der schnelleren Rezepte) Wandern [&hellip;]<\/p>\n","protected":false},"author":2,"featured_media":0,"comment_status":"open","ping_status":"closed","sticky":false,"template":"","format":"standard","meta":{"footnotes":""},"categories":[3,6,2,1,15],"tags":[],"class_list":["post-108210","post","type-post","status-publish","format-standard","hentry","category-bucher","category-essen","category-fotos","category-general","category-wandern"],"_links":{"self":[{"href":"https:\/\/www.vorspeisenplatte.de\/speisen\/wp-json\/wp\/v2\/posts\/108210","targetHints":{"allow":["GET"]}}],"collection":[{"href":"https:\/\/www.vorspeisenplatte.de\/speisen\/wp-json\/wp\/v2\/posts"}],"about":[{"href":"https:\/\/www.vorspeisenplatte.de\/speisen\/wp-json\/wp\/v2\/types\/post"}],"author":[{"embeddable":true,"href":"https:\/\/www.vorspeisenplatte.de\/speisen\/wp-json\/wp\/v2\/users\/2"}],"replies":[{"embeddable":true,"href":"https:\/\/www.vorspeisenplatte.de\/speisen\/wp-json\/wp\/v2\/comments?post=108210"}],"version-history":[{"count":3,"href":"https:\/\/www.vorspeisenplatte.de\/speisen\/wp-json\/wp\/v2\/posts\/108210\/revisions"}],"predecessor-version":[{"id":108240,"href":"https:\/\/www.vorspeisenplatte.de\/speisen\/wp-json\/wp\/v2\/posts\/108210\/revisions\/108240"}],"wp:attachment":[{"href":"https:\/\/www.vorspeisenplatte.de\/speisen\/wp-json\/wp\/v2\/media?parent=108210"}],"wp:term":[{"taxonomy":"category","embeddable":true,"href":"https:\/\/www.vorspeisenplatte.de\/speisen\/wp-json\/wp\/v2\/categories?post=108210"},{"taxonomy":"post_tag","embeddable":true,"href":"https:\/\/www.vorspeisenplatte.de\/speisen\/wp-json\/wp\/v2\/tags?post=108210"}],"curies":[{"name":"wp","href":"https:\/\/api.w.org\/{rel}","templated":true}]}}