{"id":108241,"date":"2025-05-05T06:14:46","date_gmt":"2025-05-05T04:14:46","guid":{"rendered":"https:\/\/www.vorspeisenplatte.de\/speisen\/?p=108241"},"modified":"2025-05-05T06:14:46","modified_gmt":"2025-05-05T04:14:46","slug":"journal-sonntag-4-mai-2025-ein-wenig-regen-beifang-aus-dem-internetz","status":"publish","type":"post","link":"https:\/\/www.vorspeisenplatte.de\/speisen\/2025\/05\/journal-sonntag-4-mai-2025-ein-wenig-regen-beifang-aus-dem-internetz.htm","title":{"rendered":"Journal Sonntag, 4. Mai 2025 &#8211; Ein wenig Regen, Beifang aus dem Internetz"},"content":{"rendered":"<p>Fr\u00fch aufgewacht, aber ganz munter. Die Stra\u00dfe vor dem Schlafzimmerfenster war nass, doch der Regen hatte den Boden unter B\u00e4umen trocken gelassen. Na gut, es war ja mehr versprochen.<\/p>\n<p>W\u00e4hrend ich von Null bloggte und Bilder bearbeitete, wurden das aber nicht mehr als zwei Regenschauer. \u00dcber den Tag regnete es immer wieder nur kurz &#8211; weiterhin zu wenig, um auch nur den Boden unter dem B\u00e4umen zu befeuchten.<\/p>\n<p>Doch das Wetter war unwirtlich genug, dass ich die U-Bahn zu meiner Schwimmrunde im Olympiabad nahm. Mit mir stiegen auffallend viele Menschen in Laufkleidung mit Sporttasche aus, offensichtlich war im Olympiapark ein organisiertes Laufen angesetzt. Ich bef\u00fcrchtete sofort, wie bereits passiert nach dem Schwimmen nicht mehr zur\u00fcck zum U-Bahnhof zu kommen, weil die Wege dazwischen zur Laufstrecke geh\u00f6ren w\u00fcrden.<\/p>\n<p>Das Schwimmbecken war sehr voll, wurde auch nach dem erfahrungsgem\u00e4\u00dfen Schichtwechsel gegen halb zw\u00f6lf nicht wirklich leerer. Ich kam dennoch auf meine Kosten und schwamm problemlos und schmerzfrei.<\/p>\n<p>Sie erinnern sich <a href=\"https:\/\/www.tiktok.com\/@binge\/video\/7260849518067895554?lang=de-DE\" target=\"_blank\" rel=\"noopener\">an den Laufstil von Phoebe<\/a>? Das gibt&#8217;s auch als Kraulstil, schon mehrfach im Schwimmbecken gesehen, u.a. gestern (<i>whatever rocks your boat<\/i>). Besonderheit dieses Mal: Sie trug dabei Flossen, fett Respekt.<\/p>\n<p>Problemloser R\u00fcckweg zur U-Bahn, ich konnte direkt und ungehindert von Absperrungen gehen. Fr\u00fchst\u00fcck um halb zwei: Grapefruit mit der allerletzten Avocado, die zum Abschied der Crowdfarming-Saison besonders gut schmeckte, selbstgebackenes Brot mit Butter und Marmelade.<\/p>\n<p>Nachmittag mit Lesen, einer kurzen Siesta (beim Augenschlie\u00dfen Erinnerung an die echten Siestas meiner Kindheit, im August auf Familienurlaub in Kastilien, als auf dem Dorf im Haus meiner Yaya alle in der Mittagshitze nach dem Mittagessen f\u00fcr ein Schl\u00e4fchen verschwanden &#8211; bis ich mich an die dazugeh\u00f6rigen Ger\u00e4usche erinnern konnte, schlief ich schon), Haushaltskruschen, u.a. Winterschuhe in den Keller gebracht.<\/p>\n<p>Eine elektrische Bialetti f\u00fcr eine Person (mich) und f\u00fcr meine Reisen gekauft. Recherchiert hatte ich die Existenz eines solchen Ger\u00e4ts bereits vor einer Weile, denn auch wenn ich in Hotels \u00fcbernachte, m\u00f6chte ich bitte nach dem Aufstehen erstmal meinen Milchkaffee\/Cappuccino (elektrischen Milchaufsch\u00e4umer besitze ich bereits seit vergangenem Jahr), und zwar ohne dass ich daf\u00fcr geduscht, frisiert und gekleidet bei einem Hotelfr\u00fchst\u00fcck aufkreuzen muss, dessen Rest ich eh nicht in Anspruch nehme, oder ebenso in ein Caf\u00e9 gehe. Auch angesehen hatte ich das Ger\u00e4t im Laden bereits &#8211; wo ich es auch gekauft h\u00e4tte, w\u00e4re mir nicht rechtzeitig eingefallen, dass der umweltfreundlichste Kauf der eines Gebrauchtsger\u00e4ts ist, das jemand anders nicht mehr haben will. Zwei Drittel des Neupreises (aber darum ging es mir nicht) inklusive Versand zahlte ich nun f\u00fcr ein als wenig benutzt beschriebenes Exemplar mit Originalverpackung und -gebrauchsanweisung.<\/p>\n<p>Als Nachtmahl ein weiteres Meerrettich-Gericht: Herr Kaltmamsell servierte hervorragenden Tafelspitz mit Meerrettichsauce. (Ich machte Gurken-Paprika-Salat mit Joghurt-Dressing dazu.)<\/p>\n<p><a href=\"https:\/\/www.vorspeisenplatte.de\/speisen\/archiv\/250504_01_Nachtmahl.jpg\"><img loading=\"lazy\" decoding=\"async\" class=\"alignnone size-full wp-image-108254\" src=\"https:\/\/www.vorspeisenplatte.de\/speisen\/archiv\/250504_01_Nachtmahl.jpg\" alt=\"Gedeckter Tisch, im Vordergrund ein Glasteller mit Tafelspitzscheiben unter heller Sauce, daneben kleine Kartoffeln, Mohrr\u00fcben, rechts daneben ein Sch\u00fcsselchen mit Salat aus Gurken und roten Paprika\" width=\"424\" height=\"329\" \/><\/a><\/p>\n<p>Nachtisch restliches Tiramisu und Osterschokolade.<\/p>\n<p>Fr\u00fch ins Bett zum Lesen, f\u00fcrs Einschlafen musste ich wieder das Fenster schlie\u00dfen, weil eine M\u00e4nnergruppe trotz leichtem Regen im Park vorm Schlafzimmer arg laut Gaudi hatte.<\/p>\n<p>\u00a7<\/p>\n<p>Freudige \u00dcberraschung in der Reise- und Mobilit\u00e4tsbeilage dieser Wochenend-<em>S\u00fcddeutschen<\/em>: Zwei gro\u00dfe Reise-Artikel, in denen Zug gefahren wurde:<br \/>\n1) Hier geht es in erster Linie um die Zugreise selbst (\u20ac):<br \/>\n<a href=\"https:\/\/www.sueddeutsche.de\/projekte\/artikel\/reise\/bahnfahren-zug-marrakesch-marokko-e971577\/?reduced=true\" target=\"_blank\" rel=\"noopener\">&#8220;Mit dem Zug nach Marrakesch&#8221;.<\/a><br \/>\n2) <a href=\"https:\/\/www.sueddeutsche.de\/projekte\/artikel\/reise\/spanien-wandern-urlaub-costa-brava-e626816\/?reduced=true\" target=\"_blank\" rel=\"noopener\">Wandern an der &#8220;anderen&#8221; Costa Brava (\u20ac)<\/a>, und in den Reiseinformationen hei\u00dft es unter &#8220;Anreise&#8221;: &#8220;Mit der Bahn von M\u00fcnchen&#8230;&#8221;<br \/>\nGeht doch!<\/p>\n<p>Apropos: Zugreiseblogger Sebastian Wilken hat eine der neuen Mini Cabins in den Nachtz\u00fcgen der \u00d6BB ausprobiert.<br \/>\n<a href=\"https:\/\/zugpost.org\/nightjet-mini-cabin\/\" target=\"_blank\" rel=\"noopener\">&#8220;Mini Cabin: Mein erstes Mal Nachtzug-Kapsel&#8221;.<\/a><\/p>\n<p>Gleich mal die Verbindung M\u00fcnchen-Rom in seiner Liste entdeckt &#8211; wobei bei mir pers\u00f6nlich noch die Neugier auf die Ausblicke w\u00e4hrend der Zugreise \u00fcberwiegt, Schlafen beim Zugfahren w\u00e4re mir nur bei bereits sehr vertrauten Strecken lieber.<\/p>\n<p>\u00a7<\/p>\n<p>Wundervolles Interview in der <i>taz<\/i> mit Maren Kroymann und Mithu Sanyal:<br \/>\n<a href=\"https:\/\/taz.de\/Maren-Kroymann-und-Mithu-Sanyal\/!6081487\/\" target=\"_blank\" rel=\"noopener\">&#8220;&#8216;Wer lacht, hat Macht'&#8221;.<\/a><\/p>\n<blockquote><p><strong>taz: Warum ist es bei Frauen so ein Thema, 50 plus zu sein und bei M\u00e4nnern nicht?<\/strong><\/p>\n<p>Sanyal: Ganz banal: Es liegt an der Fruchtbarkeit. Daf\u00fcr sind M\u00e4nner allerdings verzichtbarer. Du kannst mit relativ wenig M\u00e4nnern die Reproduktion am Laufen halten. Deshalb ist das Patriarchat auch nicht gut zu ihnen. Ein Beispiel: M\u00e4nner sterben f\u00fcnf Jahre fr\u00fcher als Frauen. Das liegt nicht daran, dass sie schneller kaputt gehen, sondern dass sie lernen, \u00fcber ihre Grenzen hinwegzugehen. Sie werden sogar viermal so h\u00e4ufig vom Blitz getroffen \u2013 oft genug beim Golfen \u2013, und der Blitz ist nicht sexistisch. Aber sie kriegen gesagt, sie sollen sich nicht so anstellen, ist doch nur ein bisschen Regen, davon stirbt man nicht. Manchmal offensichtlich schon.<\/p><\/blockquote>\n<p><img loading=\"lazy\" decoding=\"async\" src=\"https:\/\/vg05.met.vgwort.de\/na\/04f4215fb1c14e6e95a3373abf244daa\" alt=\"\" width=\"1\" height=\"1\" \/><\/p>\n","protected":false},"excerpt":{"rendered":"<p>Fr\u00fch aufgewacht, aber ganz munter. Die Stra\u00dfe vor dem Schlafzimmerfenster war nass, doch der Regen hatte den Boden unter B\u00e4umen trocken gelassen. Na gut, es war ja mehr versprochen. W\u00e4hrend ich von Null bloggte und Bilder bearbeitete, wurden das aber nicht mehr als zwei Regenschauer. \u00dcber den Tag regnete es immer wieder nur kurz &#8211; [&hellip;]<\/p>\n","protected":false},"author":2,"featured_media":0,"comment_status":"open","ping_status":"closed","sticky":false,"template":"","format":"standard","meta":{"footnotes":""},"categories":[6,1],"tags":[],"class_list":["post-108241","post","type-post","status-publish","format-standard","hentry","category-essen","category-general"],"_links":{"self":[{"href":"https:\/\/www.vorspeisenplatte.de\/speisen\/wp-json\/wp\/v2\/posts\/108241","targetHints":{"allow":["GET"]}}],"collection":[{"href":"https:\/\/www.vorspeisenplatte.de\/speisen\/wp-json\/wp\/v2\/posts"}],"about":[{"href":"https:\/\/www.vorspeisenplatte.de\/speisen\/wp-json\/wp\/v2\/types\/post"}],"author":[{"embeddable":true,"href":"https:\/\/www.vorspeisenplatte.de\/speisen\/wp-json\/wp\/v2\/users\/2"}],"replies":[{"embeddable":true,"href":"https:\/\/www.vorspeisenplatte.de\/speisen\/wp-json\/wp\/v2\/comments?post=108241"}],"version-history":[{"count":3,"href":"https:\/\/www.vorspeisenplatte.de\/speisen\/wp-json\/wp\/v2\/posts\/108241\/revisions"}],"predecessor-version":[{"id":108262,"href":"https:\/\/www.vorspeisenplatte.de\/speisen\/wp-json\/wp\/v2\/posts\/108241\/revisions\/108262"}],"wp:attachment":[{"href":"https:\/\/www.vorspeisenplatte.de\/speisen\/wp-json\/wp\/v2\/media?parent=108241"}],"wp:term":[{"taxonomy":"category","embeddable":true,"href":"https:\/\/www.vorspeisenplatte.de\/speisen\/wp-json\/wp\/v2\/categories?post=108241"},{"taxonomy":"post_tag","embeddable":true,"href":"https:\/\/www.vorspeisenplatte.de\/speisen\/wp-json\/wp\/v2\/tags?post=108241"}],"curies":[{"name":"wp","href":"https:\/\/api.w.org\/{rel}","templated":true}]}}