{"id":108372,"date":"2025-05-11T09:20:29","date_gmt":"2025-05-11T07:20:29","guid":{"rendered":"https:\/\/www.vorspeisenplatte.de\/speisen\/?p=108372"},"modified":"2025-05-11T15:08:05","modified_gmt":"2025-05-11T13:08:05","slug":"journal-samstag-10-mai-2025-von-wolfratshausen-heimgegangen-fast","status":"publish","type":"post","link":"https:\/\/www.vorspeisenplatte.de\/speisen\/2025\/05\/journal-samstag-10-mai-2025-von-wolfratshausen-heimgegangen-fast.htm","title":{"rendered":"Journal Samstag, 10. Mai 2025 &#8211; Von Wolfratshausen heimgegangen (fast)"},"content":{"rendered":"<p>Nach etwas unruhiger Nacht (schwieriges Atmen, weil meine Nasenschleimh\u00e4ute geschwollen waren &#8211; ich werde mir doch nicht Heuschnupfen zugezogen haben?) wachte ich fr\u00fch auf &#8211; gar nicht unwillig, den ich hatte Wanderpl\u00e4ne f\u00fcr diesen angek\u00fcndigten Sonnentag mit k\u00fchler Luft (= ideales Wanderwetter).<\/p>\n<p>Meine Wanderstiefel hatte ich am Vorabend frisch eingefettet &#8211; und zu meiner \u00dcberraschung und Entt\u00e4uschung festgestellt, dass sich nach nur zwei Jahren an diesen Meindl-Schuhen bereits eine Naht l\u00f6ste. Da es keine wichtige ist, trug ich die Stiefel trotzdem, muss sie aber bald zur Schusterin bringen.<\/p>\n<p>Die Wanderpl\u00e4ne: Vergangenen Samstag hatte ich <a href=\"https:\/\/www.vorspeisenplatte.de\/speisen\/2025\/05\/journal-samstag-3-mai-2025-wandern-entlang-loisach-und-isar-in-wechselndem-fruehlingswetter.htm\" target=\"_blank\">beim Wandern um Wolfratshausen<\/a> ein Wanderschild des Isartalvereins entdeckt, das einen Weg nach M\u00fcnchen auswies &#8211; das fand ich auf angenehmste Weise abgefahren, den wollte ich gehen. Auch GPS-Daten hatte ich dazu gefunden (allerdings nicht vom Isartalverein), auf die ich zur Not zur\u00fcckgreifen konnte, so nutzte ich die n\u00e4chstm\u00f6gliche Gelegenheit: gestern.<\/p>\n<p>Da auf von dem Schild von 30 Kilometern die Rede war, die Wegbeschreibung zum GPS-Track acht Stunden veranschlagte, brach ich zeitiger auf als sonst und startete kurz nach zehn vom Bahnhof Wolfratshausen. Immer mit der Erinnerung, dass mein Vater vor \u00fcber 20 Jahren (damals zwei Jahre \u00e4lter als ich heute und wenige Wochen nach einer Knie-OP) mit seinem besten Freund den Camino de Santiago mit Tagesetappen von <i>durchschnittlich<\/i> 30 Kilometern gegangen war.<\/p>\n<p><a href=\"https:\/\/www.vorspeisenplatte.de\/speisen\/archiv\/250510_11_Wolfratshausen.jpg\"><img loading=\"lazy\" decoding=\"async\" src=\"https:\/\/www.vorspeisenplatte.de\/speisen\/archiv\/250510_11_Wolfratshausen.jpg\" alt=\"Selfie einer Person mit Schirmm\u00fctze und Sonnenbrille im Gr\u00fcnen, hinter ihr Wanderwegweiser, u.a. \u201eM\u00fcnchen 30,0 km\u201c\" width=\"324\" height=\"432\" class=\"alignnone size-full wp-image-108397\" \/><\/a><\/p>\n<p>Start am ausschlaggebenden Schild im Norden von Wolfratshausen. Den ersten Abschnitt ging ich nach Erinnerung, ab Ebenhausen\/Sch\u00e4ftlarn folgte ich der GPS-Route &#8211; die ich auch brauchte, denn die Ausschilderung war sehr wenig zuverl\u00e4ssig (mir ist sehr bewusst, wie komplex und aufw\u00e4ndig eine gute Wegbeschilderung ist).<\/p>\n<p><a href=\"https:\/\/www.vorspeisenplatte.de\/speisen\/archiv\/250510_12_Riemerschmidpark.jpg\"><img loading=\"lazy\" decoding=\"async\" src=\"https:\/\/www.vorspeisenplatte.de\/speisen\/archiv\/250510_12_Riemerschmidpark.jpg\" alt=\"Breiter Wanderweg durch sonnigen, lichten Laubwald, dar\u00fcber blauer Himmel\" width=\"423\" height=\"564\" class=\"alignnone size-full wp-image-108398\" \/><\/a><\/p>\n<p><a href=\"https:\/\/www.vorspeisenplatte.de\/speisen\/archiv\/250510_15_Riemerschmidpark.jpg\"><img loading=\"lazy\" decoding=\"async\" src=\"https:\/\/www.vorspeisenplatte.de\/speisen\/archiv\/250510_15_Riemerschmidpark.jpg\" alt=\"Erh\u00f6hter Blick gerahmt von B\u00e4umen auf eine weite Gl\u00e4che mit Wald und Flussdelta, im Hintergrund dunstige Berge mit Wolkensaum\" width=\"640\" height=\"455\" class=\"alignnone size-full \" \/><\/a><\/p>\n<p>Blick vom Riemerschmidpark.<\/p>\n<p><a href=\"https:\/\/www.vorspeisenplatte.de\/speisen\/archiv\/250510_18_Riemerschmidpark.jpg\"><img loading=\"lazy\" decoding=\"async\" src=\"https:\/\/www.vorspeisenplatte.de\/speisen\/archiv\/250510_18_Riemerschmidpark.jpg\" alt=\"Durch eine L\u00fccke zwischen Laubbl\u00e4tterkronen Blick hinunter auf ein verwachsenes Flusstal im Sonnenlicht\" width=\"455\" height=\"517\" class=\"alignnone size-full wp-image-108400\" \/><\/a><\/p>\n<p>Pupplinger Au.<\/p>\n<p><a href=\"https:\/\/www.vorspeisenplatte.de\/speisen\/archiv\/250510_23_Ickinger_Wehr.jpg\"><img loading=\"lazy\" decoding=\"async\" src=\"https:\/\/www.vorspeisenplatte.de\/speisen\/archiv\/250510_23_Ickinger_Wehr.jpg\" alt=\"In der Sonne ein altes, h\u00f6lzernes Wehrgeb\u00e4ude mit rotem Dach, das sich im Fluss spiegelt\" width=\"564\" height=\"423\" class=\"alignnone size-full \" \/><\/a><\/p>\n<p>Ickinger Wehr. <\/p>\n<p><a href=\"https:\/\/www.vorspeisenplatte.de\/speisen\/archiv\/250510_24_Ickinger_Wehr.jpg\"><img loading=\"lazy\" decoding=\"async\" src=\"https:\/\/www.vorspeisenplatte.de\/speisen\/archiv\/250510_24_Ickinger_Wehr.jpg\" alt=\"Zuwachsender Bachlauf im Sonnenschein\" width=\"393\" height=\"524\" class=\"alignnone size-full wp-image-108402\" \/><\/a><\/p>\n<p>Oben in Icking fragte mich ein Wanderpaar, ob ich mich auskennte: Sie brauchten Entscheidungshilfe, ob sie an der Isar nach Kloster Sch\u00e4ftlarn oder nach Wolfratshausen gehen sollten. Ich erz\u00e4hlte <a href=\"https:\/\/www.vorspeisenplatte.de\/speisen\/2024\/07\/journal-samstag-27-juli-2024-hochsommerwandern-auf-einer-vergessenen-route.htm\" target=\"_blank\">vom eigenen Fehlversuch des vergangenen Jahres, einen Weg nach Kloster Sch\u00e4ftlarn zu schlagen<\/a> und schickte die beiden Richtung Wolfratshausen &#8211; mit der Empfehlung, einmal durchs Ickinger Wehr und zur\u00fcck zu gehen, weil das Holz in der Sonne so gut riecht (ihrer Miene nach war ihnen dieser Aspekt v\u00f6llig neu &#8211; tut mir leid, dass sie ausgerechnet an mich gerieten).<\/p>\n<p><a href=\"https:\/\/www.vorspeisenplatte.de\/speisen\/archiv\/250510_26_Icking.jpg\"><img loading=\"lazy\" decoding=\"async\" src=\"https:\/\/www.vorspeisenplatte.de\/speisen\/archiv\/250510_26_Icking.jpg\" alt=\"Blick einen sanften Grash\u00fcgel hinab auf Wald und Tal, dar\u00fcber blauer Himmel mit wenigen wei\u00dfen Wolken\" width=\"645\" height=\"484\" class=\"alignnone size-full \" \/><\/a><\/p>\n<p>Blick von Icking aus \u00fcbers Isartal.<\/p>\n<p><a href=\"https:\/\/www.vorspeisenplatte.de\/speisen\/archiv\/250510_28_Holzen.jpg\"><img loading=\"lazy\" decoding=\"async\" src=\"https:\/\/www.vorspeisenplatte.de\/speisen\/archiv\/250510_28_Holzen.jpg\" alt=\"Vor sonnenbeschienener Weide zwei wei\u00df-braun gefleckte Jungrinder im Schatten eines Baumes\" width=\"415\" height=\"580\" class=\"alignnone size-full wp-image-108404\" \/><\/a><\/p>\n<p><a href=\"https:\/\/www.vorspeisenplatte.de\/speisen\/archiv\/250510_30_Holzen.jpg\"><img loading=\"lazy\" decoding=\"async\" src=\"https:\/\/www.vorspeisenplatte.de\/speisen\/archiv\/250510_30_Holzen.jpg\" alt=\"Vor einer Wiese im Sonnenlicht eine m\u00e4chtige alte Rosskastanie, links daneben eine junge rote Kastanie\" width=\"569\" height=\"382\" class=\"alignnone size-full \" \/><\/a><\/p>\n<p>Eine der sch\u00f6nen Kastanien-Alleen um Holzen. Die nachgepflanzten B\u00e4ume sind alle rote Kastanien &#8211; ich unterstelle als Grund deren Resistenz gegen die Miniermotte.<\/p>\n<p><a href=\"https:\/\/www.vorspeisenplatte.de\/speisen\/archiv\/250510_31_Schaeftlarn.jpg\"><img loading=\"lazy\" decoding=\"async\" src=\"https:\/\/www.vorspeisenplatte.de\/speisen\/archiv\/250510_31_Schaeftlarn.jpg\" alt=\"Holzwand von innen, links ein gro\u00dfer offener Bogen in hellgr\u00fcne, sonnige Bachlandschaft, rechts an der Wand ein Schild mit der Aufschrift &quot;Maria Rast&quot;\" width=\"496\" height=\"349\" class=\"alignnone size-full wp-image-108406\" \/><\/a><\/p>\n<p>Kurz vor Kloster Sch\u00e4ftlarn &#8211; Inspiration f\u00fcr einen weiteren bayerischen Feiertag?<\/p>\n<p><a href=\"https:\/\/www.vorspeisenplatte.de\/speisen\/archiv\/250510_33_Schaeftlarn.jpg\"><img loading=\"lazy\" decoding=\"async\" src=\"https:\/\/www.vorspeisenplatte.de\/speisen\/archiv\/250510_33_Schaeftlarn.jpg\" alt=\"Links hinten ein barocker Kirchturm mit Uhr, rechts ein altes Wirtschaftsgeb\u00e4ude\" width=\"555\" height=\"433\" class=\"alignnone size-full \" \/><\/a><\/p>\n<p>Kloster Sch\u00e4ftlarn. Ich sah schon weitem, dass im Biergarten der Klostergastst\u00e4tte Hochbetrieb herrschte, Menschen waren mit Autos, Motorr\u00e4dern, Fahrr\u00e4dern gekommen. Also lie\u00df ich Mittagscappuccino aus und ging gleich weiter.<\/p>\n<p>Die zwei Stunden zwischen Kloster Sch\u00e4ftlarn und Baierbrunn waren wenig abwechslungsreich, halt ein breiter Schotterweg im Laubwald, genau das richtige f\u00fcr die vielen Radler*innen (zu gro\u00dfer Mehrheit mit Bio-Antrieb). Und eigentlich waren das vermutlich eh anderthalb Stunden: Ich hatte wohl eine Abzweigung verpasst und ging einen Umweg. <\/p>\n<p>Mittagspause deshalb sp\u00e4ter als eigentlich geplant: Ich wollte erst sicher sein, dass ich wieder auf dem richtigen Weg ging. Gerade in diesen Stunden kam ich an keinem Bankerl vorbei, also musste dieser halbwegs trockene Baumstamm als Sitzgelegenheit dienen.<\/p>\n<p><a href=\"https:\/\/www.vorspeisenplatte.de\/speisen\/archiv\/250510_35_Schaeftlarn.jpg\"><img loading=\"lazy\" decoding=\"async\" src=\"https:\/\/www.vorspeisenplatte.de\/speisen\/archiv\/250510_35_Schaeftlarn.jpg\" alt=\"Im Sonnenlicht zwischen Laubb\u00e4umen ein umgest\u00fcrzter Baumstamm, bereits fast kahlgebleicht\" width=\"363\" height=\"484\" class=\"alignnone size-full wp-image-108409\" \/><\/a><\/p>\n<p>Es gab \u00c4pfel und eine Nussschnecke (2,80 Euro &#8211; irgendwie habe ich bislang den Augenblick verpasst, in dem Kleingeb\u00e4ck so viel kostete, wie ich es von einem St\u00fcck Torte erwartet h\u00e4tte) (ich will gar nicht wissen, wie viel ein St\u00fcck Torte inzwischen kostet).<\/p>\n<p>Meine Kleidung erwies sich als perfekt f\u00fcr die k\u00fchle Luft: Ich hatte kein einziges Mal das Bed\u00fcrfnis, die Fleecejacke \u00fcber dem T-Shirt abzulegen.<\/p>\n<p><a href=\"https:\/\/www.vorspeisenplatte.de\/speisen\/archiv\/250510_37_Schaeftlarn.jpg\"><img loading=\"lazy\" decoding=\"async\" src=\"https:\/\/www.vorspeisenplatte.de\/speisen\/archiv\/250510_37_Schaeftlarn.jpg\" alt=\"Breiter, leicht absch\u00fcssiger Schotterweg zwischen Laubb\u00e4ume, dar\u00fcber blauer Himmel\" width=\"393\" height=\"524\" class=\"alignnone size-full wp-image-108410\" \/><\/a><\/p>\n<p>Irre Farben, aber auf die Dauer langweiliger Weg (au\u00dfer f\u00fcr schnelle Radler*innen).<\/p>\n<p><a href=\"https:\/\/www.vorspeisenplatte.de\/speisen\/archiv\/250510_39_Baierbrunn.jpg\"><img loading=\"lazy\" decoding=\"async\" src=\"https:\/\/www.vorspeisenplatte.de\/speisen\/archiv\/250510_39_Baierbrunn.jpg\" alt=\"Blick durch Baumst\u00e4mme auf nahen Fluss, im Vordergrund gemauerte Stufen f\u00fcr einen Zufluss\" width=\"423\" height=\"564\" class=\"alignnone size-full wp-image-108411\" \/><\/a><\/p>\n<p>Doch dann kam ich wieder nah an die Isar. Um den Preis, dass ich den Menschenl\u00e4rm (nur m\u00e4nnliche Stimmen), der das Tal die ganze Zeit emporgeschallt war, einordnen konnte: Flo\u00df-Party.<\/p>\n<p><a href=\"https:\/\/www.vorspeisenplatte.de\/speisen\/archiv\/250510_40_Baierbrunn.jpg\"><img loading=\"lazy\" decoding=\"async\" src=\"https:\/\/www.vorspeisenplatte.de\/speisen\/archiv\/250510_40_Baierbrunn.jpg\" alt=\"Blick durch Laub auf sonnigen Fluss mit wenig Wasser, darauf ein Holzflo\u00df mit vielen Menschen und einem roten Regenschirm\" width=\"397\" height=\"567\" class=\"alignnone size-full wp-image-108412\" \/><\/a><\/p>\n<p>Gerade als ich dachte: &#8220;Wenigstens haben sie keine Musik&#8221;, stimmte ein Party-Quartett auf dem Flo\u00df &#8220;Rosamunde&#8221; an. Die gr\u00f6\u00dfte Entt\u00e4uschung war aber, dass ich durch genaueres Hinschauen die Quelle eines eigenartiges Brumm-Ger\u00e4uschs erkannte: Das Flo\u00df hatte einen kleinen Au\u00dfenbord-Motor. Ich nehme an, dass nur so ein Zeitplan eingehalten werden kann.<\/p>\n<p>Selbst h\u00e4tte ich durchaus mal Lust auf eine Flo\u00dffahrt von Wolfratshausen nach Thalkirchen: Mit Biolog*innen\/Natursch\u00fctzer*innen, die mir Flora und Fauna von dort aus erkl\u00e4ren. Wir k\u00f6nnen gerne auch Brotzeit machen und einen Kanon zusammen singen. <\/p>\n<p><a href=\"https:\/\/www.vorspeisenplatte.de\/speisen\/archiv\/250510_42_Baierbrunn.jpg\"><img loading=\"lazy\" decoding=\"async\" src=\"https:\/\/www.vorspeisenplatte.de\/speisen\/archiv\/250510_42_Baierbrunn.jpg\" alt=\"Auf einem Fluss vor gr\u00fcnen Auen t\u00fcrmt sich Schwemmholz, rechts schieben sich Flo\u00dfruder und zwei Fl\u00f6\u00dfer ins Bild\" width=\"596\" height=\"379\" class=\"alignnone size-full \" \/><\/a><\/p>\n<p><a href=\"https:\/\/www.vorspeisenplatte.de\/speisen\/archiv\/250510_43_Baierbrunn.jpg\"><img loading=\"lazy\" decoding=\"async\" src=\"https:\/\/www.vorspeisenplatte.de\/speisen\/archiv\/250510_43_Baierbrunn.jpg\" alt=\"Schmaler Pfad, der sich durch L\u00e4ubb\u00e4ume zu einem FLussufer windet, durch die B\u00e4ume leuchtet blau das Wasser\" width=\"393\" height=\"524\" class=\"alignnone size-full wp-image-108415\" \/><\/a><\/p>\n<p><a href=\"https:\/\/www.vorspeisenplatte.de\/speisen\/archiv\/250510_46_Gruenwald.jpg\"><img loading=\"lazy\" decoding=\"async\" src=\"https:\/\/www.vorspeisenplatte.de\/speisen\/archiv\/250510_46_Gruenwald.jpg\" alt=\"Moderne, hohe Br\u00fccke vom Flussufer aus gesehen, sie f\u00fchrt auf einen hoch gelegenen Ort zu\" width=\"534\" height=\"370\" class=\"alignnone size-full \" \/><\/a><\/p>\n<p>N\u00e4chste Wegmarke: Die Gr\u00fcnwalder Br\u00fccke.<\/p>\n<p><a href=\"https:\/\/www.vorspeisenplatte.de\/speisen\/archiv\/250510_48_Gruenwald.jpg\"><img loading=\"lazy\" decoding=\"async\" src=\"https:\/\/www.vorspeisenplatte.de\/speisen\/archiv\/250510_48_Gruenwald.jpg\" alt=\"In einem Laubwald f\u00fchrt eine steinerne Treppe mit Eisen-Handlauf nach oben\" width=\"356\" height=\"504\" class=\"alignnone size-full wp-image-108417\" \/><\/a><\/p>\n<p>Treppe zur\u00fcck zum Hochufer.<\/p>\n<p><a href=\"https:\/\/www.vorspeisenplatte.de\/speisen\/archiv\/250510_51_Pullach.jpg\"><img loading=\"lazy\" decoding=\"async\" src=\"https:\/\/www.vorspeisenplatte.de\/speisen\/archiv\/250510_51_Pullach.jpg\" alt=\"Tempel-artige Kapelle in sonigem Laubwald, davor zwei Spazierg\u00e4ngerinnen\" width=\"517\" height=\"398\" class=\"alignnone size-full \" \/><\/a><\/p>\n<p>Ich lernte, dass Gr\u00fcnwald direkt in Pullach \u00fcbergeht. Zweite Pause auf DER Bank mit DER Aussicht, jetzt befand ich mich bereits auf meiner gewohnten Laufstrecke. <\/p>\n<p><a href=\"https:\/\/www.vorspeisenplatte.de\/speisen\/archiv\/250510_53_Pullach.jpg\"><img loading=\"lazy\" decoding=\"async\" src=\"https:\/\/www.vorspeisenplatte.de\/speisen\/archiv\/250510_53_Pullach.jpg\" alt=\"Sehr erh\u00f6hter, sehr weiter Blick \u00fcber bewaldete Flusslandschaft, darin ein gemauertes Wehr-Geb\u00e4ude\" width=\"579\" height=\"390\" class=\"alignnone size-full \" \/><\/a><\/p>\n<p>Ich setzte mich zu zwei Herrschaften, plauderte sogar.<\/p>\n<p>In dieser Pause beschloss ich, tats\u00e4chlich die ganze Strecke bis nach Hause gehen. Doch als ich aufstand und mich auf den Weg machte, merkte ich schnell, dass es genug war: Ich f\u00fchlte mich ersch\u00f6pft, mein Beine waren schwer, ich ging langsam.<\/p>\n<p><a href=\"https:\/\/www.vorspeisenplatte.de\/speisen\/archiv\/250510_56_Grosshesselohe.jpg\"><img loading=\"lazy\" decoding=\"async\" src=\"https:\/\/www.vorspeisenplatte.de\/speisen\/archiv\/250510_56_Grosshesselohe.jpg\" alt=\"Sehr erh\u00f6hter Blick auf Flussbett in Sonne\" width=\"614\" height=\"473\" class=\"alignnone size-full \" \/><\/a><\/p>\n<p>Blick von der Gro\u00dfhesseloher Br\u00fccke.<\/p>\n<p><a href=\"https:\/\/www.vorspeisenplatte.de\/speisen\/archiv\/250510_59_Isarwerk.jpg\"><img loading=\"lazy\" decoding=\"async\" src=\"https:\/\/www.vorspeisenplatte.de\/speisen\/archiv\/250510_59_Isarwerk.jpg\" alt=\"Blick \u00fcbers Wasser auf ein gro\u00dfes Wehrgeb\u00e4ude mit rotem Dach, davor zwei Schw\u00e4ne und mittem im Wasser aus Zweigen ein Nest\" width=\"608\" height=\"416\" class=\"alignnone size-full \" \/><\/a><\/p>\n<p>Isarwerk mit rechts br\u00fctendem Blesshuhn.<\/p>\n<p>Also war ich vern\u00fcnftig (wo es doch so cool gewesen w\u00e4re sagen zu k\u00f6nnen, dass ich von Wolfratshausen aus heim gegangen bin) und lie\u00df es bei Thalkirchen gut sein: Ich k\u00fcrzte die restlichen f\u00fcnf Kilometer ab und nahm die U-Bahn nach Hause. Siebeneinhalb Stunden und gut 29 Kilometer reichten.<\/p>\n<p>Was mich beim Gehen am meisten besch\u00e4ftigte (was es eh seit Lekt\u00fcre getan hatte): <a href=\"https:\/\/www.vorspeisenplatte.de\/speisen\/2025\/05\/journal-freitag-9-mai-2025-kuehle-sonne-abschied-von-margot-friedlaender.htm\" target=\"_blank\">Die Erkenntnisse von Historiker Daniel Blatman \u00fcber Grausamkeiten der deutschen Zivilbev\u00f6lkerung am Ende des Zweiten Weltkriegs.<\/a> Nicht nur bin ich ersch\u00fcttert \u00fcber diesen neuen Beleg unfassbarer Rohheit. Sondern er legt nahe: So ist die menschliche Natur. Was in Konsequenz bedeutet: Auch ich w\u00e4re dazu in der Lage.<\/p>\n<p>Auch wenn ich in der K\u00fchle nicht wirklich verschwitzt war, hatte ich zuhause gro\u00dfe Sehnsucht nach einer hei\u00dfen Dusche &#8211; also g\u00f6nnte ich sie mir.<\/p>\n<p>Gestern hatte die Post auch das B\u00fcchl <a href=\"https:\/\/www.isartalverein.de\/\" target=\"_blank\">des Isartalvereins<\/a> gebracht, das ich eine Woche zuvor f\u00fcr die gestrige Wanderung bestellt hatte, <i>Das Isartal<\/i> &#8211; nein auch das Buch verlinkt keinen GPS-Track (z.B. per QR-Code). Schaue ich f\u00fcrs n\u00e4chste Mal durch.<\/p>\n<p>Zum Nachtmahl hatte ich mir <a href=\"https:\/\/www.vorspeisenplatte.de\/rezepte\/shakshuka-mit-feta.htm\" target=\"_blank\">Shakshuka<\/a> gew\u00fcnscht, Herr Kaltmamsell machte uns eines.<\/p>\n<p><a href=\"https:\/\/www.vorspeisenplatte.de\/speisen\/archiv\/250510_61_Nachtmahl.jpg\"><img loading=\"lazy\" decoding=\"async\" src=\"https:\/\/www.vorspeisenplatte.de\/speisen\/archiv\/250510_61_Nachtmahl.jpg\" alt=\"Aufsicht auf einen gedeckten Tisch, in der Mitte eine weite Pfanne mit roter Sauce, darin vier gestockte Eier\" width=\"333\" height=\"444\" class=\"alignnone size-full wp-image-108422\" \/><\/a><\/p>\n<p>Dazu tranken wir die restliche Maibowle. Nachtisch Schokolade aus der sich bedrohlich leerenden S\u00fc\u00dfigkeitenkiste.<\/p>\n<p>\u00a7<\/p>\n<p>Wir lieben Eulen. Wir lieben Asterix. Zum besten bei Asterix geh\u00f6ren die Eulen, <a href=\"https:\/\/troet.cafe\/@Asterix_Archiv\/114477298297312821\" target=\"_blank\">hier eine Zusammenfassung<\/a>. <img loading=\"lazy\" decoding=\"async\" src=\"https:\/\/vg05.met.vgwort.de\/na\/2e435fc702fa4e4b83623d991d3a1a3d\" width=\"1\" height=\"1\" alt=\"\"\/><\/p>\n","protected":false},"excerpt":{"rendered":"<p>Nach etwas unruhiger Nacht (schwieriges Atmen, weil meine Nasenschleimh\u00e4ute geschwollen waren &#8211; ich werde mir doch nicht Heuschnupfen zugezogen haben?) wachte ich fr\u00fch auf &#8211; gar nicht unwillig, den ich hatte Wanderpl\u00e4ne f\u00fcr diesen angek\u00fcndigten Sonnentag mit k\u00fchler Luft (= ideales Wanderwetter). Meine Wanderstiefel hatte ich am Vorabend frisch eingefettet &#8211; und zu meiner \u00dcberraschung [&hellip;]<\/p>\n","protected":false},"author":2,"featured_media":0,"comment_status":"open","ping_status":"closed","sticky":false,"template":"","format":"standard","meta":{"footnotes":""},"categories":[6,2,1,15],"tags":[],"class_list":["post-108372","post","type-post","status-publish","format-standard","hentry","category-essen","category-fotos","category-general","category-wandern"],"_links":{"self":[{"href":"https:\/\/www.vorspeisenplatte.de\/speisen\/wp-json\/wp\/v2\/posts\/108372","targetHints":{"allow":["GET"]}}],"collection":[{"href":"https:\/\/www.vorspeisenplatte.de\/speisen\/wp-json\/wp\/v2\/posts"}],"about":[{"href":"https:\/\/www.vorspeisenplatte.de\/speisen\/wp-json\/wp\/v2\/types\/post"}],"author":[{"embeddable":true,"href":"https:\/\/www.vorspeisenplatte.de\/speisen\/wp-json\/wp\/v2\/users\/2"}],"replies":[{"embeddable":true,"href":"https:\/\/www.vorspeisenplatte.de\/speisen\/wp-json\/wp\/v2\/comments?post=108372"}],"version-history":[{"count":3,"href":"https:\/\/www.vorspeisenplatte.de\/speisen\/wp-json\/wp\/v2\/posts\/108372\/revisions"}],"predecessor-version":[{"id":108438,"href":"https:\/\/www.vorspeisenplatte.de\/speisen\/wp-json\/wp\/v2\/posts\/108372\/revisions\/108438"}],"wp:attachment":[{"href":"https:\/\/www.vorspeisenplatte.de\/speisen\/wp-json\/wp\/v2\/media?parent=108372"}],"wp:term":[{"taxonomy":"category","embeddable":true,"href":"https:\/\/www.vorspeisenplatte.de\/speisen\/wp-json\/wp\/v2\/categories?post=108372"},{"taxonomy":"post_tag","embeddable":true,"href":"https:\/\/www.vorspeisenplatte.de\/speisen\/wp-json\/wp\/v2\/tags?post=108372"}],"curies":[{"name":"wp","href":"https:\/\/api.w.org\/{rel}","templated":true}]}}