{"id":108434,"date":"2025-05-12T06:24:42","date_gmt":"2025-05-12T04:24:42","guid":{"rendered":"https:\/\/www.vorspeisenplatte.de\/speisen\/?p=108434"},"modified":"2025-05-12T06:24:42","modified_gmt":"2025-05-12T04:24:42","slug":"journal-sonntag-11-mai-2025-wasserereignisse","status":"publish","type":"post","link":"https:\/\/www.vorspeisenplatte.de\/speisen\/2025\/05\/journal-sonntag-11-mai-2025-wasserereignisse.htm","title":{"rendered":"Journal Sonntag, 11. Mai 2025 &#8211; Wasserereignisse"},"content":{"rendered":"<p>Gut und ausgeschlafen &#8211; ich hatte mich also bei den 29 Kilometer Wandern zwischen Wolfratshausen und Thalkirchen nicht verausgabt, das zahle ich immer mit unruhigem Schlaf.<\/p>\n<p>Der Blogpost \u00fcber Milchkaffee, Wasser, Ingwer-Kurkuma-Tee kostete viel Zeit, ich wollte ja auch viele Bilder festhalten (wo andere Menschen zum Bilderzeigen ihr Handy z\u00fccken und in ihrem Bilderspeicher bl\u00e4ttern, mehr oder weniger wohl sortiert, krame zwar auch ich zum Bilderzeigen mein Handy hervor, suche aber nach dem Blogpost, in dem ich es ver\u00f6ffentlicht habe: was es nicht ins Blog schafft, existiert im Grunde nicht).<\/p>\n<p>Drau\u00dfen wolkenloser Sonnenschein bei k\u00fchler Luft, trotz ein wenig Heizung fror ich in mehrlagiger Kleidung mit Socken. Umso mehr freute ich mich auf Bewegung: Radeln zum Olympiabad, Schwimmen &#8211; wohl der letzte Drinnenschwumm, ab 14. Mai kann ich das Dantebad im Freien und zu Sommerpreisen nutzen. <\/p>\n<p>F\u00fcr die Fahrt trug ich Janker und Halstuch, kurz nach zehn war es noch sehr frisch. Angenehmes Schwimmen, auch wenn wieder sehr viel los war: Ich sp\u00fcrte die Anstrengung des Vortags in keiner Weise, beim Kraulen arbeitet ja auch zu 80 Prozent der Oberk\u00f6rper. Heimradeln mit offener Jacke (die es nicht mal mehr gebraucht h\u00e4tte) \u00fcber Semmelkauf.<\/p>\n<p>Als ich heimkam, testete ich die k\u00fcrzlich gebraucht gekaufte elektrische (Reise-)Cafetera f\u00fcr Mittagscappuccino: Funktionierte, und der Cappuccino schmeckte mir.<\/p>\n<p>Vor dem Fr\u00fchst\u00fcck noch schnell Fingern\u00e4gelschneiden (gna, ich hatte doch gerade erst &#8211; na gut, vor zehn Tagen) &#8211; doch zum Fr\u00fchst\u00fcck kam es erstmal nicht. Denn es gab ein Wasserereignis.<\/p>\n<p><a href=\"https:\/\/www.vorspeisenplatte.de\/speisen\/archiv\/250511_01_Badkiste.jpg\"><img loading=\"lazy\" decoding=\"async\" src=\"https:\/\/www.vorspeisenplatte.de\/speisen\/archiv\/250511_01_Badkiste.jpg\" alt=\"Eine aufgeklappte kleine Kiste in der Sonne auf Balkonfliesen\" width=\"327\" height=\"426\" class=\"alignnone size-full wp-image-108450\" \/><\/a><\/p>\n<p>Diese Kiste trocknet gerade in der Sonne. Sie hatte sich von der gro\u00dfen Lache Wasser vollgesogen, die wir unterm Waschtisch im Bad entdeckten &#8211; und die zumindest nicht vom danebenliegenden Klo-Zulauf gespeist wurde, sondern vom abdrehbaren Warmwasserzulauf des Waschbeckens. Zefix.<\/p>\n<p>Allerdings erwies sich diese Kiste, in der das Wasser bereits zwei Zentimeter hoch stand, beim Leeren \u00fcberraschend als Nest f\u00fcr Kann-man-vielleicht-nochmal-brauchen-Dinge, gegen die ich mich immun gehalten hatte. Ich warf fast die H\u00e4lfte davon weg (z.B. Rundb\u00fcrsten mit vor Alter bereits klebrig gewordenem Griff), eine gute Gelegenheit.<\/p>\n<p>Fr\u00fchst\u00fcck wegen Wasserereignis unbeabsichtigt erst um halb drei: Rote Paprika (&lt;3), Mango mit Joghurt, K\u00f6rnersemmel mit Butter und Marmelade.  <\/p>\n<p>Danach zeigte sich: Das Wasser im Bad tropfte weiter, aus dem zugedrehten Ventil.<\/p>\n<p><a href=\"https:\/\/www.vorspeisenplatte.de\/speisen\/archiv\/250511_02_Badkonstrukt.jpg\"><img loading=\"lazy\" decoding=\"async\" src=\"https:\/\/www.vorspeisenplatte.de\/speisen\/archiv\/250511_02_Badkonstrukt.jpg\" alt=\"Unter einem Abfluss, direkt unter einem Drehknopf ein roter Trichter, der in eine eckige Plastikschale m\u00fcndet \" width=\"420\" height=\"348\" class=\"alignnone size-full wp-image-108451\" \/><\/a><\/p>\n<p>Herr Kaltmamsell konstruierte diesen Hilfsbau, der halten sollte, bis professionelle Hilfe kommt.<\/p>\n<p>Eigentlich hatte ich Balkonreinigung geplant, doch die verschob ich nochmal &#8211; zugunsten von Zeitunglesen auf dem ungereinigten Balkon. Unter anderem: Das <i>SZ-Magazin<\/i> feiert 35. Geburtstag mit einer Spendenaktion, man kann Dinge von oder Aktionen mit ber\u00fchmten Menschen erspenden.<\/p>\n<p>Was mein Traum als Leserin der ersten Stunde w\u00e4re: Ein Ehemaligentreffen meiner Lieblingsredakteur*innen aus 35 Jahren &#8211; und ich darf M\u00e4uschen spielen.<sup><a href=\"#footnote_1_108434\" id=\"identifier_1_108434\" class=\"footnote-link footnote-identifier-link\" title=\"Eigentlich Lieblingsredakteur*innen der ersten 25 Jahre, aus meiner Sicht ist das Magazin sehr beliebig geworden, aber ich bin alt, habe wahrscheinlich eine verzerrte Sicht und will ja mal nicht so sein.\">1<\/a><\/sup><\/p>\n<p>Eine geplante T\u00fcchtigkeit setzte ich aber um: B\u00fcgeln, es wurde wirklich Zeit, ich h\u00f6rte dabei Musik und stellte das B\u00fcgelbrett vor die offene Balkont\u00fcr.<\/p>\n<p>Zum Nachtmahl verwirklichte Herr Kaltmamsell einen schon l\u00e4nger gehegten Plan: Er machte <a href=\"https:\/\/seasonandserveblog.com\/2022\/01\/30\/cumin-lamb-noodles\/\" target=\"_blank\">chinesische Neujahrsnudeln<\/a>, servierte sie <a href=\"https:\/\/www.theguardian.com\/food\/2025\/apr\/30\/butter-sambal-pasta-lamb-noodles-recipes-julie-lin-meals-for-one\" target=\"_blank\">malaysisch gew\u00fcrzt mit Lammhack und Ernteanteil-Pakchoi<\/a>.<\/p>\n<p><a href=\"https:\/\/www.vorspeisenplatte.de\/speisen\/archiv\/250511_07_Nachtmahl.jpg\"><img loading=\"lazy\" decoding=\"async\" src=\"https:\/\/www.vorspeisenplatte.de\/speisen\/archiv\/250511_07_Nachtmahl.jpg\" alt=\"Mitten auf einem gedeckten Tisch eine gro\u00dfe Pfanne, darin breite Nudeln, St\u00fccke Pakchoi und Hackfleisch\" width=\"363\" height=\"484\" class=\"alignnone size-full wp-image-108452\" \/><\/a><\/p>\n<p>Das schmeckte ganz hervorragend (auch dem Koch, au\u00dferdem hatte ihm das Nudelproduzieren Spa\u00df gemacht &#8211; gute Chancen auf Wiederholung), unter anderem hatte er einen neuen, edlen Sechuanpfeffer verwendet, eine ganz andere Klasse als der bisherige im Gro\u00dfpack aus dem Asialaden. Nachtisch Schokoladenreste (immer noch genug).<\/p>\n<p>Lesen im Bett, beschienen vom Fast-Vollmond \u00fcberm Nu\u00dfbaumpark. <img loading=\"lazy\" decoding=\"async\" src=\"https:\/\/vg05.met.vgwort.de\/na\/61688b9466084b78b726f282ff0f219a\" width=\"1\" height=\"1\" alt=\"\"\/><\/p>\n<ol class=\"footnotes\"><li id=\"footnote_1_108434\" class=\"footnote\">Eigentlich Lieblingsredakteur*innen der ersten 25 Jahre, aus meiner Sicht ist das Magazin sehr beliebig geworden, aber ich bin alt, habe wahrscheinlich eine verzerrte Sicht und will ja mal nicht so sein.<span class=\"footnote-back-link-wrapper\"> [<a href=\"#identifier_1_108434\" class=\"footnote-link footnote-back-link\">&#8617;<\/a>]<\/span><\/li><\/ol>","protected":false},"excerpt":{"rendered":"<p>Gut und ausgeschlafen &#8211; ich hatte mich also bei den 29 Kilometer Wandern zwischen Wolfratshausen und Thalkirchen nicht verausgabt, das zahle ich immer mit unruhigem Schlaf. Der Blogpost \u00fcber Milchkaffee, Wasser, Ingwer-Kurkuma-Tee kostete viel Zeit, ich wollte ja auch viele Bilder festhalten (wo andere Menschen zum Bilderzeigen ihr Handy z\u00fccken und in ihrem Bilderspeicher bl\u00e4ttern, [&hellip;]<\/p>\n","protected":false},"author":2,"featured_media":0,"comment_status":"open","ping_status":"closed","sticky":false,"template":"","format":"standard","meta":{"footnotes":""},"categories":[6,1],"tags":[],"class_list":["post-108434","post","type-post","status-publish","format-standard","hentry","category-essen","category-general"],"_links":{"self":[{"href":"https:\/\/www.vorspeisenplatte.de\/speisen\/wp-json\/wp\/v2\/posts\/108434","targetHints":{"allow":["GET"]}}],"collection":[{"href":"https:\/\/www.vorspeisenplatte.de\/speisen\/wp-json\/wp\/v2\/posts"}],"about":[{"href":"https:\/\/www.vorspeisenplatte.de\/speisen\/wp-json\/wp\/v2\/types\/post"}],"author":[{"embeddable":true,"href":"https:\/\/www.vorspeisenplatte.de\/speisen\/wp-json\/wp\/v2\/users\/2"}],"replies":[{"embeddable":true,"href":"https:\/\/www.vorspeisenplatte.de\/speisen\/wp-json\/wp\/v2\/comments?post=108434"}],"version-history":[{"count":3,"href":"https:\/\/www.vorspeisenplatte.de\/speisen\/wp-json\/wp\/v2\/posts\/108434\/revisions"}],"predecessor-version":[{"id":108461,"href":"https:\/\/www.vorspeisenplatte.de\/speisen\/wp-json\/wp\/v2\/posts\/108434\/revisions\/108461"}],"wp:attachment":[{"href":"https:\/\/www.vorspeisenplatte.de\/speisen\/wp-json\/wp\/v2\/media?parent=108434"}],"wp:term":[{"taxonomy":"category","embeddable":true,"href":"https:\/\/www.vorspeisenplatte.de\/speisen\/wp-json\/wp\/v2\/categories?post=108434"},{"taxonomy":"post_tag","embeddable":true,"href":"https:\/\/www.vorspeisenplatte.de\/speisen\/wp-json\/wp\/v2\/tags?post=108434"}],"curies":[{"name":"wp","href":"https:\/\/api.w.org\/{rel}","templated":true}]}}