{"id":108462,"date":"2025-05-13T06:20:26","date_gmt":"2025-05-13T04:20:26","guid":{"rendered":"https:\/\/www.vorspeisenplatte.de\/speisen\/?p=108462"},"modified":"2025-05-13T06:20:26","modified_gmt":"2025-05-13T04:20:26","slug":"journal-montag-12-mai-2025-wasserkoordination","status":"publish","type":"post","link":"https:\/\/www.vorspeisenplatte.de\/speisen\/2025\/05\/journal-montag-12-mai-2025-wasserkoordination.htm","title":{"rendered":"Journal Montag, 12. Mai 2025 &#8211; Wasserkoordination"},"content":{"rendered":"<p>Gut geschlafen, wenn auch mit wirren Tr\u00e4umen, der Wecker rettete mich vor einer ansp\u00fclenden Angst-Welle.<\/p>\n<p>Aufgestanden zu strahlendem Sonnenschein und k\u00fchlen Temperaturen (die Freude \u00fcber den Sonnenschein will einfach nicht tragen beim Wissen um die derzeitige Trockenheit &#8211; es ist keinerlei Regen absehbar; da kann ich mir noch so sehr vor Augen f\u00fchren, dass es dem Boden keineswegs hilft, wenn ich mich <i>nicht<\/i> \u00fcber die Sonne freue). <\/p>\n<p>Der Tag war vom Morgen an dominiert von der lecken Wasserleitung im Bad: Unterschrank-Schubladen verr\u00e4umen, damit sie dem Putzmann nicht im Weg sind, Warnzettel an Putzmann hinterlassen, Leckage-Stelle neu sichern. Herr Kaltmamsell verst\u00e4ndigte die Hausverwaltung, ich stand mit Homeoffice-M\u00f6glichkeit in dieser Woche parat. \u00dcber den Vormittag ergab sich der Dienstag als Handwerker-Termin; die Firma h\u00e4tte zwar spontan auch am gleichen Vormittag eine L\u00fccke gehabt, aber weder Herr Kaltmamsell noch ich konnten von der Arbeit weg. Es war von &#8220;m\u00f6glicherweise die ganze Armatur austauschen&#8221; die Rede. Ich meldete mich f\u00fcr diesen Dienstag ins Heimb\u00fcro ab. (Und mal wieder denke ich an die Wohnungen im Haus, die die meiste Zeit leer stehen, weil sie nur Nebenwohnsitz der Mieter*innen sind. Nach der einen oder anderen Woche Abwesenheit, die ich ja immer wieder am sich f\u00fcllenden Briefkasten erkenne, w\u00e4re das Wasser auch im Bad der Mieter darunter unter Wasser gestanden.)<\/p>\n<p>Die Mittagspause nutzte ich f\u00fcr einen schnellen Abstecher per U-Bahn in die Innenstadt, um ein Medikament-Rezept auf meine Karte (in die Cloud) laden zu lassen. Es war sonnig mild, ich genoss die Bewegung. Und mein Treppentraining zeigte Wirkung: In gef\u00fchlt zwei Wimpernschl\u00e4gen stand ich vor der T\u00fcr der Arztpraxis im 6. Stock, die war beim letzten Besuch viel weiter oben gewesen.<\/p>\n<p>Zur\u00fcck am Schreibtisch gab es sp\u00e4ter zu Mittag \u00c4pfelchen und H\u00fcttenk\u00e4se.<\/p>\n<p>Zweite Woche des gef\u00fcrchteten Jourdiensts: Vergangene Woche war es ungew\u00f6hnlich ruhig gewesen, gestern ging daf\u00fcr die Post ab &#8211; ich war die meiste Zeit des Tages mit Recherche und Kontaktvermittlung besch\u00e4ftigt. <\/p>\n<p>Aus Anlass hiermit fortgesetztes Loblied auf das Deutschlandticket (WEIL N\u00c4MLICH: BEI UNS L\u00c4UFT AUCH MAL WAS RICHTIG GUT!): Ich habe mich so daran gew\u00f6hnt, im Nah- und Regionalverkehr einfach in die n\u00e4chstbeste Gelegenheit zu steigen, dass ich mich aktiv an die Grenzen dieser Bequemlichkeit erinnern muss. Dass ich zum Beispiel f\u00fcr den letzten Reiseabschnitt in England und den ersten der Heimreise von dort EIN TICKET KAUFEN muss.<\/p>\n<p>Nach Feierabend durch die herrliche Sonne \u00fcber Lebensmitteleink\u00e4ufe nach Hause, der Wind machte eine Jacke n\u00f6tig.<\/p>\n<p>Daheim nach zwei Abenden Pause wieder Yoga-Gymnastik. Vor dem Abendessen naschte ich noch kandierte Chilies: Ich hatte sie im Spanischen Fr\u00fcchtehaus entdeckt und unbedingt mal probieren wollen &#8211; auch diesen Wunsch erf\u00fcllte mir Herr Kaltmamsell.<\/p>\n<p><a href=\"https:\/\/www.vorspeisenplatte.de\/speisen\/archiv\/250512_08_KandierteChilies.jpg\"><img loading=\"lazy\" decoding=\"async\" src=\"https:\/\/www.vorspeisenplatte.de\/speisen\/archiv\/250512_08_KandierteChilies.jpg\" alt=\"Auf einer durchsichtigen Plastikfolie drei kandierte Chilischoten: dunkelrot, gelb und gr\u00fcn\" width=\"391\" height=\"276\" class=\"alignnone size-full wp-image-108474\" \/><\/a><\/p>\n<p>Schmeckte \u00fcberhaupt nicht scharf, aber ein wenig nach Chili.<\/p>\n<p>Eigentliches Nachtmahl war Komponentenessen: Restliche Ernteanteil-Kartoffeln aus dem Ofen, Bratk\u00e4se, gr\u00fcner Spargel gebraten. Nachtisch Eiscreme (Pistazie-Vanille, eher langweilig), Schokolade.<\/p>\n<p>F\u00fcr den Wien-Urlaub Ende August eine Unterkunft gefunden, unter Umgehung von AirBnB bei FeWo-direkt. Nichts Sensationelles, aber ordentlich und g\u00fcnstig &#8211; das gesparte Geld verfressen wir.<\/p>\n<p>In der Abendd\u00e4mmerung stellte ich mich hin und wieder auf den (immer noch schmutzigen) Balkon und guckte erst Mauersegler, dann Flederm\u00e4use.<\/p>\n<p>\u00a7<\/p>\n<blockquote><p>Sie selbst m\u00fcsste dann aber wieder weinen, wenn sie ihre Geschichte erz\u00e4hlt, das m\u00f6chte sie nicht.<\/p><\/blockquote>\n<p><a href=\"https:\/\/crocodylus.blog\/2025\/05\/11\/wer-will-es-noch-wissen\/\" target=\"_blank\">Crocos Tante ist eine der letzten Zeitzeuginnen.<\/a><\/p>\n<p>\u00a7<\/p>\n<p><a href=\"https:\/\/www.smithsonianmag.com\/smart-news\/rare-pink-manta-ray-spotted-near-australias-lady-elliot-island-180974196\/\" target=\"_blank\">In der N\u00e4he Australiens lebt ein rosa Rochen.<\/a> Forscher*innen haben m\u00f6gliche Ursachen durchgecheckt:<br \/>\nErn\u00e4hrung &#8211; nein.<br \/>\nStress &#8211; nein.<br \/>\nToxine &#8211; nein.<br \/>\nInfektion &#8211; nein.<br \/>\nDerzeit gehen sie von einer seltenen Gen-Mutation aus. <img loading=\"lazy\" decoding=\"async\" src=\"https:\/\/vg05.met.vgwort.de\/na\/2c48324aab8045c4bf72a54b24125910\" width=\"1\" height=\"1\" alt=\"\"\/><\/p>\n","protected":false},"excerpt":{"rendered":"<p>Gut geschlafen, wenn auch mit wirren Tr\u00e4umen, der Wecker rettete mich vor einer ansp\u00fclenden Angst-Welle. Aufgestanden zu strahlendem Sonnenschein und k\u00fchlen Temperaturen (die Freude \u00fcber den Sonnenschein will einfach nicht tragen beim Wissen um die derzeitige Trockenheit &#8211; es ist keinerlei Regen absehbar; da kann ich mir noch so sehr vor Augen f\u00fchren, dass es [&hellip;]<\/p>\n","protected":false},"author":2,"featured_media":0,"comment_status":"open","ping_status":"closed","sticky":false,"template":"","format":"standard","meta":{"footnotes":""},"categories":[6,1],"tags":[],"class_list":["post-108462","post","type-post","status-publish","format-standard","hentry","category-essen","category-general"],"_links":{"self":[{"href":"https:\/\/www.vorspeisenplatte.de\/speisen\/wp-json\/wp\/v2\/posts\/108462","targetHints":{"allow":["GET"]}}],"collection":[{"href":"https:\/\/www.vorspeisenplatte.de\/speisen\/wp-json\/wp\/v2\/posts"}],"about":[{"href":"https:\/\/www.vorspeisenplatte.de\/speisen\/wp-json\/wp\/v2\/types\/post"}],"author":[{"embeddable":true,"href":"https:\/\/www.vorspeisenplatte.de\/speisen\/wp-json\/wp\/v2\/users\/2"}],"replies":[{"embeddable":true,"href":"https:\/\/www.vorspeisenplatte.de\/speisen\/wp-json\/wp\/v2\/comments?post=108462"}],"version-history":[{"count":3,"href":"https:\/\/www.vorspeisenplatte.de\/speisen\/wp-json\/wp\/v2\/posts\/108462\/revisions"}],"predecessor-version":[{"id":108490,"href":"https:\/\/www.vorspeisenplatte.de\/speisen\/wp-json\/wp\/v2\/posts\/108462\/revisions\/108490"}],"wp:attachment":[{"href":"https:\/\/www.vorspeisenplatte.de\/speisen\/wp-json\/wp\/v2\/media?parent=108462"}],"wp:term":[{"taxonomy":"category","embeddable":true,"href":"https:\/\/www.vorspeisenplatte.de\/speisen\/wp-json\/wp\/v2\/categories?post=108462"},{"taxonomy":"post_tag","embeddable":true,"href":"https:\/\/www.vorspeisenplatte.de\/speisen\/wp-json\/wp\/v2\/tags?post=108462"}],"curies":[{"name":"wp","href":"https:\/\/api.w.org\/{rel}","templated":true}]}}