{"id":108699,"date":"2025-05-21T05:52:59","date_gmt":"2025-05-21T03:52:59","guid":{"rendered":"https:\/\/www.vorspeisenplatte.de\/speisen\/?p=108699"},"modified":"2025-05-21T05:52:59","modified_gmt":"2025-05-21T03:52:59","slug":"journal-dienstag-20-mai-2025-kein-laptop-keine-arbeit","status":"publish","type":"post","link":"https:\/\/www.vorspeisenplatte.de\/speisen\/2025\/05\/journal-dienstag-20-mai-2025-kein-laptop-keine-arbeit.htm","title":{"rendered":"Journal Dienstag, 20. Mai 2025 &#8211; Kein Laptop, keine Arbeit"},"content":{"rendered":"<p>Durch Weckerklingeln in einen weiteren freundlichen Tag geweckt worden.<\/p>\n<p>Ein nicht zu sommerliches Kleid aus dem Schrank geholt &#8211; wo es sich in den sieben bis acht Monaten seit B\u00fcgeln erdreistet hatte zu verknittern. Dann war das halt so, ich bildete mir ein, dass man ihm zumindest ansah, dass es schon mal geb\u00fcgelt worden war.<\/p>\n<p><a href=\"https:\/\/www.vorspeisenplatte.de\/speisen\/archiv\/250520_04_Beethovenstr.jpg\"><img loading=\"lazy\" decoding=\"async\" src=\"https:\/\/www.vorspeisenplatte.de\/speisen\/archiv\/250520_04_Beethovenstr.jpg\" alt=\"Seite eines roten Lieferwagens, der sehr schmutzig ist, in den Schmutz ist ein Gesicht gezeichnet, dar\u00fcber Laub\" width=\"430\" height=\"467\" class=\"alignnone size-full wp-image-108710\" \/><\/a><\/p>\n<p>Wer ein Auto lang genug unter B\u00e4umen stehen l\u00e4sst, schafft Graffiti-Fl\u00e4che. Morgens war es noch entschieden Jacken-k\u00fchl, doch \u00fcber den Tag wurde es angenehm mild, auch die Sonne kam immer wieder durch.<\/p>\n<p>Emsiger Arbeitsvormittag, darunter eine Besprechung mit hochinteressantem Einblick in die T\u00e4tigkeiten und Pl\u00e4ne anderer.<\/p>\n<p>Die Tagesroutine wurde durchgew\u00fcrfelt durch die Kaffeeverabredung mit einer Kollegin um 13 Uhr &#8211; weil dadurch kein Mittagscappuccino vorher drin war und ich mein Mittagessen (Apfel, Sahnequark mit Joghurt) vorzog. Wo doch gestern ohnehin einiges anders war, weil ich einen Termin zum Betriebssystem-Update meines Arbeits-Laptops hatte.<\/p>\n<p>Das Ger\u00e4t gab ich p\u00fcnktlich zum vereinbarten Termin um 15 Uhr ab. Doch mir war original erst gestern klargeworden, dass ich dadurch keinen Arbeitsrechner hatte und anschlie\u00dfend f\u00fcr den Rest des Tages und bis zum Abholen am n\u00e4chsten Morgen nicht arbeitsf\u00e4hig war. (Nur falls Sie mir bislang sowas wie Intelligenz zugeschrieben hatten.) Also r\u00e4umte ich danach nur noch ein wenig rum und machte sehr fr\u00fch Feierabend. Diesen nutzte ich f\u00fcr Besorgungen, unter anderem ben\u00f6tigte ich Briefmarken-Nachschub. Doch siehe da: Nachdem ein DHL-Shop mir im Vorjahr weisgemacht hatte, er k\u00f6nne keine Pakete ins Ausland annehmen (Deutsche Post kannte auf Nachfrage keine solche Beschr\u00e4nkung), verweigerte mir ein anderer nun Karten-Zahlung f\u00fcr Briefmarken, das erlaube die Deutsche Post nicht (auch wenn ich in genau diesem DHL-Shop bereits zweimal Briefmarken bargeldlos gekauft hatte).<\/p>\n<p>Infrastruktur geh\u00f6rt meiner \u00dcberzeugung nach nicht in private und damit rein profitorientierte H\u00e4nde, weder Verkehrswege noch Energie-Infrastruktur oder Wasser\/Abwasser. Und auch nicht die Post. Stimmen Sie mich gerne um.<\/p>\n<p><a href=\"https:\/\/www.vorspeisenplatte.de\/speisen\/archiv\/250520_07_Esperantopl.jpg\"><img loading=\"lazy\" decoding=\"async\" src=\"https:\/\/www.vorspeisenplatte.de\/speisen\/archiv\/250520_07_Esperantopl.jpg\" alt=\"Im Vordergrund die Seite eines Altglascontainers, darauf in Gelb ein Geist gespr\u00fcht. Im Hintergrund ein Platz mit Altbauten, dar\u00fcber wolkiger Himmel\" width=\"422\" height=\"445\" class=\"alignnone size-full wp-image-108711\" \/><\/a><\/p>\n<p>Esperantoplatz an der Theresienwiese.<\/p>\n<p>Also legte ich meinen Heimweg \u00fcber die noch verbliebene Post am Goetheplatz, als Gro\u00dfstadtbewohnerin bin ich ja privilegiert. Dort verkaufte man mir Briefmarken. Mit Kartenzahlung.<\/p>\n<p>Aussicht auf eine auch weiter wilde Woche: Mittwoch feingetaktet wegen Rosentag-Ritualen (und Laufpl\u00e4nen), Donnerstag Homeoffice wegen Handwerkertermin, Freitag Urlaubs\u00fcbergaben nach oben und zur Seite, weil dann eine Woche Urlaub.<\/p>\n<p>Daheim H\u00e4uslichkeiten, Yoga-Gymnastik, zum Nachtmahl steuerte ich Salat-Dressing bei. Herr Kaltmamsell machte aus den restlichen doofen Ernteanteil-Kartoffeln spanische Tortilla, spanischen K\u00e4se hatten wir auch noch.<\/p>\n<p><a href=\"https:\/\/www.vorspeisenplatte.de\/speisen\/archiv\/250520_08_Nachtmahl.jpg\"><img loading=\"lazy\" decoding=\"async\" src=\"https:\/\/www.vorspeisenplatte.de\/speisen\/archiv\/250520_08_Nachtmahl.jpg\" alt=\"Aufsicht auf einen gedeckten Tisch, darauf unten ein Teller mit K\u00e4se-Dreiecken, in der Mitte eine sehr gro\u00dfe Sch\u00fcssel gr\u00fcner Salat, oben ein Teller mit einer kleinen Kartoffel-Tortilla\" width=\"347\" height=\"484\" class=\"alignnone size-full wp-image-108713\" \/><\/a><\/p>\n<p>Gutes Abendessen. Nachtisch Erdbeeren und Schokolade.<\/p>\n<p>Fr\u00fch ins Bett zum Lesen.<\/p>\n<p>\u00a7<\/p>\n<p>\u00dcber drei Ecken herbei-assoziiert &#8211; und dann \u00fcberrascht gewesen, wie gut sich die Nummer gehalten hat: Die &#8220;Wilmersdorfer Witwen&#8221; aus meinem Musical-Liebling <i>Linie 1<\/i>.<\/p>\n<div class=\"video-wrapped\" style=\"width: 500px; height: 375px; background-image: url('https:\/\/www.vorspeisenplatte.de\/speisen\/wp-content\/plugins\/video-embed-privacy\/preview\/JQmL7qmPCPw.jpg')\" data-embed-frame=\"&lt;iframe title=&quot;Wilmersdorfer Witwen Linie 1&quot; width=&quot;500&quot; height=&quot;375&quot; src=&quot;https:\/\/www.youtube.com\/embed\/JQmL7qmPCPw?feature=oembed&quot; frameborder=&quot;0&quot; allow=&quot;accelerometer; autoplay; clipboard-write; encrypted-media; gyroscope; picture-in-picture; web-share&quot; referrerpolicy=&quot;strict-origin-when-cross-origin&quot; allowfullscreen&gt;&lt;\/iframe&gt;\" data-embed-play=\"Abspielen&lt;div class=&quot;small&quot;&gt;Das Video wird von Youtube eingebettet abespielt. Es gilt die &lt;a href=&quot;https:\/\/www.google.com\/intl\/de\/policies\/privacy\/&quot; target=&quot;_blank&quot;&gt;Datenschutzerkl\u00e4rung von Google&lt;\/a&gt;&lt;\/div&gt;\">\n<div class=\"video-wrapped-nojs\">Aktivieren Sie JavaScript um das Video zu sehen.<br \/><a href=\"https:\/\/youtu.be\/JQmL7qmPCPw?si=8Um3rnlWS39N22a9\">https:\/\/youtu.be\/JQmL7qmPCPw?si=8Um3rnlWS39N22a9<\/a><\/div>\n<\/div>\n<p><img loading=\"lazy\" decoding=\"async\" src=\"https:\/\/vg05.met.vgwort.de\/na\/733740e694554aba957093af01346d51\" width=\"1\" height=\"1\" alt=\"\"\/><\/p>\n","protected":false},"excerpt":{"rendered":"<p>Durch Weckerklingeln in einen weiteren freundlichen Tag geweckt worden. Ein nicht zu sommerliches Kleid aus dem Schrank geholt &#8211; wo es sich in den sieben bis acht Monaten seit B\u00fcgeln erdreistet hatte zu verknittern. Dann war das halt so, ich bildete mir ein, dass man ihm zumindest ansah, dass es schon mal geb\u00fcgelt worden war. [&hellip;]<\/p>\n","protected":false},"author":2,"featured_media":0,"comment_status":"open","ping_status":"closed","sticky":false,"template":"","format":"standard","meta":{"footnotes":""},"categories":[6,2,1],"tags":[],"class_list":["post-108699","post","type-post","status-publish","format-standard","hentry","category-essen","category-fotos","category-general"],"_links":{"self":[{"href":"https:\/\/www.vorspeisenplatte.de\/speisen\/wp-json\/wp\/v2\/posts\/108699","targetHints":{"allow":["GET"]}}],"collection":[{"href":"https:\/\/www.vorspeisenplatte.de\/speisen\/wp-json\/wp\/v2\/posts"}],"about":[{"href":"https:\/\/www.vorspeisenplatte.de\/speisen\/wp-json\/wp\/v2\/types\/post"}],"author":[{"embeddable":true,"href":"https:\/\/www.vorspeisenplatte.de\/speisen\/wp-json\/wp\/v2\/users\/2"}],"replies":[{"embeddable":true,"href":"https:\/\/www.vorspeisenplatte.de\/speisen\/wp-json\/wp\/v2\/comments?post=108699"}],"version-history":[{"count":3,"href":"https:\/\/www.vorspeisenplatte.de\/speisen\/wp-json\/wp\/v2\/posts\/108699\/revisions"}],"predecessor-version":[{"id":108718,"href":"https:\/\/www.vorspeisenplatte.de\/speisen\/wp-json\/wp\/v2\/posts\/108699\/revisions\/108718"}],"wp:attachment":[{"href":"https:\/\/www.vorspeisenplatte.de\/speisen\/wp-json\/wp\/v2\/media?parent=108699"}],"wp:term":[{"taxonomy":"category","embeddable":true,"href":"https:\/\/www.vorspeisenplatte.de\/speisen\/wp-json\/wp\/v2\/categories?post=108699"},{"taxonomy":"post_tag","embeddable":true,"href":"https:\/\/www.vorspeisenplatte.de\/speisen\/wp-json\/wp\/v2\/tags?post=108699"}],"curies":[{"name":"wp","href":"https:\/\/api.w.org\/{rel}","templated":true}]}}