{"id":108719,"date":"2025-05-22T09:09:38","date_gmt":"2025-05-22T07:09:38","guid":{"rendered":"https:\/\/www.vorspeisenplatte.de\/speisen\/?p=108719"},"modified":"2025-05-22T09:09:38","modified_gmt":"2025-05-22T07:09:38","slug":"journal-mittwoch-21-mai-2025-32-rosentag","status":"publish","type":"post","link":"https:\/\/www.vorspeisenplatte.de\/speisen\/2025\/05\/journal-mittwoch-21-mai-2025-32-rosentag.htm","title":{"rendered":"Journal Mittwoch, 21. Mai 2025 &#8211; 32. Rosentag"},"content":{"rendered":"<p>Sehr fr\u00fcher Wecker f\u00fcr eine Laufrunde vor der Arbeit, ich konnte bereits die Stunde davor nicht mehr schlafen.<\/p>\n<p>Das Drau\u00dfen d\u00fcster und wenig einladend, doch es war nicht wirklich kalt und roch gut nach Wachstum. Auf den ersten Metern erwischten mich ein paar Regentropfen, aber ich wusste ja, dass das leider kein echter Regen werden w\u00fcrde.<\/p>\n<p>Mein K\u00f6rper spielte gut mit, manchmal kam ich sogar ins Gedankenlaufenlassen &#8211; doch die wollten ja doch nur die Tagesplanung nochmal und nochmal durchspielen, f\u00fchlte sich nicht sehr befl\u00fcgelnd an. Doch ich genoss die sehr menschenarmen Wege.<\/p>\n<p><a href=\"https:\/\/www.vorspeisenplatte.de\/speisen\/archiv\/250521_01a_Stephansplatz.jpg\"><img loading=\"lazy\" decoding=\"async\" src=\"https:\/\/www.vorspeisenplatte.de\/speisen\/archiv\/250521_01a_Stephansplatz.jpg\" alt=\"Ein Altstadtplatz in d\u00fcsterem Morgenlicht, darauf ein gro\u00dfer Baum mit hellem Laub, davor ein kleiner hellgr\u00fcn lackierter Holzwagen, an dem ein Licht leuchtet und auf dem \u201eZuh\u00f6rraum\u201c steht \" width=\"475\" height=\"594\" class=\"alignnone size-full wp-image-108732\" \/><\/a><\/p>\n<p>Stephansplatz &#8211; <a href=\"https:\/\/www.momohoertzu.de\/zuhoerraum\" target=\"_blank\">dieser Zuh\u00f6rraum wird von einem Verein betrieben<\/a>.<\/p>\n<p><a href=\"https:\/\/www.vorspeisenplatte.de\/speisen\/archiv\/250521_02_Westermuehlbach.jpg\"><img loading=\"lazy\" decoding=\"async\" src=\"https:\/\/www.vorspeisenplatte.de\/speisen\/archiv\/250521_02_Westermuehlbach.jpg\" alt=\"Asphaltierter Fu\u00dfweg zwischen belaubten gro\u00dfen B\u00e4umen\" width=\"423\" height=\"564\" class=\"alignnone size-full wp-image-108733\" \/><\/a><\/p>\n<p><a href=\"https:\/\/www.vorspeisenplatte.de\/speisen\/archiv\/250521_04_Wittelsbacherbr.jpg\"><img loading=\"lazy\" decoding=\"async\" src=\"https:\/\/www.vorspeisenplatte.de\/speisen\/archiv\/250521_04_Wittelsbacherbr.jpg\" alt=\"Erh\u00f6hter Blick auf Uferbefestigung und Fluss unter wolkigem Himmel, im Hintergrund Kircht\u00fcrme\" width=\"466\" height=\"532\" class=\"alignnone size-full wp-image-108735\" \/><\/a><\/p>\n<p><a href=\"https:\/\/www.vorspeisenplatte.de\/speisen\/archiv\/250521_05_BraunauerEisenbahnbr.jpg\"><img loading=\"lazy\" decoding=\"async\" src=\"https:\/\/www.vorspeisenplatte.de\/speisen\/archiv\/250521_05_BraunauerEisenbahnbr.jpg\" alt=\"Breiter Fu\u00dfweg in Wiese, darauf zwei Menschen von hinten, im Hintergrund eine Eisenbahnbr\u00fccke und die Kamine eines Kraftwerks\" width=\"534\" height=\"442\" class=\"alignnone size-full \" \/><\/a><\/p>\n<p><a href=\"https:\/\/www.vorspeisenplatte.de\/speisen\/archiv\/250521_06_Flaucher.jpg\"><img loading=\"lazy\" decoding=\"async\" src=\"https:\/\/www.vorspeisenplatte.de\/speisen\/archiv\/250521_06_Flaucher.jpg\" alt=\"Wei\u00df bl\u00fchender Busch an Fu\u00dfpfad in Wiese, dar\u00fcber d\u00fcsterer Himmel\" width=\"541\" height=\"409\" class=\"alignnone size-full \" \/><\/a><\/p>\n<p>Mein Referenz-Wei\u00dfdorn.<\/p>\n<p><a href=\"https:\/\/www.vorspeisenplatte.de\/speisen\/archiv\/250521_09_Flaucher.jpg\"><img loading=\"lazy\" decoding=\"async\" src=\"https:\/\/www.vorspeisenplatte.de\/speisen\/archiv\/250521_09_Flaucher.jpg\" alt=\"Kies-Ebene unter d\u00fcsterem Himmel, im Vordergrund das Wurzelende eines angeschwemmten Baumstamms, im Hintergrund ein Hochhaus\" width=\"423\" height=\"564\" class=\"alignnone size-full wp-image-108738\" \/><\/a><\/p>\n<p><a href=\"https:\/\/www.vorspeisenplatte.de\/speisen\/archiv\/250521_10_Flaucher.jpg\"><img loading=\"lazy\" decoding=\"async\" src=\"https:\/\/www.vorspeisenplatte.de\/speisen\/archiv\/250521_10_Flaucher.jpg\" alt=\"Breiter Holzsteg, der sich in Knicken \u00fcber ein Flussbett windet und in gr\u00fcnen B\u00e4umen unter d\u00fcsterem Himmel endet\" width=\"481\" height=\"479\" class=\"alignnone size-full wp-image-108739\" srcset=\"https:\/\/www.vorspeisenplatte.de\/speisen\/archiv\/250521_10_Flaucher.jpg 481w, https:\/\/www.vorspeisenplatte.de\/speisen\/archiv\/250521_10_Flaucher-150x150.jpg 150w, https:\/\/www.vorspeisenplatte.de\/speisen\/archiv\/250521_10_Flaucher-144x144.jpg 144w\" sizes=\"auto, (max-width: 481px) 100vw, 481px\" \/><\/a><\/p>\n<p>Einige der geplanten Handgriffe standen bereits vor meinem Aufbruch in die Arbeit an (Pr\u00e4parieren Vase f\u00fcr die Rosen). Ich nahm das Rad zur Umsetzung weiter Tagesprogrammpunkte.<\/p>\n<p>M\u00fcde im B\u00fcro eingetroffen, erstmal ging ich zu Abholung und Neueinrichtung meines Laptops. Ich erledigte von Letzterem so viel wie m\u00f6glich dr\u00fcben bei den IT-Kollegen, um einerseits bei Problemen gleich Hilfe zu haben, andererseits die heilenden IT-Fach-Vibes abzugreifen: Wir wissen ja alle, dass allein die physische Pr\u00e4senz eines IT-Fachmenschen selbst hartn\u00e4ckige und reproduzierbare Probleme in Luft verschwinden lassen kann (noch zuverl\u00e4ssiger, wenn er\/sie \u00fcber die Schulter schaut). Funktionierte ok, fehlende Profile\/Bookmarks bemerkte ich nat\u00fcrlich erst zur\u00fcck am Arbeitsplatz.<\/p>\n<p>Wie viel von den ge\u00e4nderten Funktionen und Ansichten sind wohl einer wirklich zielgerichteten Weiterentwicklung geschuldet, wie viel nur der Haltung &#8220;das k\u00f6nnen wir doch nicht einfach so lassen, sonst merkt ja niemand, dass wir ihnen was Neues verkauft haben!&#8221;? Ich versuchte mir bei so manchem Fluchen vor Augen zu halten, dass 1) es ganz sicher Menschen gab, die das in dieser neuen Form viel besser fanden, 2) mir manches schwerfiel, weil die Vorl\u00e4uferfunktion so schlimm gewesen war, dass ich mir seit Jahren einen Work-around zurechtgelegt hatte, der halt jetzt nicht mehr ging, aber ohnehin nie vorgesehen war, 3) der Mensch mit so ziemlich allem irgendwann zurecht kommt und Microsoft ein einziger Gro\u00dfversuch zum Beleg dieser These ist.<\/p>\n<p>Eher durcheinanderes Arbeiten bis Mittag. Dann stempelte ich aus und radelte in die Stadtmitte, holte den Strau\u00df mit 32 Rosen ab, den ich am Samstag bestellt hatte. Das war ja vor ein paar Jahren ein weiterer Entwicklungsschritt in den Rosentags-Ritualen: dass ich vorsichtshalber bestellte, weil ich nicht mehr sicher sein konnte, dass der Blumenh\u00e4ndler die gew\u00fcnschte Anzahl vorr\u00e4tig hatte. Was ich ich nicht auf dem Schirm hatte: Wie schwer so ein Rosenstrau\u00df bei steigender St\u00fcckzahl irgendwann wird. Ich transportierte ihn wie geplant liegend auf meinem Fahrradkorb nach Hause, das Rad schob ich. <\/p>\n<p><a href=\"https:\/\/www.vorspeisenplatte.de\/speisen\/archiv\/250521_17_Rosen32.jpg\"><img loading=\"lazy\" decoding=\"async\" src=\"https:\/\/www.vorspeisenplatte.de\/speisen\/archiv\/250521_17_Rosen32.jpg\" alt=\"Aufsicht auf 32 rote Rosenk\u00f6pfe vor Riemchenparkett, dahinter die Bl\u00e4tter einer Topfpflanze\" width=\"363\" height=\"484\" class=\"alignnone size-full wp-image-108740\" \/><\/a><\/p>\n<p>Rosenstrau\u00df in bereitstehender Vase anrichten, Zur\u00fcckradeln in die Arbeit, wieder besprutzelt von vereinzelten Regentropfen. Dort musste ich erstmal einiges fortarbeiten, bevor ich zu meinem Mittagessen kam: Mango mit Sojajoghurt, ein Bissen Haferriegel (eigentlich eiserne Reserve, doch er lag schon zu lang \u00fcberm Mindesthaltbarkeitsdatum in der Schreibtischschublade).<\/p>\n<p>Schleppendes Arbeiten am Nachmittag, ich f\u00fchlte mich so unkonzentriert benommen, als h\u00e4tte ich nur drei Stunden geschlafen. Doch auch dieser Arbeitstag endete: Ich radelte heim, nahm Herrn Kaltmamsell in die Arme und gratulierte uns beiden zum Rosentag (<a href=\"https:\/\/www.vorspeisenplatte.de\/speisen\/2009\/05\/heute-ist-rosentag.htm\" target=\"_blank\" rel=\"noopener\">seine Geschichte<\/a>, <a href=\"https:\/\/www.vorspeisenplatte.de\/speisen\/2010\/05\/heute-ist-wieder-rosentag.htm\" target=\"_blank\" rel=\"noopener\">meine Geschichte<\/a>).<\/p>\n<p>Diesmal feierten wir am Tag selbst, mitten unter der Woche: Ich f\u00fchrte Herrn Kaltmamsell <a href=\"https:\/\/ruedeshalles.de\/\" target=\"_blank\">nach Haidhausen ins Rue des Halles<\/a> aus. Highlight war bereits die Tramfahrt dorthin: Die Linie 17 f\u00e4hrt nach vielen Jahren Baustelle endlich wieder \u00fcber die Ludwigsbr\u00fccke und direkt zum Wiener Platz.<\/p>\n<p>Der Gastraum war sehr lebhaft: Zwei gro\u00dfe Tafeln waren f\u00fcr eine Festgesellschaft eingedeckt. Doch unser Abend war in keiner Weise davon beeintr\u00e4chtigt, wir wurde aufmerksam und liebevoll umsorgt.<\/p>\n<p>Es gab einen Cremant ros\u00e9 zum Ansto\u00dfen, einen sch\u00f6n leichten Beaujolais Domaines Burrier Fleurie zum Essen (mitten unter der Woche!): Entenleber als Vorspeise f\u00fcr mich, gegen\u00fcber eine kleine Bouillabaisse, als Hauptgereicht teilten wir uns ein gro\u00dfes St\u00fcck Bavette.<\/p>\n<p><a href=\"https:\/\/www.vorspeisenplatte.de\/speisen\/archiv\/250521_23_RuedesHalles.jpg\"><img loading=\"lazy\" decoding=\"async\" src=\"https:\/\/www.vorspeisenplatte.de\/speisen\/archiv\/250521_23_RuedesHalles.jpg\" alt=\"Aufsicht auf einen gedeckten Tisch, darauf eine Platte mit Streifen gebratenem Rindfleisch, Tellern mit Gem\u00fcse, gef\u00fcllten Rotweingl\u00e4sern, dahinter sitzt ein Mann in wei\u00dfem Hemd\" width=\"363\" height=\"470\" class=\"alignnone size-full wp-image-108741\" \/><\/a><\/p>\n<p>Dessert: Cr\u00e8me br\u00fbl\u00e9e f\u00fcr Herrn Kaltmamsell, Tarte Tatin f\u00fcr mich (besonders gut), dazu teilten wir uns noch ein Glas S\u00fc\u00dfwein.<\/p>\n<p>Die Tram 17 schaukelte uns unter noch nicht ganz dunklem Himmel heim (und das trotz d\u00fcsterem Wetter &#8211; ich genie\u00dfe die langen Tage so sehr). Wir stellten unsere Wecker f\u00fcr etwas mehr Schlaf vor: Ich muss heute ohnehin wegen Handwerkerbesuch von daheim arbeiten, Herr Kaltmamsell kann sp\u00e4ter los, weil er statt in die Schule auf eine Fortbildung geht.<\/p>\n<p>\u00a7<\/p>\n<p>Tipp vom Bayerischen Rundfunk (wirklich einfach nachzumachen):<br \/>\n<a href=\"https:\/\/www.br.de\/nachrichten\/netzwelt\/meta-nutzt-ihre-daten-zum-ki-training-so-kann-man-widersprechen,UlpB1AR?\" target=\"_blank\">&#8220;Meta nutzt Ihre Daten zum KI-Training: So kann man widersprechen&#8221;.<\/a> <img loading=\"lazy\" decoding=\"async\" src=\"https:\/\/vg05.met.vgwort.de\/na\/f27755c3e054474aaedceea9c6d35c9f\" width=\"1\" height=\"1\" alt=\"\"\/><\/p>\n","protected":false},"excerpt":{"rendered":"<p>Sehr fr\u00fcher Wecker f\u00fcr eine Laufrunde vor der Arbeit, ich konnte bereits die Stunde davor nicht mehr schlafen. Das Drau\u00dfen d\u00fcster und wenig einladend, doch es war nicht wirklich kalt und roch gut nach Wachstum. Auf den ersten Metern erwischten mich ein paar Regentropfen, aber ich wusste ja, dass das leider kein echter Regen werden [&hellip;]<\/p>\n","protected":false},"author":2,"featured_media":0,"comment_status":"open","ping_status":"closed","sticky":false,"template":"","format":"standard","meta":{"footnotes":""},"categories":[6,2,1],"tags":[],"class_list":["post-108719","post","type-post","status-publish","format-standard","hentry","category-essen","category-fotos","category-general"],"_links":{"self":[{"href":"https:\/\/www.vorspeisenplatte.de\/speisen\/wp-json\/wp\/v2\/posts\/108719","targetHints":{"allow":["GET"]}}],"collection":[{"href":"https:\/\/www.vorspeisenplatte.de\/speisen\/wp-json\/wp\/v2\/posts"}],"about":[{"href":"https:\/\/www.vorspeisenplatte.de\/speisen\/wp-json\/wp\/v2\/types\/post"}],"author":[{"embeddable":true,"href":"https:\/\/www.vorspeisenplatte.de\/speisen\/wp-json\/wp\/v2\/users\/2"}],"replies":[{"embeddable":true,"href":"https:\/\/www.vorspeisenplatte.de\/speisen\/wp-json\/wp\/v2\/comments?post=108719"}],"version-history":[{"count":3,"href":"https:\/\/www.vorspeisenplatte.de\/speisen\/wp-json\/wp\/v2\/posts\/108719\/revisions"}],"predecessor-version":[{"id":108751,"href":"https:\/\/www.vorspeisenplatte.de\/speisen\/wp-json\/wp\/v2\/posts\/108719\/revisions\/108751"}],"wp:attachment":[{"href":"https:\/\/www.vorspeisenplatte.de\/speisen\/wp-json\/wp\/v2\/media?parent=108719"}],"wp:term":[{"taxonomy":"category","embeddable":true,"href":"https:\/\/www.vorspeisenplatte.de\/speisen\/wp-json\/wp\/v2\/categories?post=108719"},{"taxonomy":"post_tag","embeddable":true,"href":"https:\/\/www.vorspeisenplatte.de\/speisen\/wp-json\/wp\/v2\/tags?post=108719"}],"curies":[{"name":"wp","href":"https:\/\/api.w.org\/{rel}","templated":true}]}}